{"id":92980,"date":"2025-11-21T14:35:17","date_gmt":"2025-11-21T14:35:17","guid":{"rendered":"https:\/\/www.europesays.com\/no\/92980\/"},"modified":"2025-11-21T14:35:17","modified_gmt":"2025-11-21T14:35:17","slug":"signaler-om-rentekutt-roer-nervene-wall-street-stiger-fra-start-e24","status":"publish","type":"post","link":"https:\/\/www.europesays.com\/no\/92980\/","title":{"rendered":"Signaler om rentekutt roer nervene \u2013 Wall Street stiger fra start \u2013 E24"},"content":{"rendered":"<p class=\"fullWidthDesktop hyperion-css-71ztg2\" data-test-tag=\"lead-text\">Fed-topp ser rom for rentekutt p\u00e5 kort sikt. Det bedrer stemningen p\u00e5 Wall Street etter en tung uke.<\/p>\n<p><img decoding=\"async\" class=\"image-asset hyperion-css-u06ts1\" data-test-tag=\"image-asset\" src=\"https:\/\/www.europesays.com\/no\/wp-content\/uploads\/2025\/11\/14f67e48-dea4-4f1b-8269-a8f7447c0178.jpeg\"  alt=\"En trader inne p\u00e5 New York-b\u00f8rsen.\"  loading=\"eager\" fetchpriority=\"high\" style=\"aspect-ratio:1900 \/ 1267\"\/>En trader inne p\u00e5 New York-b\u00f8rsen. Foto: Richard Drew \/ AP \/ NTBPublisert: <\/p>\n<p>I dag 10:46<\/p>\n<p>Oppdatert n\u00e5 nettopp<\/p>\n<ul class=\"hyperion-css-pte5x0\">\n<li aria-label=\"link\" class=\"narrow-button hyperion-css-1sz7d3n\">Kopier lenke<\/li>\n<li aria-label=\"link\" class=\"wide-button hyperion-css-1sz7d3n\">Kopier lenke<\/li>\n<li aria-label=\"facebook\" class=\"narrow-button hyperion-css-1sz7d3n\">Del p\u00e5 Facebook<\/li>\n<li aria-label=\"facebook\" class=\"wide-button hyperion-css-1sz7d3n\">Del p\u00e5 Facebook<\/li>\n<li aria-label=\"email\" class=\"narrow-button hyperion-css-1sz7d3n\">Del med e-post<\/li>\n<li aria-label=\"email\" class=\"wide-button hyperion-css-1sz7d3n\">Del med e-post<\/li>\n<\/ul>\n<p class=\"hyperion-css-1lemvax\">AI-uro har preget b\u00f8rsene denne uken. Den <a data-test-tag=\"internal-link\" href=\"https:\/\/e24.no\/i\/2pnBQr\/nvidia-fest-paa-wall-street-stiger-5-prosent-fra-start\" class=\"hyperion-css-1rezu2g\" rel=\"nofollow noopener\" target=\"\" aria-label=\"blusset opp igjen\">blusset opp igjen<\/a> og ga kraftig tek-fall p\u00e5 Wall Street torsdag kveld, tross sterke kvartalstall fra AI-giganten Nvidia kvelden f\u00f8r.<\/p>\n<p class=\"hyperion-css-1lemvax\">Det kan bli en av en av de d\u00e5rligste ukene p\u00e5 lenge for de amerikanske aksjemarkedene.<\/p>\n<p class=\"hyperion-css-1lemvax\"><strong>Uttalelser fra en av USAs sentralbanktopper har fredag ettermiddag l\u00f8ftet stemningen i markedet og gitt \u00f8kt tro p\u00e5 rentekutt i desember.<\/strong><\/p>\n<p class=\"hyperion-css-1lemvax\">Slik ser det ut p\u00e5 Wall Street i \u00e5pningsminuttene: <\/p>\n<ul class=\"hyperion-css-pkq1ci\" data-test-tag=\"list\">\n<li class=\"hyperion-css-12h2ush\">S&amp;P 500 er opp 0,4 prosent<\/li>\n<li class=\"hyperion-css-12h2ush\">Nasdaq er opp 0,4 prosent<\/li>\n<li class=\"hyperion-css-12h2ush\">Dow Jones er opp 0,3 prosent<\/li>\n<\/ul>\n<p><a data-test-tag=\"teaser-small:link-internal\" href=\"https:\/\/e24.no\/boers-og-finans\/i\/e7WJWl\/dnb-forvalter-slik-utnytter-vi-boersuro\" class=\"imagePosition-top inline hyperion-css-6238vu\" rel=\"nofollow noopener\" target=\"\" aria-label=\"DNB-forvalter: Slik utnytter vi b\u00f8rsuro\"><\/p>\n<p>Les p\u00e5 E24+<\/p>\n<p>DNB-forvalter: Slik utnytter vi b\u00f8rsuro<\/p>\n<p><\/a><\/p>\n<p class=\"hyperion-css-1lemvax\">F\u00f8r fredagens handel l\u00e5 det an til at dette kan bli den svakeste uken for b\u00e5de S&amp;P 500 og Nasdaq siden helt i starten av april. Da stupte b\u00f8rsene etter tollsjokket fra Donald Trump. <\/p>\n<p class=\"hyperion-css-1lemvax\">Til og med torsdag var nedgangen for S&amp;P 500 2,9 prosent denne uken. Nasdaq har falt 3,59 prosent de fire f\u00f8rste dagene av uken, og Dow Jones har falt 2,96 prosent.<\/p>\n<p class=\"hyperion-css-1lemvax\"><a data-test-tag=\"internal-link\" href=\"https:\/\/e24.no\/boers-og-finans\/i\/43j3Ka\/nytt-bitcoin-fall-ned-over-40000-dollar-paa-under-en-maaned\" class=\"hyperion-css-1rezu2g\" rel=\"nofollow noopener\" target=\"\" aria-label=\"Bitcoin har rast\">Bitcoin har rast<\/a> i takt med uroen i aksjemarkedet. Prisen har v\u00e6rt under 82.000 dollar fredag.<\/p>\n<p>Fed-topp ser rom for rentekutt<\/p>\n<p class=\"hyperion-css-1lemvax\">Den amerikanske sentralbanktoppen John C. Williams, som leder Fed i New York, sier i en tale fredag at arbeidsmarkedet gradvis har kj\u00f8lt seg ned i USA. Hans vurdering er at nedsiderisiskoen for sysselsettingen har \u00f8kt noe, mens oppsiderisikoen for prisveksten har avtatt.<\/p>\n<p class=\"hyperion-css-1lemvax\">\u2013 Jeg ser fortsatt rom for videre justering av renten p\u00e5 kort sikt, for \u00e5 \u00e5 flytte pengepolitikken n\u00e6rmere et n\u00f8ytralt omr\u00e5de, sier Williams i talen.<\/p>\n<p><img decoding=\"async\" class=\"image-asset hyperion-css-u06ts1\" data-test-tag=\"image-asset\" src=\"https:\/\/www.europesays.com\/no\/wp-content\/uploads\/2025\/11\/84fbe96a-1ee4-429a-9413-61073f1e1eab\"  alt=\"John C. Williams leder Federal Reserve Bank of New York.\"  loading=\"eager\" fetchpriority=\"high\" style=\"aspect-ratio:1900 \/ 1267\"\/>John C. Williams leder Federal Reserve Bank of New York. Foto: APU GOMES \/ AFP \/ NTB<\/p>\n<p class=\"hyperion-css-1lemvax\"><strong>Troen p\u00e5 rentekutt \u00f8kte etter uttalelsene til Fed-toppen, og stemningen p\u00e5 Wall Street tok seg opp.<\/strong><\/p>\n<p class=\"hyperion-css-1lemvax\">I markedet prises det n\u00e5 inne rundt 70 prosent sjanse for kutt, mens det kun var priset inn 40 prosent sjanse i forkant av uttalelsene.<\/p>\n<p class=\"hyperion-css-1lemvax\">Det er knyttet stor spenning om det blir kutt eller ikke p\u00e5 neste rentem\u00f8te i USA 10. desember. Williams er et av medlemmene i rentekomiteen.<\/p>\n<p class=\"hyperion-css-1lemvax\">Utviklingen i arbeidsmarkedet er en viktig faktor for Arbeidsmarkedsrapporten Nonfarm payrolls kom torsdag, med tall for september som var forsinket p\u00e5 grunn av nedstengingen.<\/p>\n<p class=\"hyperion-css-1lemvax\">P\u00e5 den ene siden var jobbveksten sterkere enn ventet den m\u00e5neden. P\u00e5 motsatt side steg arbeidsledigheten, og jobbveksten i tidligere m\u00e5neder ble nedrevidert.<\/p>\n<p>\u2013 Terskelen har blitt h\u00f8yere<\/p>\n<p class=\"hyperion-css-1lemvax\">Nerv\u00f8siteten som har preget markedet de siste dagene stammer AI-euforien som har bidratt til sterk oppgang for teknologi-kjempene, og Wall Street som helhet, det siste halv\u00e5ret.<\/p>\n<p class=\"hyperion-css-1lemvax\">\u2013 Det virker som terskelen for \u00e5 overbevise investorene om at euforien skal bl\u00e5se videre har blitt mye h\u00f8yere, sier Christian Lie, sjefstrateg i Formue, til E24.<\/p>\n<p class=\"hyperion-css-1lemvax\">Investorene har i november blitt mer bekymret for de enorme summene som investeres i AI, og hvorvidt det vil gi fremtidig inntjening som kan forsvare pengebruken. De store teknologiselskapene er ogs\u00e5 h\u00f8yt priset etter mye oppgang. Lie p\u00e5peker at disse selskapene n\u00e5 bruker mer gjeld og fri kontantstr\u00f8m p\u00e5 investeringer.<\/p>\n<p class=\"hyperion-css-1lemvax\">Nils Kristian Knudsen, sjefstrateg for aksjer, valuta og renter i Handelsbanken, tror investorene har blitt mer ut\u00e5lmodige etter svar om AI-investeringene.<\/p>\n<p class=\"hyperion-css-1lemvax\">\u2013 Vi skal v\u00e6re forberedt p\u00e5 at det vil svinge litt mer fremover, sier Knudsen til E24.<\/p>\n<p class=\"hyperion-css-1lemvax\">Mange analytikere understrekere samtidig at de ikke ser dette som starten p\u00e5 en st\u00f8rre nedtur, men heller en sunn korreksjon etter lengre tid med oppgang.<\/p>\n<p>Nvidia-svingninger<\/p>\n<p class=\"hyperion-css-1lemvax\">Nvidia, verdens mest verdifulle selskap, har f\u00e5tt mye oppmerksomhet denne uken.<\/p>\n<p class=\"hyperion-css-1lemvax\">Aksjen er opp rundt \u00e9n prosent i f\u00f8rhandelen fredag, etter den plutselige nedturen i g\u00e5r kveld.<\/p>\n<p class=\"hyperion-css-1lemvax\">Mange var spent p\u00e5 om kvartalsresultatene onsdag kveld kunne sette en ny kurs for markedsstemningen. Nvidia-aksjen steg f\u00f8rst etter tallslippet. Databrikkeselskapet, som har blitt selve symbolet p\u00e5 AI-boomen, leverte enda sterkere oppgang enn ventet for b\u00e5de inntekter og resultat.<\/p>\n<p class=\"hyperion-css-1lemvax\">Det begynte ogs\u00e5 med solid oppgang p\u00e5 b\u00f8rsen torsdag, men utover handelsdagen snudde stemningen nedover. Nvida endte g\u00e5rsdagen med et fall p\u00e5 3,15 prosent.<\/p>\n","protected":false},"excerpt":{"rendered":"Fed-topp ser rom for rentekutt p\u00e5 kort sikt. Det bedrer stemningen p\u00e5 Wall Street etter en tung uke.&hellip;\n","protected":false},"author":2,"featured_media":92809,"comment_status":"","ping_status":"","sticky":false,"template":"","format":"standard","meta":{"footnotes":""},"categories":[56],"tags":[60,61,62,30,28,29],"class_list":{"0":"post-92980","1":"post","2":"type-post","3":"status-publish","4":"format-standard","5":"has-post-thumbnail","7":"category-naeringsliv","8":"tag-business","9":"tag-economy","10":"tag-naeringsliv","11":"tag-no","12":"tag-norge","13":"tag-norway"},"share_on_mastodon":{"url":"https:\/\/pubeurope.com\/@no\/115588191175193126","error":""},"_links":{"self":[{"href":"https:\/\/www.europesays.com\/no\/wp-json\/wp\/v2\/posts\/92980","targetHints":{"allow":["GET"]}}],"collection":[{"href":"https:\/\/www.europesays.com\/no\/wp-json\/wp\/v2\/posts"}],"about":[{"href":"https:\/\/www.europesays.com\/no\/wp-json\/wp\/v2\/types\/post"}],"author":[{"embeddable":true,"href":"https:\/\/www.europesays.com\/no\/wp-json\/wp\/v2\/users\/2"}],"replies":[{"embeddable":true,"href":"https:\/\/www.europesays.com\/no\/wp-json\/wp\/v2\/comments?post=92980"}],"version-history":[{"count":0,"href":"https:\/\/www.europesays.com\/no\/wp-json\/wp\/v2\/posts\/92980\/revisions"}],"wp:featuredmedia":[{"embeddable":true,"href":"https:\/\/www.europesays.com\/no\/wp-json\/wp\/v2\/media\/92809"}],"wp:attachment":[{"href":"https:\/\/www.europesays.com\/no\/wp-json\/wp\/v2\/media?parent=92980"}],"wp:term":[{"taxonomy":"category","embeddable":true,"href":"https:\/\/www.europesays.com\/no\/wp-json\/wp\/v2\/categories?post=92980"},{"taxonomy":"post_tag","embeddable":true,"href":"https:\/\/www.europesays.com\/no\/wp-json\/wp\/v2\/tags?post=92980"}],"curies":[{"name":"wp","href":"https:\/\/api.w.org\/{rel}","templated":true}]}}