{"id":92987,"date":"2025-11-21T14:43:12","date_gmt":"2025-11-21T14:43:12","guid":{"rendered":"https:\/\/www.europesays.com\/no\/92987\/"},"modified":"2025-11-21T14:43:12","modified_gmt":"2025-11-21T14:43:12","slug":"elon-musk-svarer-billie-eilish-en-milliardaer-mot-superstjernen","status":"publish","type":"post","link":"https:\/\/www.europesays.com\/no\/92987\/","title":{"rendered":"Elon Musk svarer Billie Eilish: En milliard\u00e6r mot superstjernen"},"content":{"rendered":"<p class=\"kicker \" style=\"\">Billie Eilish og Elon Musk:\u00a0<\/p>\n<p>  Verdens rikeste mann svarer superstjernen: &#8211; Ikke den skarpeste kniven i skuffen.<\/p>\n<p>\n    VERDENS RIKESTE: Elon Musk regnes som verdens rikeste mann, med en formue p\u00e5 nesten fem tusen milliarder kroner. Foto: Allison Robbert \/ NTB\n  <\/p>\n<p>Tech-billion\u00e6ren Elon Musk (54) svarer hardt tilbake mot superstjernen Billie Eilish (23).<\/p>\n<p>    <a itemprop=\"url\" href=\"https:\/\/www.seher.no\/kjendis\/dodsarsak-fastslatt\/83867705\" rel=\"nofollow noopener\" target=\"_blank\"><\/p>\n<p>      <img loading=\"lazy\" decoding=\"async\" src=\"https:\/\/www.europesays.com\/no\/wp-content\/uploads\/2025\/11\/1763736190_866_83872029.webp\" width=\"980\" height=\"441\" title=\"D\u00f8de: - Fikk ikke puste\" alt=\"\" class=\"lazyload\" style=\"--aspect-ratio-image: 2.22; \"\/><\/p>\n<p>        D\u00f8de: &#8211; Fikk ikke puste<\/p>\n<p>    <\/a><\/p>\n<p> Etter at \u00abBirds of a Feather\u00bb-sangeren gikk til et hissig angrep og kalte en navnl\u00f8s milliard\u00e6r for blant annet \u00abpathetic, cowardly son of a bitch\u00bb p\u00e5 Instagram, som p\u00e5 norsk kan oversettes til \u00abpatetisk, feig j\u00e6vel\u00bb, var det liten tvil om hvem hun siktet til. <\/p>\n<p>          <img loading=\"lazy\" decoding=\"async\" src=\"https:\/\/www.europesays.com\/no\/wp-content\/uploads\/2025\/11\/83872318.webp\" width=\"686\" height=\"913\" title=\"KRITISERER: Billie Eilish har i stadig st\u00f8rre grad brukt plattformen sin til \u00e5 rette s\u00f8kelyset mot ekstreme formuer, senest da hun utfordret milliard\u00e6rer mens hun mottok prisen \u00abMusic Innovator Award\u00bb under \u00abWall Street Journal Magazines Innovator Awards\u00bb. Foto: Joe Schildhorn\/BFA.com\/Shutterstock via NTB\" alt=\"\" class=\"\" style=\"--aspect-ratio-image: 0.75; \"\/><\/p>\n<p>\n          KRITISERER: Billie Eilish har i stadig st\u00f8rre grad brukt plattformen sin til \u00e5 rette s\u00f8kelyset mot ekstreme formuer, senest da hun utfordret milliard\u00e6rer mens hun mottok prisen \u00abMusic Innovator Award\u00bb under \u00abWall Street Journal Magazines Innovator Awards\u00bb. Foto: Joe Schildhorn\/BFA.com\/Shutterstock via NTB\n      <\/p>\n<p> N\u00e5 svarer Elon Musk med stikk mot sangeren. <\/p>\n<p>Under et innlegg fra en Billie-fan p\u00e5<a href=\"https:\/\/x.com\/billieeilishtrs\" rel=\"nofollow\"> X (tidligere Twitter)<\/a> skrev Musk t\u00f8rt:<br \/>\n\u00abShe\u2019s not the sharpest tool in the shed\u00bb, som kan oversettes til \u00abHun er ikke den skarpeste kniven i skuffen\u00bb.<\/p>\n<p>          <img loading=\"lazy\" decoding=\"async\" src=\"https:\/\/www.europesays.com\/no\/wp-content\/uploads\/2025\/11\/83872301.webp\" width=\"686\" height=\"392\" title=\"STIKK: Elon Musk regnes som verdens rikeste mann med en estirmert formue p\u00e5 470,5 milliarder dollar. Foto: Skjermbilde \/ X\" alt=\"\" class=\"\" style=\"--aspect-ratio-image: 1.75; \"\/><\/p>\n<p>\n          STIKK: Elon Musk regnes som verdens rikeste mann med en estirmert formue p\u00e5 470,5 milliarder dollar. Foto: Skjermbilde \/ X\n      <\/p>\n<p>For bare noen dager siden delte Billie en serie Instagram-stories med statistikk fra interessegruppa MyVoiceMyChoice, som synliggj\u00f8r hva Musks enorme formue teoretisk sett kunne dekket:<\/p>\n<p>        EN FAVORITT: \u00abCharterfeber\u00bb-s\u00f8strene Gry Lofsberg og Nina Pedersen Ellevog er kjent for en helt spesiell ting. Video: Kine Falch \/ R\u00f8d L\u00f8per<\/p>\n<ul class=\"font-weight-bold m-font-weight-bold\" data-lab-font_weight=\"font-weight-bold\">\n<li>\n<p>40 milliarder dollar i \u00e5ret kan avskaffe sult innen 2030<\/p>\n<\/li>\n<li>\n<p>140 milliarder dollar kan gi trygt drikkevann til hele kloden i sju \u00e5r<\/p>\n<\/li>\n<li>\n<p>1-2 milliarder dollar \u00e5rlig kan redde alle kritisk truede dyrearter<\/p>\n<\/li>\n<li>\n<p>53,2 milliarder dollar kan gjenoppbygge Gaza og Vestbredden<\/p>\n<\/li>\n<\/ul>\n<p>    <a itemprop=\"url\" href=\"https:\/\/www.seher.no\/kjendis\/svarer-pa-ryktene\/83864882\" rel=\"nofollow noopener\" target=\"_blank\"><\/p>\n<p>      <img loading=\"lazy\" decoding=\"async\" src=\"https:\/\/www.europesays.com\/no\/wp-content\/uploads\/2025\/11\/1763736191_320_83865006.webp\" width=\"980\" height=\"441\" title=\"Svarer p\u00e5 ryktene\" alt=\"\" class=\"lazyload\" style=\"--aspect-ratio-image: 2.22; \"\/><\/p>\n<p>        Svarer p\u00e5 ryktene<\/p>\n<p>    <\/a><\/p>\n<p> Forrige uke sto Eilish p\u00e5 scenen foran blant andre\u00a0\u00abStar Wars\u00bb-skaper George Lucas (81) og Facebook-gr\u00fcnder Mark Zuckerberg (41), alle med formuer p\u00e5 flere milliarder, da hun spurte rett ut: <\/p>\n<p>          <img loading=\"lazy\" decoding=\"async\" src=\"https:\/\/www.europesays.com\/no\/wp-content\/uploads\/2025\/11\/83872441.webp\" width=\"686\" height=\"796\" title=\"MILLIARDER: Blant de profilerte gjestene p\u00e5 \u00abMusic Inventor Award\u00bb var \u00abStar Wars\u00bb-skaper George Lucas. Han har en estimert formue p\u00e5 hele 52 milliarder kroner. Foto: Ouzounova \/ SplashNews.com via NTB\" alt=\"\" class=\"\" style=\"--aspect-ratio-image: 0.86; \"\/><\/p>\n<p>\n          MILLIARDER: Blant de profilerte gjestene p\u00e5 \u00abMusic Inventor Award\u00bb var \u00abStar Wars\u00bb-skaper George Lucas. Han har en estimert formue p\u00e5 hele 52 milliarder kroner. Foto: Ouzounova \/ SplashNews.com via NTB\n      <\/p>\n<p class=\"font-weight-bold m-font-weight-bold\" data-lab-font_weight=\"font-weight-bold\">\u00abHvis du er milliard\u00e6r, hvorfor er du milliard\u00e6r? Gi pengene dine bort!\u00bb.<\/p>\n<p>          <img loading=\"lazy\" decoding=\"async\" src=\"https:\/\/www.europesays.com\/no\/wp-content\/uploads\/2025\/11\/83884707.webp\" width=\"686\" height=\"529\" title=\"SL\u00c5R HARDT: Billie Eilish er ikke redd for \u00e5 kritisere de rike og mektige. Foto: NTB\" alt=\"\" class=\"\" style=\"--aspect-ratio-image: 1.30; \"\/><\/p>\n<p>\n          SL\u00c5R HARDT: Billie Eilish er ikke redd for \u00e5 kritisere de rike og mektige. Foto: NTB\n      <\/p>\n<p>Men Billie bruker ikke bare sterke ord, hun handler ogs\u00e5.\u00a0<\/p>\n<p>Under prisutdelingen \u00abMusic Innovator Award\u00bb avsl\u00f8rte programleder Stephen Colbert (61) at superstjernen allerede har samlet inn over 11,5 millioner dollar gjennom \u00abHit Me Hard and Soft\u00bb-turneen. Og at pengene skal g\u00e5 til organisasjoner som jobber med matsikkerhet og klimakrise.<\/p>\n<p> I 2020 ble det estimert at artisten var god for hele 53 millioner dollar, if\u00f8lge\u00a0<a href=\"https:\/\/www.forbes.com\/profile\/billie-eilish\/#34aee861610c\" target=\"_blank\" rel=\"nofollow noopener\">Forbes<\/a>. <\/p>\n","protected":false},"excerpt":{"rendered":"Billie Eilish og Elon Musk:\u00a0 Verdens rikeste mann svarer superstjernen: &#8211; Ikke den skarpeste kniven i skuffen. VERDENS&hellip;\n","protected":false},"author":2,"featured_media":92988,"comment_status":"","ping_status":"","sticky":false,"template":"","format":"standard","meta":{"footnotes":""},"categories":[12],"tags":[6991,20,21,129,24,25,15,479,2543,22,23,13,30,28,29,14,16,26,27,42,43,44,45],"class_list":{"0":"post-92987","1":"post","2":"type-post","3":"status-publish","4":"format-standard","5":"has-post-thumbnail","7":"category-verden","8":"tag-billie-eilish","9":"tag-breaking-news","10":"tag-breakingnews","11":"tag-elon-musk","12":"tag-featured-news","13":"tag-featurednews","14":"tag-headlines","15":"tag-kjendis","16":"tag-kjendisdesken","17":"tag-latest-news","18":"tag-latestnews","19":"tag-news","20":"tag-no","21":"tag-norge","22":"tag-norway","23":"tag-nyheter","24":"tag-overskrifter","25":"tag-top-stories","26":"tag-topstories","27":"tag-verden","28":"tag-world","29":"tag-world-news","30":"tag-worldnews"},"share_on_mastodon":{"url":"https:\/\/pubeurope.com\/@no\/115588222461758640","error":""},"_links":{"self":[{"href":"https:\/\/www.europesays.com\/no\/wp-json\/wp\/v2\/posts\/92987","targetHints":{"allow":["GET"]}}],"collection":[{"href":"https:\/\/www.europesays.com\/no\/wp-json\/wp\/v2\/posts"}],"about":[{"href":"https:\/\/www.europesays.com\/no\/wp-json\/wp\/v2\/types\/post"}],"author":[{"embeddable":true,"href":"https:\/\/www.europesays.com\/no\/wp-json\/wp\/v2\/users\/2"}],"replies":[{"embeddable":true,"href":"https:\/\/www.europesays.com\/no\/wp-json\/wp\/v2\/comments?post=92987"}],"version-history":[{"count":0,"href":"https:\/\/www.europesays.com\/no\/wp-json\/wp\/v2\/posts\/92987\/revisions"}],"wp:featuredmedia":[{"embeddable":true,"href":"https:\/\/www.europesays.com\/no\/wp-json\/wp\/v2\/media\/92988"}],"wp:attachment":[{"href":"https:\/\/www.europesays.com\/no\/wp-json\/wp\/v2\/media?parent=92987"}],"wp:term":[{"taxonomy":"category","embeddable":true,"href":"https:\/\/www.europesays.com\/no\/wp-json\/wp\/v2\/categories?post=92987"},{"taxonomy":"post_tag","embeddable":true,"href":"https:\/\/www.europesays.com\/no\/wp-json\/wp\/v2\/tags?post=92987"}],"curies":[{"name":"wp","href":"https:\/\/api.w.org\/{rel}","templated":true}]}}