{"id":93001,"date":"2025-11-21T14:57:08","date_gmt":"2025-11-21T14:57:08","guid":{"rendered":"https:\/\/www.europesays.com\/no\/93001\/"},"modified":"2025-11-21T14:57:08","modified_gmt":"2025-11-21T14:57:08","slug":"sophie-matlary-brudd-pa-menneskerettigheter","status":"publish","type":"post","link":"https:\/\/www.europesays.com\/no\/93001\/","title":{"rendered":"Sophie Matlary, Brudd p\u00e5 menneskerettigheter"},"content":{"rendered":"\n<p>For <a href=\"https:\/\/www.nettavisen.no\/norsk-debatt\/politikken-til-arbeiderpartiet-er-kun-for-eliten\/o\/5-95-2736555\" rel=\"Follow nofollow noopener\" target=\"_blank\">Ungarn trekkes ofte frem for sin utenrikspolitiske synlighet<\/a>, som Sophie Matlary skriver om i Nettavisen.<\/p>\n<p>Men det kommer med en pris.<\/p>\n<p><b>Og den prisen betales av menneskerettighetene.<\/b><\/p>\n<p><b>Dette er saken: <a href=\"https:\/\/www.nettavisen.no\/norsk-debatt\/politikken-til-arbeiderpartiet-er-kun-for-eliten\/o\/5-95-2736555\" rel=\"Follow nofollow noopener\" target=\"_blank\">Norge b\u00f8r se til Ungarn<\/a><\/b><\/p>\n<p>Etterforsker \u00abfiender\u00bb av staten<\/p>\n<p>I 2024 opprettet ungarske myndigheter et nytt \u00absuverenitetskontor\u00bb som etterforsker journalister, sivilsamfunn og kritikere som \u00abtrussel mot staten\u00bb.<\/p>\n<p>Dette er ikke et tegn p\u00e5 styrke, men p\u00e5 et land som aktivt fors\u00f8ker \u00e5 kneble frie stemmer. Uavhengige organisasjoner blir offentlig stemplet som utenlandske agenter som \u00abskader Ungarn\u00bb.<\/p>\n<p><b>Dette er virkemidler vi vanligvis forbinder med autorit\u00e6re regimer.<\/b><\/p>\n<p>EU-bot p\u00e5 200 millioner euro<\/p>\n<p>EU-domstolen ga i \u00e5r Ungarn en bot p\u00e5 over 200 millioner euro for systematiske brudd p\u00e5 asylretten, inkludert ulovlige og ofte voldelige pushbacks av mennesker som fors\u00f8ker \u00e5 s\u00f8ke beskyttelse.<\/p>\n<p>I tillegg ilegges landet \u00e9n million euro i dagb\u00f8ter til lovverket endres.<\/p>\n<p><b>Dette er ikke \u00abresultater\u00bb det er rettighetsbrudd i stor skala.<\/b><\/p>\n<p>Et ferskt eksempel p\u00e5 utviklingen i Ungarn er saken mot <a href=\"https:\/\/www.amnesty.org\/en\/documents\/eur27\/0495\/2025\/en\/\" rel=\"Follow nofollow noopener\" target=\"_blank\">G\u00e9za Buz\u00e1s-H\u00e1bel <\/a>som er leder av P\u00e9cs Pride. Han er en romsk, homofil l\u00e6rer og menneskerettighetsforkjemper som n\u00e5 er under etterforskning for \u00e5 ha planlagt en fredelig Pride-markering etter at myndighetene brukte den ungarske anti-Pride-loven til \u00e5 forby arrangementet p\u00e5 forh\u00e5nd.<\/p>\n<p>Dersom det tas ut formell tiltale, risikerer han opptil ett \u00e5rs fengsel.<\/p>\n<p><b>Les ogs\u00e5: <a href=\"https:\/\/www.nettavisen.no\/nyheter\/russland-forbyr-amnesty\/s\/5-95-2439503\" rel=\"Follow nofollow noopener\" target=\"_blank\">Russland forbyr Amnesty<\/a><\/b><\/p>\n<p>Utpressing knyttet til nye reformer<\/p>\n<p>Rettssikkerheten svekkes. Domstoler og dommere utsettes for politisk press. Store deler av rettsvesenet i Ungarn har selv demonstrert mot det de beskriver som utpressing knyttet til nye reformer.<\/p>\n<p>Presset mot minoriteter \u00f8ker.<\/p>\n<p><b>Over 3000 mennesker p\u00e5 flukt fra Ukraina, mange kvinner og sm\u00e5 barn, flere med rombakgrunn, mistet i \u00e5r statlig boligst\u00f8tte etter et politisk vedtak.<\/b><\/p>\n<p>Dette er realiteten.<\/p>\n<p>N\u00e5r en norsk debattant peker p\u00e5 Ungarn som et eksempel til etterf\u00f8lgelse, b\u00f8r dette v\u00e6re med i bildet.<\/p>\n<p>Amnestys rolle er \u00e5 vurdere politikk opp mot menneskerettighetene uavhengig av hvem som foresl\u00e5r den. Men n\u00e5r et land l\u00f8ftes frem som et forbilde er det v\u00e5rt ansvar \u00e5 si fra dersom den modellen inneb\u00e6rer svekket ytringsfrihet, mindre rettssikkerhet, mer diskriminering og brudd p\u00e5 internasjonale forpliktelser.<\/p>\n<p><b>Hvis Norge skal l\u00e6re av andre land, b\u00f8r det v\u00e6re av dem som styrker menneskerettighetene, ikke de som svekker dem.<\/b><\/p>\n","protected":false},"excerpt":{"rendered":"For Ungarn trekkes ofte frem for sin utenrikspolitiske synlighet, som Sophie Matlary skriver om i Nettavisen. Men det&hellip;\n","protected":false},"author":2,"featured_media":93002,"comment_status":"","ping_status":"","sticky":false,"template":"","format":"standard","meta":{"footnotes":""},"categories":[12],"tags":[20,21,24,25,15,22,23,13,30,28,29,14,16,26,27,42,43,44,45],"class_list":{"0":"post-93001","1":"post","2":"type-post","3":"status-publish","4":"format-standard","5":"has-post-thumbnail","7":"category-verden","8":"tag-breaking-news","9":"tag-breakingnews","10":"tag-featured-news","11":"tag-featurednews","12":"tag-headlines","13":"tag-latest-news","14":"tag-latestnews","15":"tag-news","16":"tag-no","17":"tag-norge","18":"tag-norway","19":"tag-nyheter","20":"tag-overskrifter","21":"tag-top-stories","22":"tag-topstories","23":"tag-verden","24":"tag-world","25":"tag-world-news","26":"tag-worldnews"},"share_on_mastodon":{"url":"https:\/\/pubeurope.com\/@no\/115588277466200726","error":""},"_links":{"self":[{"href":"https:\/\/www.europesays.com\/no\/wp-json\/wp\/v2\/posts\/93001","targetHints":{"allow":["GET"]}}],"collection":[{"href":"https:\/\/www.europesays.com\/no\/wp-json\/wp\/v2\/posts"}],"about":[{"href":"https:\/\/www.europesays.com\/no\/wp-json\/wp\/v2\/types\/post"}],"author":[{"embeddable":true,"href":"https:\/\/www.europesays.com\/no\/wp-json\/wp\/v2\/users\/2"}],"replies":[{"embeddable":true,"href":"https:\/\/www.europesays.com\/no\/wp-json\/wp\/v2\/comments?post=93001"}],"version-history":[{"count":0,"href":"https:\/\/www.europesays.com\/no\/wp-json\/wp\/v2\/posts\/93001\/revisions"}],"wp:featuredmedia":[{"embeddable":true,"href":"https:\/\/www.europesays.com\/no\/wp-json\/wp\/v2\/media\/93002"}],"wp:attachment":[{"href":"https:\/\/www.europesays.com\/no\/wp-json\/wp\/v2\/media?parent=93001"}],"wp:term":[{"taxonomy":"category","embeddable":true,"href":"https:\/\/www.europesays.com\/no\/wp-json\/wp\/v2\/categories?post=93001"},{"taxonomy":"post_tag","embeddable":true,"href":"https:\/\/www.europesays.com\/no\/wp-json\/wp\/v2\/tags?post=93001"}],"curies":[{"name":"wp","href":"https:\/\/api.w.org\/{rel}","templated":true}]}}