{"id":93104,"date":"2025-11-21T16:52:13","date_gmt":"2025-11-21T16:52:13","guid":{"rendered":"https:\/\/www.europesays.com\/no\/93104\/"},"modified":"2025-11-21T16:52:13","modified_gmt":"2025-11-21T16:52:13","slug":"forsokt-lokka-inn-i-bil","status":"publish","type":"post","link":"https:\/\/www.europesays.com\/no\/93104\/","title":{"rendered":"Fors\u00f8kt lokka inn i bil"},"content":{"rendered":"<p>Det skjedde f\u00f8rste gongen 13. november, d\u00e5 to elevar fr\u00e5 Hasund skulekrins vart fors\u00f8kt lokka inn i ein bil.<\/p>\n<p>Fredag er det ein elev fr\u00e5 Ulsteinvik skulekrins som har vore ute for ei liknande oppleving.<\/p>\n<p>I meldinga til dei f\u00f8resette skriv kommunalsjef Karen Strand i Ulstein kommune at eleven handla rett ved \u00e5 ikkje g\u00e5 inn i bilen og raskt varsla ein vaksen.<\/p>\n<p><strong>Der ber ho dei f\u00f8resette om:<\/strong><\/p>\n<ul class=\"List\">\n<li>\n<p>\u00c5 snakke med barna om viktigheita av \u00e5 seie nei til framande og halde seg p\u00e5 trygt omr\u00e5det<\/p>\n<\/li>\n<li>\n<p>Minne barna om \u00e5 g\u00e5 saman med andre n\u00e5r det er mogleg, og \u00e5 varsle ein vaksen dersom noko uvanleg skjer<\/p>\n<\/li>\n<li>\n<p>Ta kontakt med skulen eller politiet dersom ein har informasjon som kan vere relevant<\/p>\n<\/li>\n<\/ul>\n<p>\u00abVi forst\u00e5r at dette kan skape uro, men vi gjer alt vi kan for \u00e5 sikre tryggleiken til elevane v\u00e5re. Vi er i kontakt med politiet og vil f\u00f8lgje opp dette vidare\u00bb, skriv kommunalsjefen i meldinga.<\/p>\n<p><a href=\"https:\/\/www.smp.no\/nyheter\/i\/0Vwdo2\/proevd-lokka-inn-i-ein-bil\" rel=\"nofollow noopener\" target=\"_blank\">   \u2013 Pr\u00f8vd lokka inn i ein bil   <\/a> <\/p>\n","protected":false},"excerpt":{"rendered":"Det skjedde f\u00f8rste gongen 13. november, d\u00e5 to elevar fr\u00e5 Hasund skulekrins vart fors\u00f8kt lokka inn i ein&hellip;\n","protected":false},"author":2,"featured_media":2066,"comment_status":"","ping_status":"","sticky":false,"template":"","format":"standard","meta":{"footnotes":""},"categories":[10],"tags":[20,21,24,25,15,2656,22,23,13,30,28,29,14,16,254,26,27,1122],"class_list":{"0":"post-93104","1":"post","2":"type-post","3":"status-publish","4":"format-standard","5":"has-post-thumbnail","7":"category-norge","8":"tag-breaking-news","9":"tag-breakingnews","10":"tag-featured-news","11":"tag-featurednews","12":"tag-headlines","13":"tag-kommunalsjef","14":"tag-latest-news","15":"tag-latestnews","16":"tag-news","17":"tag-no","18":"tag-norge","19":"tag-norway","20":"tag-nyheter","21":"tag-overskrifter","22":"tag-politi","23":"tag-top-stories","24":"tag-topstories","25":"tag-ulstein-kommune"},"share_on_mastodon":{"url":"https:\/\/pubeurope.com\/@no\/115588729630657576","error":""},"_links":{"self":[{"href":"https:\/\/www.europesays.com\/no\/wp-json\/wp\/v2\/posts\/93104","targetHints":{"allow":["GET"]}}],"collection":[{"href":"https:\/\/www.europesays.com\/no\/wp-json\/wp\/v2\/posts"}],"about":[{"href":"https:\/\/www.europesays.com\/no\/wp-json\/wp\/v2\/types\/post"}],"author":[{"embeddable":true,"href":"https:\/\/www.europesays.com\/no\/wp-json\/wp\/v2\/users\/2"}],"replies":[{"embeddable":true,"href":"https:\/\/www.europesays.com\/no\/wp-json\/wp\/v2\/comments?post=93104"}],"version-history":[{"count":0,"href":"https:\/\/www.europesays.com\/no\/wp-json\/wp\/v2\/posts\/93104\/revisions"}],"wp:featuredmedia":[{"embeddable":true,"href":"https:\/\/www.europesays.com\/no\/wp-json\/wp\/v2\/media\/2066"}],"wp:attachment":[{"href":"https:\/\/www.europesays.com\/no\/wp-json\/wp\/v2\/media?parent=93104"}],"wp:term":[{"taxonomy":"category","embeddable":true,"href":"https:\/\/www.europesays.com\/no\/wp-json\/wp\/v2\/categories?post=93104"},{"taxonomy":"post_tag","embeddable":true,"href":"https:\/\/www.europesays.com\/no\/wp-json\/wp\/v2\/tags?post=93104"}],"curies":[{"name":"wp","href":"https:\/\/api.w.org\/{rel}","templated":true}]}}