{"id":93105,"date":"2025-11-21T16:55:11","date_gmt":"2025-11-21T16:55:11","guid":{"rendered":"https:\/\/www.europesays.com\/no\/93105\/"},"modified":"2025-11-21T16:55:11","modified_gmt":"2025-11-21T16:55:11","slug":"jan-eggum-kjaereste-jan-eggum-bekrefter-kjaereste","status":"publish","type":"post","link":"https:\/\/www.europesays.com\/no\/93105\/","title":{"rendered":"Jan Eggum, Kj\u00e6reste | Jan Eggum bekrefter kj\u00e6reste"},"content":{"rendered":"\n<p><b><a href=\"https:\/\/www.nettavisen.no\/kjendis\/jan-eggum-deler-gladnyhet\/s\/5-95-2740026\" rel=\"Follow nofollow noopener\" target=\"_blank\">Nettavisen<\/a>: <\/b>Visesanger Jan Eggum (73) har f\u00e5tt ny kj\u00e6reste, det bekrefter han til <a href=\"https:\/\/www.bt.no\/kultur\/i\/xrARmQ\/jan-eggum-lader-opp-til-konsertrekken-paa-ole-bull-paa-en-solseng-og-har-faatt-ny-kjaereste\" rel=\"Follow nofollow noopener\" target=\"_blank\">Bergens Tidende.<\/a><\/p>\n<p>\u2013 Ja, jeg har f\u00e5tt meg en ny dame, og hun bor i Bergen. Ikke noe mer, hun har ikke lyst til \u00e5 bli kjendis. Det har vart i over et halvt \u00e5r og vi har det veldig bra, sier han til avisen.<\/p>\n<p>I 2017 bekreftet Eggum at han hadde et forhold med Trine Severinsen, 27 \u00e5r yngre enn ham. Paret kj\u00f8pte hus i Skien sammen.<\/p>\n<p>Eggum debuterte p\u00e5 1970-tallet og har siden blitt regnet som en av Norges fremste visesangere.<\/p>\n<p>  <a href=\"https:\/\/www.ba.no\/5-8-2620336\" class=\"related-teaser has-image default-story-teaser article--c-eRUmMG article--c-eRUmMG-jKCPdD-design-default\" rel=\"nofollow noopener\" target=\"_blank\"><\/p>\n<p>    <img decoding=\"async\" loading=\"lazy\"  src=\"https:\/\/www.europesays.com\/no\/wp-content\/uploads\/2025\/11\/RJ9_0806.jpg\" alt=\"\" class=\"brick-c-cFOWSL\" style=\"\"\/><\/p>\n<p>\n            Les ogs\u00e5<\/p>\n<p>              Det begynte som en Jan Eggum-parodi. 14 \u00e5r senere er prosjektet klart.\n        <\/p>\n<p>  <\/a><\/p>\n","protected":false},"excerpt":{"rendered":"Nettavisen: Visesanger Jan Eggum (73) har f\u00e5tt ny kj\u00e6reste, det bekrefter han til Bergens Tidende. \u2013 Ja, jeg&hellip;\n","protected":false},"author":2,"featured_media":93106,"comment_status":"","ping_status":"","sticky":false,"template":"","format":"standard","meta":{"footnotes":""},"categories":[58],"tags":[36,71,12082,1292,479,221,30,28,29,1558,1510,72],"class_list":{"0":"post-93105","1":"post","2":"type-post","3":"status-publish","4":"format-standard","5":"has-post-thumbnail","7":"category-underholdning","8":"tag-art","9":"tag-entertainment","10":"tag-jan-eggum","11":"tag-kjaereste","12":"tag-kjendis","13":"tag-musikk","14":"tag-no","15":"tag-norge","16":"tag-norway","17":"tag-pulsen","18":"tag-story","19":"tag-underholdning"},"share_on_mastodon":{"url":"https:\/\/pubeurope.com\/@no\/115588741521231422","error":""},"_links":{"self":[{"href":"https:\/\/www.europesays.com\/no\/wp-json\/wp\/v2\/posts\/93105","targetHints":{"allow":["GET"]}}],"collection":[{"href":"https:\/\/www.europesays.com\/no\/wp-json\/wp\/v2\/posts"}],"about":[{"href":"https:\/\/www.europesays.com\/no\/wp-json\/wp\/v2\/types\/post"}],"author":[{"embeddable":true,"href":"https:\/\/www.europesays.com\/no\/wp-json\/wp\/v2\/users\/2"}],"replies":[{"embeddable":true,"href":"https:\/\/www.europesays.com\/no\/wp-json\/wp\/v2\/comments?post=93105"}],"version-history":[{"count":0,"href":"https:\/\/www.europesays.com\/no\/wp-json\/wp\/v2\/posts\/93105\/revisions"}],"wp:featuredmedia":[{"embeddable":true,"href":"https:\/\/www.europesays.com\/no\/wp-json\/wp\/v2\/media\/93106"}],"wp:attachment":[{"href":"https:\/\/www.europesays.com\/no\/wp-json\/wp\/v2\/media?parent=93105"}],"wp:term":[{"taxonomy":"category","embeddable":true,"href":"https:\/\/www.europesays.com\/no\/wp-json\/wp\/v2\/categories?post=93105"},{"taxonomy":"post_tag","embeddable":true,"href":"https:\/\/www.europesays.com\/no\/wp-json\/wp\/v2\/tags?post=93105"}],"curies":[{"name":"wp","href":"https:\/\/api.w.org\/{rel}","templated":true}]}}