{"id":93107,"date":"2025-11-21T16:57:30","date_gmt":"2025-11-21T16:57:30","guid":{"rendered":"https:\/\/www.europesays.com\/no\/93107\/"},"modified":"2025-11-21T16:57:30","modified_gmt":"2025-11-21T16:57:30","slug":"test-av-citroen-e-c4-max-komfortkonge-pa-budsjett","status":"publish","type":"post","link":"https:\/\/www.europesays.com\/no\/93107\/","title":{"rendered":"Test av Citro\u00ebn \u00eb-C4 Max: Komfortkonge p\u00e5 budsjett"},"content":{"rendered":"<p>        Saken oppsummert<\/p>\n<ul lang=\"nb-NO\">\n<li>Elektriske Citro\u00ebn \u00eb-C4 har f\u00e5tt en facelift med forbedret design og \u00f8kt rekkevidde.<\/li>\n<li>Modellen er n\u00e5 tilgjengelig fra 299.900 kroner, men de fleste velger den bedre utstyrte Max-utgaven.<\/li>\n<li>Bilens komfort og kj\u00f8reegenskaper er meget gode, men den mangler fortsatt mulighet for \u00e5 dra henger.<\/li>\n<li>Konkurransen i elbilmarkedet er t\u00f8ffere, og ekstrautstyr kan \u00f8ke prisen betydelig.<\/li>\n<\/ul>\n<p class=\"italic ai-disclaimer\" data-lab-italic=\"italic\">Oppsummeringen er laget med kunstig intelligens (KI) fra OpenAI. Innholdet er kvalitetssikret av TV 2s journalister. <a target=\"_blank\" href=\"https:\/\/hjelp.tv2.no\/info\/artikkel\/slik-jobber-vi-med-ki-i-tv-2\" title=\"Les om hvordan vi jobber med KI\" rel=\"nofollow noopener\">Les om hvordan vi jobber med KI<\/a><\/p>\n<p> Den f\u00f8rste elektriske utgaven av kompakte Citro\u00ebn C4 kom p\u00e5 markedet i 2020. Bilen, som fikk navnet \u00eb-C4, ble en fin suksess i Norge \u2013 og solgte godt, s\u00e6rlig i starten. Per oktober 2025 er det registrert i underkant av 4800 biler i Norge.<\/p>\n<p>        Plusser og minuser<\/p>\n<p>+ H\u00f8y komfort<br \/>+ Lav st\u00f8y<br \/>+ Lavt forbruk<\/p>\n<p>&#8211; Kan ikke dra henger<br \/>&#8211; Begrenset motorytelse <br \/>&#8211; Blir fort dyrere enn du kanskje hadde tenkt<\/p>\n<p>En kompakt og samtidig romslig bil \u2013 til gunstig pris, i en tid med begrenset utvalg p\u00e5 elbilmarkedet, er noe av forklaringen p\u00e5 suksessen.\u00a0<\/p>\n<p>N\u00e5r modellen n\u00e5 har f\u00e5tt sin f\u00f8rste facelift, har mye forandret seg. Konkurransen er mye t\u00f8ffere og prisene presses stadig nedover. Antallet biler p\u00e5 markedet med startpris p\u00e5 under 300.000, er firedoblet siden i fjor sommer.\u00a0<\/p>\n<p>Nye e-C4 melder seg inn i dette selskapet, med en startpris p\u00e5 299.900 kroner. Det er symbolsk viktig, selv om de f\u00e6rreste kommer til \u00e5 velge den enkleste utstyrsvarianten.\u00a0<\/p>\n<p>If\u00f8lge den norske import\u00f8ren Bertel O. Steen, er det den langt bedre utstyrte Max-utgaven nordmenn vil ha, som starter p\u00e5 339.900 kroner.<\/p>\n<p>Og det er den utgaven vi har gleden av \u00e5 teste for f\u00f8rste gang p\u00e5 norske veier.\u00a0<\/p>\n<p class=\"italic m-italic\" data-lab-italic=\"italic\"> Dette er en korttest av facelift-utgaven av Citro\u00ebn \u00eb-C4. Full test av originalen finner du\u00a0<a href=\"https:\/\/www.tv2.no\/broom\/test-av-citron-c4-skal-gi-enorm-salgsvekst\/11902418\/\" rel=\"nofollow noopener\" target=\"_blank\">her<\/a>.<\/p>\n<p>      <img class=\"image__img lazyload\" itemprop=\"image\" title=\"\" alt=\"\" width=\"978\" height=\"734\" bad-src=\"https:\/\/www.europesays.com\/no\/wp-content\/uploads\/2025\/11\/18216230.webp\" fetchpriority=\"auto\" \/><\/p>\n<p>      CITRO\u00cbN \u00cb-C4: Bilder av eksteri\u00f8ret. Alle foto: Broom<\/p>\n<p>      <img class=\"image__img lazyload\" itemprop=\"image\" title=\"\" alt=\"\" width=\"978\" height=\"734\" bad-src=\"https:\/\/www.europesays.com\/no\/wp-content\/uploads\/2025\/11\/18216227.webp\" fetchpriority=\"auto\" \/><\/p>\n<p>      CITRO\u00cbN \u00cb-C4: Bilder av eksteri\u00f8ret. Alle foto: Broom<\/p>\n<p>      <img class=\"image__img lazyload\" itemprop=\"image\" title=\"\" alt=\"\" width=\"978\" height=\"734\" bad-src=\"https:\/\/www.europesays.com\/no\/wp-content\/uploads\/2025\/11\/18216229.webp\" fetchpriority=\"auto\" \/><\/p>\n<p>      CITRO\u00cbN \u00cb-C4: Bilder av eksteri\u00f8ret. Alle foto: Broom<\/p>\n<p>      <img class=\"image__img lazyload\" itemprop=\"image\" title=\"\" alt=\"\" width=\"978\" height=\"734\" bad-src=\"https:\/\/www.europesays.com\/no\/wp-content\/uploads\/2025\/11\/18216228.webp\" fetchpriority=\"auto\" \/><\/p>\n<p>      CITRO\u00cbN \u00cb-C4: Bilder av eksteri\u00f8ret. Alle foto: Broom<\/p>\n<p>      <img class=\"image__img lazyload\" itemprop=\"image\" title=\"\" alt=\"\" width=\"675\" height=\"480\" bad-src=\"https:\/\/www.europesays.com\/no\/wp-content\/uploads\/2025\/11\/18216232.webp\" fetchpriority=\"auto\" \/><\/p>\n<p>      CITRO\u00cbN \u00cb-C4: Bilder av eksteri\u00f8ret. Alle foto: Broom<\/p>\n<p>Hva er nytt?<\/p>\n<p>Bilens grunndesign er den samme, men b\u00e5de fronten og bakstussen er ny \u2013 og mer i tr\u00e5d med \u00f8vrige Citro\u00ebn-modeller. S\u00e6rlig foran er forandringene store, med b\u00e5de nye lykter og oppstrammede linjer. Det ser rett og slett mindre s\u00e6rt ut, mener vi.\u00a0<\/p>\n<p>Endringene skal ogs\u00e5 ha en positiv effekt p\u00e5 aerodynamikken og dermed ogs\u00e5 str\u00f8mforbruket.\u00a0<\/p>\n<p>Ogs\u00e5 hekken er ny, med nye baklykter og med selvsikker Citro\u00ebn-bokstavering p\u00e5 bakluka. De fleste vi snakker med under testkj\u00f8ringen synes endringene har gjort nye \u00eb-C4 til en t\u00f8ffere bil.\u00a0<\/p>\n<p>Bilen har fortsatt forhjulsdrift, men motoreffekten er opp fra 136 til 156 hestekrefter. Batteripakken vokst fra 50 til 54 kWt. Rekkevidden har \u00f8kt fra 350 til 416 kilometer. Ladeeffekten er imidlertid som f\u00f8r, maks 100 kW.\u00a0<\/p>\n<p>P\u00e5 innsiden har setene f\u00e5tt ny polstring som skal gi bedre komfort. Samtidig sparer Citro\u00ebn penger p\u00e5 at at mulighet for elektrisk justering er tatt bort. Det m\u00e5 du n\u00e5 betale ekstra for. Nettbrett-holderen p\u00e5 passasjersiden er ogs\u00e5 historie.\u00a0<\/p>\n<p>        <img class=\"image__img lazyload\" itemprop=\"image\" title=\"Foto: Broom\" alt=\"RYDDIG: F\u00f8rermilj\u00f8et er funksjonelt og oversiktlig. Skjermen er smal og plassert fornuftig h\u00f8yt. Knapper for blant annet klimafunksjoner er ogs\u00e5 p\u00e5 plass. Foto: Broom\" width=\"978\" height=\"551\" bad-src=\"https:\/\/www.europesays.com\/no\/wp-content\/uploads\/2025\/11\/18216305.webp\" fetchpriority=\"auto\" \/><\/p>\n<p>      RYDDIG: F\u00f8rermilj\u00f8et er funksjonelt og oversiktlig. Skjermen er smal og plassert fornuftig h\u00f8yt. Knapper for blant annet klimafunksjoner er ogs\u00e5 p\u00e5 plass.<br \/>\n         Foto: Broom<\/p>\n<p> Et nytt og st\u00f8rre instrumentpanel foran rattet gir mer informasjon enn tidligere, blant annet kartvisning ved navigasjon. Head up-displayet er fortsatt avhengig av et gjennomsiktig glassplate som skyves automatisk opp ved bruk.<\/p>\n<p>Den relativt smale 10,2-tommer store skjermen i midtkonsollen er den samme. Systemet er imidlertid oppgradert, og stemmestyringen f\u00e5tt integrasjon mot ChatGPT og kunstig intelligens.\u00a0<\/p>\n<p>Ved hjelp av stemmen kan du sp\u00f8rre om alt fra informasjon om stedet du kj\u00f8rer forbi til oppskrifter p\u00e5 hveteboller. Vi har pr\u00f8vd begge deler, og det funker bra\u00a0 \u2013 med unntak av at stemmen snakker litt gebrokkent norsk.<\/p>\n<p> Foran er endelig en USB C-port er p\u00e5 plass, i tillegg til en klassisk USB A-port. Men kun \u00e9n USB-port til baksetepassasjerene \u2013 av den gamle typen \u2013 er rett og slett litt rart i 2025. <\/p>\n<p>        <img class=\"image__img lazyload\" itemprop=\"image\" title=\"Foto: Broom\" alt=\"SPARSOMMELIG: Det blir fort bli kamp om den ene USB-porten bak. Foto: Broom\" width=\"978\" height=\"551\" bad-src=\"https:\/\/www.europesays.com\/no\/wp-content\/uploads\/2025\/11\/18216307.webp\" fetchpriority=\"auto\" \/><\/p>\n<p>      SPARSOMMELIG: Det blir fort bli kamp om den ene USB-porten bak.<br \/>\n         Foto: Broom<\/p>\n<p>Hvordan fungerer det?<\/p>\n<p>Citro\u00ebn \u00eb-C4 Max er en sv\u00e6rt komfortabel bil. Meget gode seter og lang fj\u00e6ringsvei s\u00f8rger for det. Her er god plass til en familie p\u00e5 fire.\u00a0<\/p>\n<p>Materialkvaliteten om bord er midt p\u00e5 treet. Det er mye hardplast og l\u00f8sninger som b\u00e6rer litt preg av litt stramme budsjettrammer, men uten at det framst\u00e5r som kjipt. Pianolakkert midtkonsoll kan vi spare oss for, for dette er krevende \u00e5 holde fritt for st\u00f8v og fingeravtrykk.\u00a0<\/p>\n<p>Infotainmentsystemet er ikke veldig omfattende, og kan kanskje virke noe utdatert.\u00a0Tr\u00e5dl\u00f8s st\u00f8tte for Apple Carplay og Android Auto er p\u00e5 plass, og vil uansett bli foretrukket av mange.<\/p>\n<p>L\u00f8sningen med head up-display p\u00e5 en glassplate framst\u00e5r som gammeldags, og avhengig av sittestilling kan den ogs\u00e5 v\u00e6re sjenerende\u00a0 \u2013 s\u00e6rlig i m\u00f8rket.\u00a0<\/p>\n<p>        <img class=\"image__img lazyload\" itemprop=\"image\" title=\"Foto: Broom\" alt=\"HEAD UP: De fleste biler viser head up-displayet i frontruten. Men i \u00eb-C4 skjer det p\u00e5 en dedikert glassplate som blir veldig tydelig i m\u00f8rke. Foto: Broom\" width=\"978\" height=\"551\" bad-src=\"https:\/\/www.europesays.com\/no\/wp-content\/uploads\/2025\/11\/18216303.webp\" fetchpriority=\"auto\" \/><\/p>\n<p>      HEAD UP: De fleste biler viser head up-displayet i frontruten. Men i \u00eb-C4 skjer det p\u00e5 en dedikert glassplate som blir veldig tydelig i m\u00f8rke.<br \/>\n         Foto: Broom<\/p>\n<p> Brukervennligheten er ellers godt ivaretatt med fysiske knapper og skruknotter til klimakontroll. <\/p>\n<p>F\u00e5r lyst \u00e5 kj\u00f8re lenger<\/p>\n<p>Kj\u00f8remessig er det dessuten mye \u00e5 like.\u00a0<\/p>\n<p> Vi kj\u00f8rer en rute p\u00e5 rundt 100 kilometer som inkluderer lett bytrafikk og mye landevei i 60-80 km\/t. Vi forserer en fjellovergang med svingete veier og siste milen skjer p\u00e5 motorvei i 100 km\/t.\u00a0<\/p>\n<p>Bilen oppf\u00f8rer seg eksemplarisk, og den gode komforten kombinert med lavt st\u00f8yniv\u00e5, gj\u00f8r at vi gladelig hadde kj\u00f8rt dobbelt s\u00e5 langt f\u00f8r vi hadde f\u00f8lt behov for pause. Her presterer \u00eb-C4 minst et hakk over mange av konkurrentene i samme prisklasse. Vi gir ogs\u00e5 pluss for varsellyder som ikke oppleves som invaderende.<\/p>\n<p>Pluss gir vi ogs\u00e5 til den adaptive cruisekontrollen og filholderassistenten, som holder oss trygt midt i filen, selv n\u00e5r veimerkingen ikke er optimal. Opplevelsen er i en helt annen liga enn Mazda 6e som vi testet rett f\u00f8r denne.<\/p>\n<p>Men noen rakett er bilen slett ikke. F\u00f8rst n\u00e5r du velger Sport-modus, f\u00e5r du utnyttet \u00aballe\u00bb de 156 hestekreftene. Da klarer bilen 0-100 p\u00e5 9,1 sekunder, noe som heller ikke holder til noen bakoversveis.\u00a0<\/p>\n<p>N\u00e5r det gjelder rekkevidden, skal den alts\u00e5 v\u00e6re en god del bedre enn p\u00e5 f\u00f8rsteutgaven, selv om 416 kilometer ikke gir noen hakeslepp i 2025.<\/p>\n<p>Vi er langt fra heldige med v\u00e6ret denne dagen. Asfalten er v\u00e5t, det regner lett og temperaturen i luften ligger p\u00e5 5-6 grader. Likevel klokker vi inn p\u00e5 14,4 kwt per 100 km. Det skulle tilsvare en rekkevidde p\u00e5 375 kilometer, som gj\u00f8r oss overbeviste om at vi kunne klart 416 kilometer p\u00e5 en varm solskinnsdag.\u00a0<\/p>\n<p>Hurtiglading har vi ikke testet i denne omgangen, men den skal v\u00e6re som p\u00e5 f\u00f8rstegenerasjon\u00a0 \u2013 maks 100 kW og fra 20-80 prosent p\u00e5 27 minutter under gode forhold.\u00a0<\/p>\n<p>      <img class=\"image__img lazyload\" itemprop=\"image\" title=\"\" alt=\"\" width=\"978\" height=\"734\" bad-src=\"https:\/\/www.europesays.com\/no\/wp-content\/uploads\/2025\/11\/18216311.webp\" fetchpriority=\"auto\" \/><\/p>\n<p>      CITRO\u00cbN \u00cb-C4: Bilder av interi\u00f8ret. Alle foto: Broom<\/p>\n<p>      <img class=\"image__img lazyload\" itemprop=\"image\" title=\"\" alt=\"\" width=\"978\" height=\"734\" bad-src=\"https:\/\/www.europesays.com\/no\/wp-content\/uploads\/2025\/11\/18216309.webp\" fetchpriority=\"auto\" \/><\/p>\n<p>      CITRO\u00cbN \u00cb-C4: Bilder av interi\u00f8ret. Alle foto: Broom<\/p>\n<p>      <img class=\"image__img lazyload\" itemprop=\"image\" title=\"\" alt=\"\" width=\"978\" height=\"734\" bad-src=\"https:\/\/www.europesays.com\/no\/wp-content\/uploads\/2025\/11\/18216312.webp\" fetchpriority=\"auto\" \/><\/p>\n<p>      CITRO\u00cbN \u00cb-C4: Bilder av interi\u00f8ret. Alle foto: Broom<\/p>\n<p>      <img class=\"image__img lazyload\" itemprop=\"image\" title=\"\" alt=\"\" width=\"978\" height=\"734\" bad-src=\"https:\/\/www.europesays.com\/no\/wp-content\/uploads\/2025\/11\/18216310.webp\" fetchpriority=\"auto\" \/><\/p>\n<p>      CITRO\u00cbN \u00cb-C4: Bilder av interi\u00f8ret. Alle foto: Broom<\/p>\n<p>      <img class=\"image__img lazyload\" itemprop=\"image\" title=\"\" alt=\"\" width=\"978\" height=\"734\" bad-src=\"https:\/\/www.europesays.com\/no\/wp-content\/uploads\/2025\/11\/1763744249_962_18216305.webp\" fetchpriority=\"auto\" \/><\/p>\n<p>      CITRO\u00cbN \u00cb-C4: Bilder av interi\u00f8ret. Alle foto: Broom<\/p>\n<p>      <img class=\"image__img lazyload\" itemprop=\"image\" title=\"\" alt=\"\" width=\"978\" height=\"734\" bad-src=\"https:\/\/www.europesays.com\/no\/wp-content\/uploads\/2025\/11\/18216313.webp\" fetchpriority=\"auto\" \/><\/p>\n<p>      CITRO\u00cbN \u00cb-C4: Bilder av interi\u00f8ret. Alle foto: Broom<\/p>\n<p>Konklusjon og konkurrenter<\/p>\n<p>Vi hadde allerede et godt inntrykk av Citro\u00ebn \u00eb-C4, og vi synes grepene som har blitt tatt stort sett har gjort bilen enda mer attraktiv.\u00a0<\/p>\n<p>Samtidig er konkurransen langt t\u00f8ffere n\u00e5 enn da bilen ble lansert i 2020. B\u00e5de motoreffekt og rekkevidde er bedre p\u00e5 mange av de nye konkurrentene i klassen. Bilen kan dessuten fortsatt ikke dra henger, noe som er en ulempe for mange norske kj\u00f8pere.\u00a0<\/p>\n<p>Merk ogs\u00e5 at selv om Max-utgaven er godt utstyrt, m\u00e5 du betale ekstra for ting som varme i ratt og frontrute, elektrisk justerbart f\u00f8rersete, 360-graders kamera og head-up-display. Ladekabler er heller ikke inkludert i prisen.\u00a0<\/p>\n<p>Med alt dette p\u00e5 plass, blir prisen fort 25.000-30.000 kroner h\u00f8yere. Det er greit \u00e5 ha i bakhodet hvis du sammenligner bilen mot konkurrenter i samme prisklasse, som kanskje har dette inkludert i prisen.\u00a0<\/p>\n<p><a href=\"https:\/\/www.tv2.no\/broom\/nyhetsbrev\/16558183\" rel=\"nofollow noopener\" target=\"_blank\">Liker du slike saker? Meld deg p\u00e5 v\u00e5rt nyhetsbrev i dag<\/a><\/p>\n<p>        Visste du dette om Citro\u00ebn C4?<\/p>\n<ul>\n<li class=\"lab-bodytext-line\">Modellen ble lansert med forbrenningsmotor i 2004, som etterf\u00f8lgeren til Xsara. Men navnet C4 ble brukt av Citro\u00ebn allerede i 1928! <\/li>\n<li class=\"lab-bodytext-line\">Den elektriske utgaven \u00eb-C4 kom i 2020, og fikk blant annet mye skryt for lav st\u00f8y og seter med \u00absofa-komfort\u00bb.<\/li>\n<li class=\"lab-bodytext-line\">C4 kom ogs\u00e5 i flerbruksbilutgave (Picasso). Den har flere ganger blitt k\u00e5ret til \u00c5rets familiebil i Europa.<\/li>\n<\/ul>\n<p>Dette mener eierne<\/p>\n<p>I Brooms\u00a0<a href=\"https:\/\/bilguiden.broom.no\/\" rel=\"nofollow noopener\" target=\"_blank\">bilguide<\/a>\u00a0kan norske eierne selv fortelle om bilene sine. Omtrent som en Tripadvisor for bil. S\u00e5 langt har vi f\u00e5tt inn over 14.000 omtaler!<\/p>\n<p>Du kan ogs\u00e5 fortelle om bilen din:\u00a0<a href=\"https:\/\/bilguiden.broom.no\/bilvurdering\/ny?source=&amp;ofv_make_id=&amp;ofv_model_id=&amp;ofv_variant_id=&amp;make=18&amp;model=&amp;variant=&amp;yearmodel=&amp;revisionno=\" rel=\"nofollow noopener\" target=\"_blank\">Klikk her<\/a>\u00a0&#8211; det er fort gjort.<\/p>\n<p>Det ligger inne et godt knippe vurderinger av Citro\u00ebn \u00eb-C4.\u00a0<a href=\"https:\/\/bilguiden.broom.no\/bilvurderinger\/citroen\/e-c4\" rel=\"nofollow noopener\" target=\"_blank\">Klikk her, s\u00e5 kan du lese hva eierne mener om bilen.<\/a>\u00a0<\/p>\n<p><a href=\"http:\/\/tv2.no\/broom\/bruktbiltester\" rel=\"nofollow noopener\" target=\"_blank\">Heller velge brukt? Sjekk ut Brooms bruktbiltester<\/a><\/p>\n<p>        Citro\u00ebn \u00eb-C4<\/p>\n<p class=\"bold m-bold\" data-lab-font_weight=\"bold\">Motor og ytelser:<\/p>\n<ul>\n<li>Motor: 1 x elektrisk, forhjulsdrift<\/li>\n<li>Effekt: 156 hk \/ 260 Nm<\/li>\n<li>0-100 km\/t: 9,1 sek.<\/li>\n<li>Toppfart: 150 km\/t<\/li>\n<li>M\u00e5lt forbruk: 14,4 kWt per 100 km <\/li>\n<\/ul>\n<p class=\"bold m-bold\" data-lab-font_weight=\"bold\">Batteri\/lading:<\/p>\n<ul>\n<li>Batteripakke: 54 kWt<\/li>\n<li>Rekkevidde: 416 km (WLTP)<\/li>\n<li>Hurtiglading: 100 kW<\/li>\n<li>Ombordlader: 11 kW<\/li>\n<\/ul>\n<p class=\"bold m-bold\" data-lab-font_weight=\"bold\">M\u00e5l, vekt og volum:<\/p>\n<ul>\n<li>L x B x H: 435 x 203 x 152 cm<\/li>\n<li>Bagasjerom: 380 liter<\/li>\n<li>Vekt: 1571 kg<\/li>\n<li>Nyttelast: 340 kg<\/li>\n<li>Tilhengervekt: 0 kg<\/li>\n<li>Taklast: 80 kg<\/li>\n<\/ul>\n<p class=\"bold m-bold\" data-lab-font_weight=\"bold\">Pris:<\/p>\n<ul>\n<li>Startpris: 299.900 kroner<\/li>\n<li>Pris testbil: 339.900 kroner<\/li>\n<\/ul>\n","protected":false},"excerpt":{"rendered":"Saken oppsummert Elektriske Citro\u00ebn \u00eb-C4 har f\u00e5tt en facelift med forbedret design og \u00f8kt rekkevidde. Modellen er n\u00e5&hellip;\n","protected":false},"author":2,"featured_media":93108,"comment_status":"","ping_status":"","sticky":false,"template":"","format":"standard","meta":{"footnotes":""},"categories":[56],"tags":[60,61,62,30,28,29],"class_list":{"0":"post-93107","1":"post","2":"type-post","3":"status-publish","4":"format-standard","5":"has-post-thumbnail","7":"category-naeringsliv","8":"tag-business","9":"tag-economy","10":"tag-naeringsliv","11":"tag-no","12":"tag-norge","13":"tag-norway"},"share_on_mastodon":{"url":"https:\/\/pubeurope.com\/@no\/115588749419108922","error":""},"_links":{"self":[{"href":"https:\/\/www.europesays.com\/no\/wp-json\/wp\/v2\/posts\/93107","targetHints":{"allow":["GET"]}}],"collection":[{"href":"https:\/\/www.europesays.com\/no\/wp-json\/wp\/v2\/posts"}],"about":[{"href":"https:\/\/www.europesays.com\/no\/wp-json\/wp\/v2\/types\/post"}],"author":[{"embeddable":true,"href":"https:\/\/www.europesays.com\/no\/wp-json\/wp\/v2\/users\/2"}],"replies":[{"embeddable":true,"href":"https:\/\/www.europesays.com\/no\/wp-json\/wp\/v2\/comments?post=93107"}],"version-history":[{"count":0,"href":"https:\/\/www.europesays.com\/no\/wp-json\/wp\/v2\/posts\/93107\/revisions"}],"wp:featuredmedia":[{"embeddable":true,"href":"https:\/\/www.europesays.com\/no\/wp-json\/wp\/v2\/media\/93108"}],"wp:attachment":[{"href":"https:\/\/www.europesays.com\/no\/wp-json\/wp\/v2\/media?parent=93107"}],"wp:term":[{"taxonomy":"category","embeddable":true,"href":"https:\/\/www.europesays.com\/no\/wp-json\/wp\/v2\/categories?post=93107"},{"taxonomy":"post_tag","embeddable":true,"href":"https:\/\/www.europesays.com\/no\/wp-json\/wp\/v2\/tags?post=93107"}],"curies":[{"name":"wp","href":"https:\/\/api.w.org\/{rel}","templated":true}]}}