{"id":93109,"date":"2025-11-21T16:58:11","date_gmt":"2025-11-21T16:58:11","guid":{"rendered":"https:\/\/www.europesays.com\/no\/93109\/"},"modified":"2025-11-21T16:58:11","modified_gmt":"2025-11-21T16:58:11","slug":"angripes-bade-kristne-og-muslimer-i-nigeria-misjonsleder-er-ikke-i-tvil","status":"publish","type":"post","link":"https:\/\/www.europesays.com\/no\/93109\/","title":{"rendered":"Angripes b\u00e5de kristne og muslimer i Nigeria? Misjonsleder er ikke i tvil"},"content":{"rendered":"<p>\n        GRUNNLEGGER: Steinar Opheim er leder og grunnlegger Tent International<br \/>\n        Gunnhild L\u00f8nning\n    <\/p>\n<p>    Torsdag var det h\u00f8ring i den amerikanske kongressen om religi\u00f8s forf\u00f8lgelse i Nigeria. Steinar Opheim, leder for Tent International, fulgte med sammen med nigerianske pastorer.<\/p>\n<p>Debatten har g\u00e5tt i det siste om hvorvidt kristne er spesielt utsatt for forf\u00f8lgelse i Nigeria.<\/p>\n<p>Sist uke skrev medieorganisasjonen faktisk.no at \u00abp\u00e5stander om folkemord p\u00e5 kristne i Sudan og Nigeria spres p\u00e5 sosiale medier\u00bb. De intervjuet en rekke eksperter for \u00e5\u00a0<a href=\"https:\/\/www.faktisk.no\/artikkel\/anklager-om-kristent-folkemord-i-afrika-en-oppkonstruert-problemstilling\/126983\" target=\"_blank\" rel=\"nofollow noopener\">faktasjekke om dette stemmer.<\/a><\/p>\n<p>Flere av ekspertene avviste at konfliktene handler om et m\u00e5lrettet fors\u00f8k p\u00e5 \u00e5 utrydde den kristne befolkningen.<\/p>\n","protected":false},"excerpt":{"rendered":"GRUNNLEGGER: Steinar Opheim er leder og grunnlegger Tent International Gunnhild L\u00f8nning Torsdag var det h\u00f8ring i den amerikanske&hellip;\n","protected":false},"author":2,"featured_media":93110,"comment_status":"","ping_status":"","sticky":false,"template":"","format":"standard","meta":{"footnotes":""},"categories":[12],"tags":[20,21,24,25,15,22,23,13,30,28,29,14,16,26,27,42,43,44,45],"class_list":{"0":"post-93109","1":"post","2":"type-post","3":"status-publish","4":"format-standard","5":"has-post-thumbnail","7":"category-verden","8":"tag-breaking-news","9":"tag-breakingnews","10":"tag-featured-news","11":"tag-featurednews","12":"tag-headlines","13":"tag-latest-news","14":"tag-latestnews","15":"tag-news","16":"tag-no","17":"tag-norge","18":"tag-norway","19":"tag-nyheter","20":"tag-overskrifter","21":"tag-top-stories","22":"tag-topstories","23":"tag-verden","24":"tag-world","25":"tag-world-news","26":"tag-worldnews"},"share_on_mastodon":{"url":"https:\/\/pubeurope.com\/@no\/115588753297781502","error":""},"_links":{"self":[{"href":"https:\/\/www.europesays.com\/no\/wp-json\/wp\/v2\/posts\/93109","targetHints":{"allow":["GET"]}}],"collection":[{"href":"https:\/\/www.europesays.com\/no\/wp-json\/wp\/v2\/posts"}],"about":[{"href":"https:\/\/www.europesays.com\/no\/wp-json\/wp\/v2\/types\/post"}],"author":[{"embeddable":true,"href":"https:\/\/www.europesays.com\/no\/wp-json\/wp\/v2\/users\/2"}],"replies":[{"embeddable":true,"href":"https:\/\/www.europesays.com\/no\/wp-json\/wp\/v2\/comments?post=93109"}],"version-history":[{"count":0,"href":"https:\/\/www.europesays.com\/no\/wp-json\/wp\/v2\/posts\/93109\/revisions"}],"wp:featuredmedia":[{"embeddable":true,"href":"https:\/\/www.europesays.com\/no\/wp-json\/wp\/v2\/media\/93110"}],"wp:attachment":[{"href":"https:\/\/www.europesays.com\/no\/wp-json\/wp\/v2\/media?parent=93109"}],"wp:term":[{"taxonomy":"category","embeddable":true,"href":"https:\/\/www.europesays.com\/no\/wp-json\/wp\/v2\/categories?post=93109"},{"taxonomy":"post_tag","embeddable":true,"href":"https:\/\/www.europesays.com\/no\/wp-json\/wp\/v2\/tags?post=93109"}],"curies":[{"name":"wp","href":"https:\/\/api.w.org\/{rel}","templated":true}]}}