{"id":93118,"date":"2025-11-21T17:05:20","date_gmt":"2025-11-21T17:05:20","guid":{"rendered":"https:\/\/www.europesays.com\/no\/93118\/"},"modified":"2025-11-21T17:05:20","modified_gmt":"2025-11-21T17:05:20","slug":"kan-nesten-ikke-beskrives-med-ord","status":"publish","type":"post","link":"https:\/\/www.europesays.com\/no\/93118\/","title":{"rendered":"Kan nesten ikke beskrives med ord"},"content":{"rendered":"<p><img decoding=\"async\" src=\"data:image\/gif;base64,R0lGODlhEAAJAIAAAP\/\/\/wAAACH5BAEAAAAALAAAAAAQAAkAAAIKhI+py+0Po5yUFQA7\" alt=\"\"\/>    <\/p>\n<p class=\"lead\">Massakrer, sult og millioner p\u00e5 flukt. Vi m\u00e5 ikke glemme Darfur.<\/p>\n<p>Publisert:<br \/>\n  20. november 2025 kl. 22:24<br \/>\n  Oppdatert:<br \/>\n  20. november 2025 kl. 22:24\n <\/p>\n<p>Dette er en lederartikkel. Den uttrykker Adresseavisens mening. Lederartiklene legger ikke f\u00f8ringer for avisens nyhetsdekning.<\/p>\n<p><strong>Situasjonen i Darfur kan <\/strong>nesten ikke beskrives med ord. Den vestlige regionen i Sudan har v\u00e6rt herjet av krig i \u00e5revis. Det er erkl\u00e6rt hungersn\u00f8d flere steder. Millioner av mennesker er p\u00e5 flukt. Samtidig beg\u00e5s det forferdelige overgrep mot sivilbefolkningen. N\u00e5 har FNs menneskerettighetsr\u00e5d beordret granskning av antatte forbrytelser ved byen El Fasher.<\/p>\n<p><strong>Norge er ett av <\/strong>landene som ford\u00f8mmer \u00aballe grusomheter\u00bb p\u00e5 det sterkeste. \u00abRapportene som kommer fra Darfur tyder p\u00e5 at det p\u00e5g\u00e5r massedrap, tortur og voldtekter, noen ganger p\u00e5 grunn av etnisitet\u00bb, sier utviklingsminister \u00c5smund Aukrust (Ap).<\/p>\n<p>En granskning betyr at<strong> <\/strong>uavhengige eksperter sendes til omr\u00e5det med m\u00e5l om \u00e5 identifisere gjerningspersoner. El Fasher falt nylig til RSF-militsen, som kjemper mot den sudanske regjeringsh\u00e6ren. Siden 25. oktober er det ansl\u00e5tt at n\u00e6r 2500 personer er drept i det som beskrives som en p\u00e5g\u00e5ende massakre av sivile.<\/p>\n<p><strong>VG bidro nylig til \u00e5 <\/strong>identifisere den s\u00e5kalte \u00abTiktok-b\u00f8ddelen\u00bb, som har skrytt av massedrap og delt videoer der han selv deltar i henrettelser. Vedkommende er brigadegeneral i RSF-militsen. Den norske avisa har gjort en god jobb med \u00e5 gj\u00f8re konfliktens grusomhet tydelig for lesere her hjemme.<\/p>\n<p>Mattel\u00e6reren og<strong> <\/strong>trebarnsfaren Khaled Mohammed, som bor i Ski i Follo, fikk tilsendt en video som viste drapet p\u00e5 hans egen onkel. \u2013 Det \u00e5 se noen bli drept som jeg har gode minner med, og som jeg har f\u00e5tt mye hjelp av i livet, det er ubeskrivelig, sier 40-\u00e5ringen til VG.<\/p>\n<p><strong>Dessverre er det <\/strong>ikke bare RSF-militsen som beg\u00e5r drap og overgrep. \u00abDe eneste taperne i denne krigen, er de sivile\u00bb, p\u00e5peker Munzoul Assal, som er seniorforsker ved Chr. Michelsens institutt. Krigen viser \u00abet system der vold og straffefrihet har blitt institusjonalisert gjennom 20 \u00e5r\u00bb, if\u00f8lge Assal.<\/p>\n<p><strong>Samtidig er behovet <\/strong>for n\u00f8dhjelp enormt, if\u00f8lge Sashwat Sarfar, som er landdirekt\u00f8r for Flyktninghjelpen i Sudan. Han befinner seg i byen Tawila, som har tatt imot hundretusenvis av flyktninger de siste to \u00e5rene.<\/p>\n<p>\u00abDet var 260 000<strong> <\/strong>mennesker i El Fasher, men bare 6000 nye flyktninger har ankommet Tawila siden El Fasher falt. Vi aner ikke hva som har skjedd med alle de andre\u00bb, uttalte han nylig til Panorama nyheter.<\/p>\n<p><strong>En rekke andre<\/strong> land er ogs\u00e5 indirekte involvert gjennom v\u00e5penst\u00f8tte til partene. Norge og resten av verdenssamfunnet m\u00e5 legge press p\u00e5 disse landene slik at st\u00f8tten opph\u00f8rer.<\/p>\n","protected":false},"excerpt":{"rendered":"Massakrer, sult og millioner p\u00e5 flukt. Vi m\u00e5 ikke glemme Darfur. Publisert: 20. november 2025 kl. 22:24 Oppdatert:&hellip;\n","protected":false},"author":2,"featured_media":93119,"comment_status":"","ping_status":"","sticky":false,"template":"","format":"standard","meta":{"footnotes":""},"categories":[12],"tags":[20,21,24,25,584,332,15,474,22,23,246,13,30,28,29,1451,14,1622,16,3918,26,27,42,43,44,45],"class_list":{"0":"post-93118","1":"post","2":"type-post","3":"status-publish","4":"format-standard","5":"has-post-thumbnail","7":"category-verden","8":"tag-breaking-news","9":"tag-breakingnews","10":"tag-featured-news","11":"tag-featurednews","12":"tag-flyktninger","13":"tag-fn","14":"tag-headlines","15":"tag-krig","16":"tag-latest-news","17":"tag-latestnews","18":"tag-leder","19":"tag-news","20":"tag-no","21":"tag-norge","22":"tag-norway","23":"tag-nodhjelp","24":"tag-nyheter","25":"tag-overgrep","26":"tag-overskrifter","27":"tag-sudan","28":"tag-top-stories","29":"tag-topstories","30":"tag-verden","31":"tag-world","32":"tag-world-news","33":"tag-worldnews"},"share_on_mastodon":{"url":"https:\/\/pubeurope.com\/@no\/115588780782515616","error":""},"_links":{"self":[{"href":"https:\/\/www.europesays.com\/no\/wp-json\/wp\/v2\/posts\/93118","targetHints":{"allow":["GET"]}}],"collection":[{"href":"https:\/\/www.europesays.com\/no\/wp-json\/wp\/v2\/posts"}],"about":[{"href":"https:\/\/www.europesays.com\/no\/wp-json\/wp\/v2\/types\/post"}],"author":[{"embeddable":true,"href":"https:\/\/www.europesays.com\/no\/wp-json\/wp\/v2\/users\/2"}],"replies":[{"embeddable":true,"href":"https:\/\/www.europesays.com\/no\/wp-json\/wp\/v2\/comments?post=93118"}],"version-history":[{"count":0,"href":"https:\/\/www.europesays.com\/no\/wp-json\/wp\/v2\/posts\/93118\/revisions"}],"wp:featuredmedia":[{"embeddable":true,"href":"https:\/\/www.europesays.com\/no\/wp-json\/wp\/v2\/media\/93119"}],"wp:attachment":[{"href":"https:\/\/www.europesays.com\/no\/wp-json\/wp\/v2\/media?parent=93118"}],"wp:term":[{"taxonomy":"category","embeddable":true,"href":"https:\/\/www.europesays.com\/no\/wp-json\/wp\/v2\/categories?post=93118"},{"taxonomy":"post_tag","embeddable":true,"href":"https:\/\/www.europesays.com\/no\/wp-json\/wp\/v2\/tags?post=93118"}],"curies":[{"name":"wp","href":"https:\/\/api.w.org\/{rel}","templated":true}]}}