{"id":93123,"date":"2025-11-21T17:12:18","date_gmt":"2025-11-21T17:12:18","guid":{"rendered":"https:\/\/www.europesays.com\/no\/93123\/"},"modified":"2025-11-21T17:12:18","modified_gmt":"2025-11-21T17:12:18","slug":"vant-miss-universe-karingen-etter-drama","status":"publish","type":"post","link":"https:\/\/www.europesays.com\/no\/93123\/","title":{"rendered":"Vant Miss Universe-k\u00e5ringen etter drama"},"content":{"rendered":"<p>  Mexicanske F\u00e1tima Bosch Fern\u00e1ndez er k\u00e5ret til Miss Universe 2025. I forkant ble hun utskjelt av vertslandets direkt\u00f8r for skj\u00f8nnhetskonkurransen.<\/p>\n<p>\n    Miss Mexico Fatima Bosch ble omfavnet av de andre deltakerne da hun fredag ble k\u00e5ret til Miss Universe i Bangkok i Thailand. Foto: Sakchai Lalit \/ AP \/ NTB\n  <\/p>\n<p>Det startet med d\u00e5rlig stemning da Nawat Itsaragrisil, den thailandske sjefen for missek\u00e5ringen, skjelte ut den 25 \u00e5r gamle kvinnen som representerte Mexico.<\/p>\n<p>Han kritiserte Bosch for angivelig ikke \u00e5 ha fulgt hans retningslinjer for deltakelse i lokale markedsf\u00f8ringsaktiviteter. Da hun fors\u00f8kte \u00e5 forsvare seg selv, tilkalte han sikkerhetsvakter.<\/p>\n<p>          <img loading=\"lazy\" decoding=\"async\" src=\"https:\/\/www.europesays.com\/no\/wp-content\/uploads\/2025\/11\/83881789.webp\" width=\"686\" height=\"488\" title=\"Miss Mexico Fatima Bosch. Foto: Chalinee Thirasupa \/ Reuters \/ NTB\" alt=\"\" class=\"\" style=\"--aspect-ratio-image: 1.41; \"\/><\/p>\n<p>\n          Miss Mexico Fatima Bosch. Foto: Chalinee Thirasupa \/ Reuters \/ NTB\n      <\/p>\n<p>En video der Nawat kaller Bosch for et \u00abdustehode\u00bb (dumbhead), viser at flere av de andre deltakerne reiste seg og forlot rommet i solidaritet med Miss Mexico.<\/p>\n<p>\u2013 Det deres direkt\u00f8r gjorde, er ikke respektfullt. Han kalte meg dum, sa Bosch til thailandske medier.<\/p>\n<p>Presidenten for Miss Universe-organisasjonen, den mexicanske forretningsmannen Ra\u00fal Rocha Cant\u00fa, ford\u00f8mte oppf\u00f8rselen til den thailandske direkt\u00f8ren.<\/p>\n","protected":false},"excerpt":{"rendered":"Mexicanske F\u00e1tima Bosch Fern\u00e1ndez er k\u00e5ret til Miss Universe 2025. I forkant ble hun utskjelt av vertslandets direkt\u00f8r&hellip;\n","protected":false},"author":2,"featured_media":93124,"comment_status":"","ping_status":"","sticky":false,"template":"","format":"standard","meta":{"footnotes":""},"categories":[12],"tags":[20,21,24,25,15,22,23,5881,12124,13,30,28,29,14,16,26,27,42,43,44,45],"class_list":{"0":"post-93123","1":"post","2":"type-post","3":"status-publish","4":"format-standard","5":"has-post-thumbnail","7":"category-verden","8":"tag-breaking-news","9":"tag-breakingnews","10":"tag-featured-news","11":"tag-featurednews","12":"tag-headlines","13":"tag-latest-news","14":"tag-latestnews","15":"tag-mexico","16":"tag-miss-universe","17":"tag-news","18":"tag-no","19":"tag-norge","20":"tag-norway","21":"tag-nyheter","22":"tag-overskrifter","23":"tag-top-stories","24":"tag-topstories","25":"tag-verden","26":"tag-world","27":"tag-world-news","28":"tag-worldnews"},"share_on_mastodon":{"url":"https:\/\/pubeurope.com\/@no\/115588808625078065","error":""},"_links":{"self":[{"href":"https:\/\/www.europesays.com\/no\/wp-json\/wp\/v2\/posts\/93123","targetHints":{"allow":["GET"]}}],"collection":[{"href":"https:\/\/www.europesays.com\/no\/wp-json\/wp\/v2\/posts"}],"about":[{"href":"https:\/\/www.europesays.com\/no\/wp-json\/wp\/v2\/types\/post"}],"author":[{"embeddable":true,"href":"https:\/\/www.europesays.com\/no\/wp-json\/wp\/v2\/users\/2"}],"replies":[{"embeddable":true,"href":"https:\/\/www.europesays.com\/no\/wp-json\/wp\/v2\/comments?post=93123"}],"version-history":[{"count":0,"href":"https:\/\/www.europesays.com\/no\/wp-json\/wp\/v2\/posts\/93123\/revisions"}],"wp:featuredmedia":[{"embeddable":true,"href":"https:\/\/www.europesays.com\/no\/wp-json\/wp\/v2\/media\/93124"}],"wp:attachment":[{"href":"https:\/\/www.europesays.com\/no\/wp-json\/wp\/v2\/media?parent=93123"}],"wp:term":[{"taxonomy":"category","embeddable":true,"href":"https:\/\/www.europesays.com\/no\/wp-json\/wp\/v2\/categories?post=93123"},{"taxonomy":"post_tag","embeddable":true,"href":"https:\/\/www.europesays.com\/no\/wp-json\/wp\/v2\/tags?post=93123"}],"curies":[{"name":"wp","href":"https:\/\/api.w.org\/{rel}","templated":true}]}}