{"id":93131,"date":"2025-11-21T17:26:11","date_gmt":"2025-11-21T17:26:11","guid":{"rendered":"https:\/\/www.europesays.com\/no\/93131\/"},"modified":"2025-11-21T17:26:11","modified_gmt":"2025-11-21T17:26:11","slug":"slik-blir-varen-pa-tvnorge-og-hbo-max-2","status":"publish","type":"post","link":"https:\/\/www.europesays.com\/no\/93131\/","title":{"rendered":"Slik blir v\u00e5ren p\u00e5 TVNorge og HBO Max"},"content":{"rendered":"<p>Onsdag ettermiddag var det duket for v\u00e5rlanseringen til Warner Bros. Discovery i kulturkirken Jakob i Oslo sentrum.\u00a0<\/p>\n<p> Her ble kanalens underholdningsmeny avsl\u00f8rt &#8211; og seerne kan se frem til b\u00e5de flere nyheter og et gjensyn med kjente favoritter.\u00a0<\/p>\n<p class=\"font-weight-bold m-font-weight-bold\" data-lab-font_weight=\"font-weight-bold\">Blant det som dukker opp p\u00e5 kanalen til v\u00e5ren er en ny sesong med suksessen \u00abJon blir bonde\u00bb.\u00a0<\/p>\n<p>Vender tilbake\t<\/p>\n<p>I TV-serien f\u00e5r man se programleder\u00a0Jon Almaas (58) og kona\u00a0Ellen Christin Heider (57)\u00a0bytte ut livet p\u00e5 Oslos beste vestkant med livet p\u00e5 landet.\u00a0<\/p>\n<p>&#8211; Jon blir bonde har v\u00e6rt en eventyrlig suksess og det var aldri noen tvil om at det skulle bli en ny sesong. Verken Jon eller Ellen er utl\u00e6rt som b\u00f8nder, og det er ingen garanti for at andre\u00e5ret blir noe lettere. Snarere tvert imot, sier\u00a0Magnus Vatn, ansvarlig redakt\u00f8r for TVNorge og programdirekt\u00f8r i Warner Bros. Discovery Norge.<\/p>\n<p>        RESULTATET: Jon Almaas f\u00e5r vite hvor l\u00f8nnsom g\u00e5rdsdriften har v\u00e6rt. Video: \u00abJon blir bonde\u00bb\/Max\/TVNorge.<\/p>\n<p>Almaas sier til Se og H\u00f8r at det var veldig g\u00f8y \u00e5 se at den f\u00f8rste sesongen <a href=\"https:\/\/www.seher.no\/kjendis\/setter-rekord-med-kona\/82845018\" rel=\"nofollow noopener\" target=\"_blank\">ble en rekordsuksess for TVNorge<\/a>.\u00a0<\/p>\n<p>&#8211; Vi var nerv\u00f8se da dette skulle vises p\u00e5 TV, og lurte p\u00e5 om \u00aber dette noe folk er interessert i \u00e5 se p\u00e5?\u00bb. Vi ble veldige glade da seertallene var h\u00f8ye, og s\u00e5 ble de bare h\u00f8yere og h\u00f8yere. Jeg m\u00e5tte nesten klype meg i armen.\u00a0<\/p>\n<p>          <img loading=\"lazy\" decoding=\"async\" src=\"https:\/\/www.europesays.com\/no\/wp-content\/uploads\/2025\/11\/83875035.webp\" width=\"686\" height=\"700\" title=\"BONDE-TV: Jon Almaas med sine gode hjelpere fra g\u00e5rden. Foto: Andreas Fadum\/Se og H\u00f8r\" alt=\"\" class=\"\" style=\"--aspect-ratio-image: 0.98; \"\/><\/p>\n<p>\n          BONDE-TV: Jon Almaas med sine gode hjelpere fra g\u00e5rden. Foto: Andreas Fadum\/Se og H\u00f8r\n      <\/p>\n<p>TV-profilen mener at hemmeligheten bak suksessen er at alt er ekte.\u00a0<\/p>\n<p>&#8211; Vi j\u00e5ler oss ikke til eller later som. Det du ser er det som er ekte. Kona mi er ikke s\u00e5 opptatt av \u00e5 v\u00e6re p\u00e5 TV, s\u00e5 vi krangler, ler og gr\u00e5ter og driter i at kameraene er til stede.\u00a0<\/p>\n<p data-lab-italic=\"italic\" class=\"italic m-italic\">&#8211; Hvordan har \u00e5ret p\u00e5 g\u00e5rden v\u00e6rt?<\/p>\n<p>&#8211; Det har v\u00e6rt nok et l\u00e6rerikt \u00e5r, hvor vi har gjort noen ting bra og noen ting d\u00e5rlig. Det har v\u00e6rt liv og d\u00f8d, g\u00f8rr, tragedier og suksesser.\u00a0<\/p>\n<p>Dukker opp\t<\/p>\n<p>Seerne f\u00e5r ogs\u00e5 et gjensyn med\u00a0 \u00ab71\u00b0 nord \u2013 team\u00bb, \u00ab16 ukers helvete\u00bb,\u00a0 \u00abAlle mot alle\u00bb, \u00abSistemann ut\u00bb, samt humorserien \u00abBausjen\u00bb.\u00a0<\/p>\n<p>Tidligere politiker Per Sandberg (65) er en av dem som f\u00e5r kj\u00f8rt seg i 16 uker av idrettsut\u00f8ver Martin Johnsrud Sundby (41) og ern\u00e6ringsfysiolog Anette Skarpaas Ramm.\u00a0<\/p>\n<p>          <img loading=\"lazy\" decoding=\"async\" src=\"https:\/\/www.europesays.com\/no\/wp-content\/uploads\/2025\/11\/83875082.webp\" width=\"686\" height=\"776\" title=\"\u00ab16 UKERS\u00bb: Deltakere Lise Karlsnes, Henrik Overaa Bj\u00f8rnsson, Aurora Hoff, TIX og Per Sandberg. Kasper Wikestad var ikke til stede. Foto: Andreas Fadum\/Se og H\u00f8r\" alt=\"\" class=\"\" style=\"--aspect-ratio-image: 0.88; \"\/><\/p>\n<p>\n          \u00ab16 UKERS\u00bb: Deltakere Lise Karlsnes, Henrik Overaa Bj\u00f8rnsson, Aurora Hoff, TIX og Per Sandberg. Kasper Wikestad var ikke til stede. Foto: Andreas Fadum\/Se og H\u00f8r\n      <\/p>\n<p>Han legger ikke skjul p\u00e5 at opplevelsen har v\u00e6rt slitsom, men sier han er overlykkelig for at han ble spurt om \u00e5 v\u00e6re med.\u00a0<\/p>\n<p>&#8211; Det var akkurat det jeg trengte. Kroppen holdt p\u00e5 \u00e5 r\u00e5tne fullstendig opp. Jeg er evig takknemlig! sier han til Se og H\u00f8r.\u00a0<\/p>\n<p>Kroppen har f\u00e5tt kj\u00f8rt seg, avsl\u00f8rer Sandberg.\u00a0<\/p>\n<p>          <img loading=\"lazy\" decoding=\"async\" src=\"https:\/\/www.europesays.com\/no\/wp-content\/uploads\/2025\/11\/83874941.webp\" width=\"686\" height=\"460\" title=\"VENNER IGJEN: Martin Johnsrud Sundby har pisket Per Sandberg i 16 uker. Foto: Andreas Fadum\/Se og H\u00f8r\" alt=\"\" class=\"\" style=\"--aspect-ratio-image: 1.49; \"\/><\/p>\n<p>\n          VENNER IGJEN: Martin Johnsrud Sundby har pisket Per Sandberg i 16 uker. Foto: Andreas Fadum\/Se og H\u00f8r\n      <\/p>\n<p>&#8211; Det mest krevende var samlingene hvor \u00abterroristen\u00bb Sundby var til stede, uten tvil! Den uken vi hadde treningsleir p\u00e5 Kypros var noe av det mest smertefulle jeg har v\u00e6rt gjennom i hele mitt liv.\u00a0<\/p>\n<p>I \u00abSistemann ut\u00bb f\u00e5r seerne et gjensyn med tidligere \u00abSkal vi danse\u00bb-dommer Trine Dehli Cleve (65), mens tidligere justisminister Emilie Enger Mehl (32) og tidligere alpinist Kjetil Jansrud (40) dukker opp p\u00e5 lag i \u00abAlle mot alle\u00bb.<\/p>\n<p>          <img loading=\"lazy\" decoding=\"async\" src=\"https:\/\/www.europesays.com\/no\/wp-content\/uploads\/2025\/11\/83875117.webp\" width=\"686\" height=\"1029\" title=\"\u00ab71 GRADER NORD - TEAM\u00bb: Gaute Gr\u00f8tta Grav og broren Sturla Gr\u00f8tta Grav skal konkurrere i turprogrammet. Foto: Andreas Fadum\/Se og H\u00f8r\" alt=\"\" class=\"\" style=\"--aspect-ratio-image: 0.67; \"\/><\/p>\n<p>\n          \u00ab71 GRADER NORD &#8211; TEAM\u00bb: Gaute Gr\u00f8tta Grav og broren Sturla Gr\u00f8tta Grav skal konkurrere i turprogrammet. Foto: Andreas Fadum\/Se og H\u00f8r\n      <\/p>\n<p>          <img loading=\"lazy\" decoding=\"async\" src=\"https:\/\/www.europesays.com\/no\/wp-content\/uploads\/2025\/11\/83875116.webp\" width=\"686\" height=\"1029\" title=\"\u00ab71 GRADER NORD - TEAM\u00bb: Det skal ogs\u00e5 Caroline Nitter med s\u00f8steren Ingeborg (til venstre). Foto: Andreas Fadum\/Se og H\u00f8r\" alt=\"\" class=\"\" style=\"--aspect-ratio-image: 0.67; \"\/><\/p>\n<p>\n          \u00ab71 GRADER NORD &#8211; TEAM\u00bb: Det skal ogs\u00e5 Caroline Nitter med s\u00f8steren Ingeborg (til venstre). Foto: Andreas Fadum\/Se og H\u00f8r\n      <\/p>\n<p>Pusser opp sammen\t<\/p>\n<p>I tillegg til flere kjente konsepter, er det ogs\u00e5 nye programmer p\u00e5 menyen. Blant dem finner vi \u00abSolveig og Johns Dolce Villa\u00bb.\u00a0<\/p>\n<p>P\u00e5 seks uker skal Solveig Kloppen (54) og John Brungot (48) kj\u00f8pe og totalrenovere et gammelt hus i Toscana, til prisen av en norsk fjellhytte.<\/p>\n<p>          <img loading=\"lazy\" decoding=\"async\" src=\"https:\/\/www.europesays.com\/no\/wp-content\/uploads\/2025\/11\/83875017.webp\" width=\"686\" height=\"906\" title=\"PUSSET OPP I ITALIA: John Brungot og Solveig Kloppen. Foto: Andreas Fadum\/Se og H\u00f8r\" alt=\"\" class=\"\" style=\"--aspect-ratio-image: 0.76; \"\/><\/p>\n<p>\n          PUSSET OPP I ITALIA: John Brungot og Solveig Kloppen. Foto: Andreas Fadum\/Se og H\u00f8r\n      <\/p>\n<p>&#8211; Men med tjue tommeltotter, null kontakter og et ordforr\u00e5d som stopper ved \u00abciao\u00bb, blir eventyret raskt et villere prosjekt enn planlagt. Dette er ikke et rent oppussingsprogram, men en varm og morsom serie om vennskap og kultur, og den gir i hvert fall meg et intenst behov for \u00e5 komme meg til Italia, sier ansvarlig redakt\u00f8r Magnus Vatn.\u00a0<\/p>\n<p class=\"font-weight-bold m-font-weight-bold\" data-lab-font_weight=\"font-weight-bold\">&#8211; Et intens kaos og berusende, er ordene som Brungot bruker for \u00e5 beskrive oppussingen overfor Se og H\u00f8r.<\/p>\n<p>Kloppen forklarer at de var helt avhengelige av \u00e5 ha italienerne med p\u00e5 laget for \u00e5 klare oppussingen &#8211; men at de var sv\u00e6rt glade i alkohol. Derfor ble det ofte noen glass vin sammen f\u00f8r de kom i gang.\u00a0<\/p>\n<p>        \u00abNORSKE TALENTER\u00bb: Dommerne f\u00e5r klar beskjed av programleder Solveig Kloppen &#8211; s\u00e5 skjer dette. Video: \u00abNorske talenter\u00bb\/MAX.<\/p>\n<p>&#8211; Det kan kanskje ses p\u00e5 resultatet. Jeg frykter det, sp\u00f8ker Brungot.\u00a0<\/p>\n<p>Skal l\u00f8se krimsaker\u00a0\t<\/p>\n<p>Den tidligere politietterforskeren Johnny Brenna (61) blir ogs\u00e5 \u00e5 se p\u00e5 skjermen &#8211; i programmet \u00abKrimvakta\u00bb. Her skal Brenna og teamet hans l\u00f8se saker som politiet har henlagt, s\u00f8rge for gjenopptakelse og sikre rettferdighet til ofrene.<\/p>\n<p>          <img loading=\"lazy\" decoding=\"async\" src=\"https:\/\/www.europesays.com\/no\/wp-content\/uploads\/2025\/11\/83875102.webp\" width=\"686\" height=\"460\" title=\"NY SERIE: Johnny Brenna (til h\u00f8yre) med sitt team. Foto: Andreas Fadum\/Se og H\u00f8r\" alt=\"\" class=\"\" style=\"--aspect-ratio-image: 1.49; \"\/><\/p>\n<p>\n          NY SERIE: Johnny Brenna (til h\u00f8yre) med sitt team. Foto: Andreas Fadum\/Se og H\u00f8r\n      <\/p>\n<p>&#8211;\u00a0 Tyveri, h\u00e6rverk, vold og svindel er eksempler p\u00e5 lovbrudd hvor behandlingstiden fra anmeldelse til henleggelse har v\u00e6rt lynrask. Dette kan v\u00e6re med p\u00e5 \u00e5 undergrave rettsf\u00f8lelsen i befolkningen, og vi h\u00e5per at dokumentarserien \u00abKrimvakta\u00bb kan v\u00e6re med p\u00e5 \u00e5 gj\u00f8re en forskjell, sier Vatn.\u00a0<\/p>\n<p>          <img loading=\"lazy\" decoding=\"async\" src=\"https:\/\/www.europesays.com\/no\/wp-content\/uploads\/2025\/11\/83875108.webp\" width=\"686\" height=\"460\" title=\"\u00abBASIC BITCH B\u00c6RUM\u00bb: Ylva Thedin, Sofie Wager, Maxime Jacobsen og Emma Steinbakken. Foto: Andreas Fadum\/Se og H\u00f8r\" alt=\"\" class=\"\" style=\"--aspect-ratio-image: 1.49; \"\/><\/p>\n<p>\n          \u00abBASIC BITCH B\u00c6RUM\u00bb: Ylva Thedin, Sofie Wager, Maxime Jacobsen og Emma Steinbakken. Foto: Andreas Fadum\/Se og H\u00f8r\n      <\/p>\n<p> I tillegg kommer dokumentaren \u00abBrutalt brorskap &#8211; Oslo\u00bb, som gir innblikk i gjengmilj\u00f8ene i Norge, og humorserien \u00abBasic Bitch B\u00e6rum\u00bb, der artist Emma Steinbakken (22) gj\u00f8r sin skuespillerdebut. <\/p>\n","protected":false},"excerpt":{"rendered":"Onsdag ettermiddag var det duket for v\u00e5rlanseringen til Warner Bros. Discovery i kulturkirken Jakob i Oslo sentrum.\u00a0 Her&hellip;\n","protected":false},"author":2,"featured_media":91227,"comment_status":"","ping_status":"","sticky":false,"template":"","format":"standard","meta":{"footnotes":""},"categories":[58],"tags":[3435,71,3753,479,2543,30,28,29,2785,72,11940],"class_list":{"0":"post-93131","1":"post","2":"type-post","3":"status-publish","4":"format-standard","5":"has-post-thumbnail","7":"category-underholdning","8":"tag-discovery","9":"tag-entertainment","10":"tag-jon-almaas","11":"tag-kjendis","12":"tag-kjendisdesken","13":"tag-no","14":"tag-norge","15":"tag-norway","16":"tag-tvnorge","17":"tag-underholdning","18":"tag-varlansering"},"share_on_mastodon":{"url":"https:\/\/pubeurope.com\/@no\/115588863530968634","error":""},"_links":{"self":[{"href":"https:\/\/www.europesays.com\/no\/wp-json\/wp\/v2\/posts\/93131","targetHints":{"allow":["GET"]}}],"collection":[{"href":"https:\/\/www.europesays.com\/no\/wp-json\/wp\/v2\/posts"}],"about":[{"href":"https:\/\/www.europesays.com\/no\/wp-json\/wp\/v2\/types\/post"}],"author":[{"embeddable":true,"href":"https:\/\/www.europesays.com\/no\/wp-json\/wp\/v2\/users\/2"}],"replies":[{"embeddable":true,"href":"https:\/\/www.europesays.com\/no\/wp-json\/wp\/v2\/comments?post=93131"}],"version-history":[{"count":0,"href":"https:\/\/www.europesays.com\/no\/wp-json\/wp\/v2\/posts\/93131\/revisions"}],"wp:featuredmedia":[{"embeddable":true,"href":"https:\/\/www.europesays.com\/no\/wp-json\/wp\/v2\/media\/91227"}],"wp:attachment":[{"href":"https:\/\/www.europesays.com\/no\/wp-json\/wp\/v2\/media?parent=93131"}],"wp:term":[{"taxonomy":"category","embeddable":true,"href":"https:\/\/www.europesays.com\/no\/wp-json\/wp\/v2\/categories?post=93131"},{"taxonomy":"post_tag","embeddable":true,"href":"https:\/\/www.europesays.com\/no\/wp-json\/wp\/v2\/tags?post=93131"}],"curies":[{"name":"wp","href":"https:\/\/api.w.org\/{rel}","templated":true}]}}