{"id":93132,"date":"2025-11-21T17:29:35","date_gmt":"2025-11-21T17:29:35","guid":{"rendered":"https:\/\/www.europesays.com\/no\/93132\/"},"modified":"2025-11-21T17:29:35","modified_gmt":"2025-11-21T17:29:35","slug":"melania-trumps-elie-saab-kjole-far-oppmerksomhet-2","status":"publish","type":"post","link":"https:\/\/www.europesays.com\/no\/93132\/","title":{"rendered":"Melania Trumps Elie Saab-kjole f\u00e5r oppmerksomhet"},"content":{"rendered":"<p class=\"kicker \" style=\"\">Melania Trump:\u00a0<\/p>\n<p>  USAs presidentpar holdt gallamiddag til \u00e6re for Saudi-Arabias kronprins. Spesielt \u00e9n ting ved f\u00f8rstedamens antrekk vekket oppmerksomhet.<\/p>\n<p>\n    STJAL SHOWET: Melania Trump str\u00e5lte i en gr\u00f8nn kjole da Saudi-Arabias statsleder bes\u00f8kte Det hvite hus. Kjolen vekket oppsikt av flere grunner. Foto: Kevin Lamarque \/ REUTERS \/ NTB\n  <\/p>\n<p>Natt til onsdag norsk tid inviterte USAs president Donald Trump (79) til gallamiddag i Det hvite hus, i anledning bes\u00f8ket fra Saudi-Arabias kronprins og statsminister Mohammed bin Salman (40).<\/p>\n<p>    <a itemprop=\"url\" href=\"https:\/\/www.seher.no\/kongelig\/full-krangel-pa-bakrommet\/83617744\" rel=\"nofollow noopener\" target=\"_blank\"><\/p>\n<p>      <img loading=\"lazy\" decoding=\"async\" src=\"https:\/\/www.europesays.com\/no\/wp-content\/uploads\/2025\/11\/83617973.webp\" width=\"980\" height=\"441\" title=\"Full krangel p\u00e5 bakrommet\" alt=\"\" class=\"lazyload\" style=\"--aspect-ratio-image: 2.22; \"\/><\/p>\n<p>        Full krangel p\u00e5 bakrommet<\/p>\n<p>    <\/a><\/p>\n<p data-lab-font_weight=\"\">Tirsdag kveld norsk tid ble det h\u00f8y temperatur under en pressekonferanse med den kontroversielle statslederen.\u00a0<\/p>\n<p>        \u00c5RETS ROMANSE?: De to deltakerne forteller at de har f\u00e5tt en god tone i l\u00f8pet av deltakelsen i \u00abSkal vi danse\u00bb. Video: Nora Skavhaug\/Thea Hope\/R\u00f8d L\u00f8per<\/p>\n<p class=\"font-weight-bold m-font-weight-bold\" data-lab-font_weight=\"font-weight-bold\">Melania Trump (55), p\u00e5 sin side, s\u00f8rger for at en del av overskriftene heller fokuserer p\u00e5 hva hun var if\u00f8rt p\u00e5 den nevnte gallamiddagen, der celebriteter som Cristiano Ronaldo (40) og Elon Musk (54) ogs\u00e5 var blant gjestene.<\/p>\n<p>          <img loading=\"lazy\" decoding=\"async\" src=\"https:\/\/www.europesays.com\/no\/wp-content\/uploads\/2025\/11\/1763746169_268_83874963.webp\" width=\"686\" height=\"501\" title=\"GALLAMIDDAG: Under gallamiddagen i forbindelse med bes\u00f8ket til Saudi-Arabias kronprins og statsminister, Mohammed bin Salman, vekket antrekket til Melania Trump oppsikt. Foto: Alex Brandon \/ AP Photo \/ NTB\" alt=\"\" class=\"\" style=\"--aspect-ratio-image: 1.37; \"\/><\/p>\n<p>\n          GALLAMIDDAG: Under gallamiddagen i forbindelse med bes\u00f8ket til Saudi-Arabias kronprins og statsminister, Mohammed bin Salman, vekket antrekket til Melania Trump oppsikt. Foto: Alex Brandon \/ AP Photo \/ NTB\n      <\/p>\n<p>&#8211; Kveldens store snakkis\t<\/p>\n<p class=\"font-weight-normal m-font-weight-normal\" data-lab-font_weight=\"font-weight-normal\">F\u00f8rstedamens antrekk har det med \u00e5 tiltrekke seg oppmerksomhet, og denne anledningen er alts\u00e5 ikke et unntak.\u00a0<\/p>\n<p class=\"font-weight-bold m-font-weight-bold\" data-lab-font_weight=\"font-weight-bold\">Til gallamiddagen stilte hun i en smaragdgr\u00f8nn, stroppel\u00f8s aftenkjole med markert drapering i front.\u00a0<\/p>\n<p>    <a itemprop=\"url\" href=\"https:\/\/www.seher.no\/kongelig\/elegant-til-fingerspissene\/83606736\" rel=\"nofollow noopener\" target=\"_blank\"><\/p>\n<p>      <img loading=\"lazy\" decoding=\"async\" src=\"https:\/\/www.europesays.com\/no\/wp-content\/uploads\/2025\/11\/83606944.webp\" width=\"980\" height=\"441\" title=\"Elegant til fingerspissene\" alt=\"\" class=\"lazyload\" style=\"--aspect-ratio-image: 2.22; \"\/><\/p>\n<p>        Elegant til fingerspissene<\/p>\n<p>    <\/a><\/p>\n<p class=\"font-weight-normal m-font-weight-normal\" data-lab-font_weight=\"font-weight-normal\">Designeren bak er den libanesiske kjendisfavoritten Elie Saab (61), og merket delte selv et innlegg av Melania Trump i kjolen p\u00e5 sin <a href=\"https:\/\/www.instagram.com\/eliesaabworld\/\" rel=\"nofollow noopener\" target=\"_blank\">Instagram-profil<\/a>. I skrivende stund er imidlertid innlegget ikke lenger tilgjengelig.\u00a0<\/p>\n<p>          <img loading=\"lazy\" decoding=\"async\" src=\"https:\/\/www.europesays.com\/no\/wp-content\/uploads\/2025\/11\/1763746173_152_83874955.webp\" width=\"686\" height=\"831\" title=\"GR\u00d8NN: Flere har p\u00e5pekt at Melania Trump hadde p\u00e5 seg en gr\u00f8nn kjole under gallamiddagen, den samme fargen som flagget til Saudi-Arabia. Foto: Alex Brandon \/ AP Photo \/ NTB\" alt=\"\" class=\"\" style=\"--aspect-ratio-image: 0.83; \"\/><\/p>\n<p>\n          GR\u00d8NN: Flere har p\u00e5pekt at Melania Trump hadde p\u00e5 seg en gr\u00f8nn kjole under gallamiddagen, den samme fargen som flagget til Saudi-Arabia. Foto: Alex Brandon \/ AP Photo \/ NTB\n      <\/p>\n<p class=\"font-weight-bold m-font-weight-bold\" data-lab-font_weight=\"font-weight-bold\">Flere mener at valget av kjole &#8211; mer spesifikt kjolens farge &#8211; kan sees som et eksempel p\u00e5 diplomatisk mote eller motediplomati: Hvordan kl\u00e6r brukes bevisst for \u00e5 formidle kulturelle signaler, bygge relasjoner og uttrykke politiske hensyn gjennom stil.<\/p>\n<p>        TAR OVER TIKTOK: Emilie Enger Mehl r\u00f8per hva hun syns om de virale \u00abSkal vi danse\u00bb-videoene av seg selv. Reporter: Sanne Holt\/ Karolina G. Rusov-Hansen. Video: TV 2\/ Tiktok @hallastalker\/ @lmd20055\/ @aylinbraathen<\/p>\n<p>Marie Claire Arabia skriver\u00a0<a href=\"https:\/\/www.instagram.com\/p\/DROvAwpDDVR\/\" rel=\"nofollow noopener\" target=\"_blank\">p\u00e5 Instagram<\/a>:\u00a0<\/p>\n<p>\u00abValget av gr\u00f8nt, som gjenspeiler fargen i det saudiarabiske flagget, tilf\u00f8rer en subtil gest av respekt og gj\u00f8r det elegante antrekket b\u00e5de stilsikkert og symbolsk\u00bb (oversatt fra engelsk, journ.anm.).<\/p>\n<p>          <img loading=\"lazy\" decoding=\"async\" src=\"https:\/\/www.europesays.com\/no\/wp-content\/uploads\/2025\/11\/83875229.webp\" width=\"686\" height=\"817\" title=\"I GR\u00d8NT: Kjolen til Melania Trump vakte oppsikt. Desgineren er libanesiske Elie Saab. Foto: Kevin Lamarque \/ REUTERS \/ NTB\" alt=\"\" class=\"\" style=\"--aspect-ratio-image: 0.84; \"\/><\/p>\n<p>\n          I GR\u00d8NT: Kjolen til Melania Trump vakte oppsikt. Desgineren er libanesiske Elie Saab. Foto: Kevin Lamarque \/ REUTERS \/ NTB\n      <\/p>\n<p>Indiske <a href=\"https:\/\/www.news18.com\/world\/melanias-emerald-moment-first-ladys-strapless-gown-is-internets-new-obsession-ws-l-9717128.html\" rel=\"nofollow noopener\" target=\"_blank\">News18<\/a>\u00a0skriver at f\u00f8rstedamens stroppel\u00f8se aftenkjole \u00aber internettets nye besettelse\u00bb, og legger til at den b\u00e5de ble kveldens store snakkis under gallamiddagen og \u00abutl\u00f8ste en b\u00f8lge av beundring i sosiale medier\u00bb. I likhet med Marie Claire Arabia skriver nyhetsnettstedet at kjolens farge skulle speile det m\u00f8rkegr\u00f8nne flagget til Saudi-Arabia.\u00a0<\/p>\n<p>    <a itemprop=\"url\" href=\"https:\/\/www.seher.no\/kjendis\/vaert-en-utrolig-toff-periode\/83870493\" rel=\"nofollow noopener\" target=\"_blank\"><\/p>\n<p>      <img loading=\"lazy\" decoding=\"async\" src=\"https:\/\/www.europesays.com\/no\/wp-content\/uploads\/2025\/11\/1763746175_532_83873357.webp\" width=\"980\" height=\"441\" title=\"- En utrolig t\u00f8ff periode\" alt=\"\" class=\"lazyload\" style=\"--aspect-ratio-image: 2.22; \"\/><\/p>\n<p>        &#8211; En utrolig t\u00f8ff periode<\/p>\n<p>    <\/a><\/p>\n<p>\u00abHot\u00bb og nesten utsolgt\t<\/p>\n<p>Det indiske nyhetsmagasinet <a href=\"https:\/\/www.theweek.in\/news\/middle-east\/2025\/11\/19\/the-story-behind-melania-trump-s-stunning-emerald-dress-diplomatic-message-or-routine-choice.html\" rel=\"nofollow noopener\" target=\"_blank\">The Week<\/a>\u00a0melder at f\u00f8rstedamens\u00a0\u00absl\u00e5ende kjole\u00bb fanget manges oppmerksomhet, og henviser ogs\u00e5 til teorien om at fargen er et subtilt nikk til det saudiarabiske flagget.\u00a0<\/p>\n<p>The Week trekker ogs\u00e5 frem kommentarer som mener at fargevalget like gjerne kan v\u00e6re et rent motevalg, og at det er mulig \u00e5 feiltolke det hele ved \u00e5 tillegge fargen en mening den ikke n\u00f8dvendigvis har.\u00a0\u00a0<\/p>\n<p>          <img loading=\"lazy\" decoding=\"async\" src=\"https:\/\/www.europesays.com\/no\/wp-content\/uploads\/2025\/11\/1763746175_61_83874794.webp\" width=\"686\" height=\"563\" title=\"SL\u00c5ENDE: Flere medier har skrevet om kjolevalget til USAs f\u00f8rstedame, har beskrevet henne som sl\u00e5ende og en trendsetter. Foto: Kevin Lamarque \/ Reuters \/ NTB\" alt=\"\" class=\"\" style=\"--aspect-ratio-image: 1.22; \"\/><\/p>\n<p>\n          SL\u00c5ENDE: Flere medier har skrevet om kjolevalget til USAs f\u00f8rstedame, har beskrevet henne som sl\u00e5ende og en trendsetter. Foto: Kevin Lamarque \/ Reuters \/ NTB\n      <\/p>\n<p class=\"font-weight-bold m-font-weight-bold\" data-lab-font_weight=\"font-weight-bold\">Magasinet <a href=\"https:\/\/www.hola.com\/us\/celebrities\/20251119868292\/melania-trump-jewel-green-strapless-gown\/\" rel=\"nofollow noopener\" target=\"_blank\">Hola!<\/a> skriver nettopp at den m\u00f8rkegr\u00f8nne fargen er ventet \u00e5 bli en av trendfargene den kommende v\u00e5rsesongen, i likhet med amerikanske\u00a0<a href=\"https:\/\/www.vogue.com\/article\/addressed-how-to-wear-the-colors-we-saw-on-the-spring-2026-runways\" rel=\"nofollow noopener\" target=\"_blank\">Vogue<\/a>.<\/p>\n<p class=\"font-weight-normal m-font-weight-normal\" data-lab-font_weight=\"font-weight-normal\">Symbolsk eller ikke, Melania Trumps Elie Saab-kjole er i skrivende stund utsolgt i nesten alle st\u00f8rrelser i merkets nettbutikk. Den har for \u00f8vrig en prislapp p\u00e5 2950 amerikanske dollar, eller rett i underkant av 30 000 norske kroner.\u00a0<\/p>\n<p><script async src=\"\/\/www.instagram.com\/embed.js\"><\/script><\/p>\n","protected":false},"excerpt":{"rendered":"Melania Trump:\u00a0 USAs presidentpar holdt gallamiddag til \u00e6re for Saudi-Arabias kronprins. Spesielt \u00e9n ting ved f\u00f8rstedamens antrekk vekket&hellip;\n","protected":false},"author":2,"featured_media":91396,"comment_status":"","ping_status":"","sticky":false,"template":"","format":"standard","meta":{"footnotes":""},"categories":[12],"tags":[6345,20,21,55,11957,24,25,15,479,22,23,1648,6082,13,30,28,29,14,16,26,27,42,43,44,45],"class_list":{"0":"post-93132","1":"post","2":"type-post","3":"status-publish","4":"format-standard","5":"has-post-thumbnail","7":"category-verden","8":"tag-antrekk","9":"tag-breaking-news","10":"tag-breakingnews","11":"tag-donald-trump","12":"tag-elie-saab","13":"tag-featured-news","14":"tag-featurednews","15":"tag-headlines","16":"tag-kjendis","17":"tag-latest-news","18":"tag-latestnews","19":"tag-melania-trump","20":"tag-mohammed-bin-salman","21":"tag-news","22":"tag-no","23":"tag-norge","24":"tag-norway","25":"tag-nyheter","26":"tag-overskrifter","27":"tag-top-stories","28":"tag-topstories","29":"tag-verden","30":"tag-world","31":"tag-world-news","32":"tag-worldnews"},"share_on_mastodon":{"url":"https:\/\/pubeurope.com\/@no\/115588875352405591","error":""},"_links":{"self":[{"href":"https:\/\/www.europesays.com\/no\/wp-json\/wp\/v2\/posts\/93132","targetHints":{"allow":["GET"]}}],"collection":[{"href":"https:\/\/www.europesays.com\/no\/wp-json\/wp\/v2\/posts"}],"about":[{"href":"https:\/\/www.europesays.com\/no\/wp-json\/wp\/v2\/types\/post"}],"author":[{"embeddable":true,"href":"https:\/\/www.europesays.com\/no\/wp-json\/wp\/v2\/users\/2"}],"replies":[{"embeddable":true,"href":"https:\/\/www.europesays.com\/no\/wp-json\/wp\/v2\/comments?post=93132"}],"version-history":[{"count":0,"href":"https:\/\/www.europesays.com\/no\/wp-json\/wp\/v2\/posts\/93132\/revisions"}],"wp:featuredmedia":[{"embeddable":true,"href":"https:\/\/www.europesays.com\/no\/wp-json\/wp\/v2\/media\/91396"}],"wp:attachment":[{"href":"https:\/\/www.europesays.com\/no\/wp-json\/wp\/v2\/media?parent=93132"}],"wp:term":[{"taxonomy":"category","embeddable":true,"href":"https:\/\/www.europesays.com\/no\/wp-json\/wp\/v2\/categories?post=93132"},{"taxonomy":"post_tag","embeddable":true,"href":"https:\/\/www.europesays.com\/no\/wp-json\/wp\/v2\/tags?post=93132"}],"curies":[{"name":"wp","href":"https:\/\/api.w.org\/{rel}","templated":true}]}}