{"id":93168,"date":"2025-11-21T18:14:16","date_gmt":"2025-11-21T18:14:16","guid":{"rendered":"https:\/\/www.europesays.com\/no\/93168\/"},"modified":"2025-11-21T18:14:16","modified_gmt":"2025-11-21T18:14:16","slug":"stabaek-bekkestua-bekreftet-blir-ny-stabaek-trener","status":"publish","type":"post","link":"https:\/\/www.europesays.com\/no\/93168\/","title":{"rendered":"Stab\u00e6k, Bekkestua | Bekreftet: Blir ny Stab\u00e6k-trener"},"content":{"rendered":"\n<p>Slik Budstikka erfarte tidligere fredag, er det tidligere B\u00e6rum-trener Luke Torjussen som skal ta over trenerrollen i Norges femte beste kvinnelag. Det erfarer Budstikka.<\/p>\n<p>\u2013 Jeg kan ikke kommentere det navnet, sa daglig leder i Stab\u00e6k Fotball, Stian Sunde, til Budstikka fredag ettermiddag.<\/p>\n<p>Men klokken 18 fredag kveld bekrefter Stab\u00e6k ansettelsen.<\/p>\n<p>\u2013 Gjennom flere gode samtaler rundt flere av de kvalitetsmark\u00f8rene vi som klubb har satt som viktige for SFK framover, har Luke Torjussen gitt oss et veldig solid inntrykk, sier sportssjef i Stab\u00e6k Fotball Kvinner, Marius A. Overmo, i en pressemelding.<\/p>\n<p>\u2013 Han har viktige erfaringer fra ulike roller, som hovedtrener i H\u00f8nefoss og B\u00e6rum, assistent i K\u00e5ffa i 2023 og ikke minst hovedtrenerjobben i Kolbotn i 2024. Her gjorde han ekspertenes tips til skam, og ble bel\u00f8nnet med nominasjon til \u00c5rets Trener i Toppserien, fortsetter Overmo.<\/p>\n<p>Det var sist helg det ble klart at Jan J\u00f6nsson ikke kom til \u00e5 fortsette som hovedtrener for Stab\u00e6k Fotball Kvinner. Etter to \u00e5r i sjefsstolen <a href=\"https:\/\/www.budstikka.no\/jan-j-nsson-gir-seg-i-stabak\/s\/5-55-2141716\" rel=\"Follow nofollow noopener\" target=\"_blank\">var 65-\u00e5ringen ferdig p\u00e5 Nadderud<\/a>.<\/p>\n<p>J\u00f6nsson er mest kjent som hovedtrener for herrelaget til klubben og var mannen som s\u00f8rget for at Stab\u00e6k s\u00e5 langt vant sitt eneste seriegull i 2008.<\/p>\n<p>N\u00e5 er sportssjef Overmo godt forn\u00f8yd med ansettelsen av erstatteren.<\/p>\n<p>\u2013 Vi f\u00e5r en trener som er sv\u00e6rt motivert for jobben mot \u00e5 vinne prosenter p\u00e5 utvikling &#8211; b\u00e5de p\u00e5 individniv\u00e5 og laget som helhet. Med et \u00f8nske om \u00e5 v\u00e6re med og bygge klubb, tydelighet p\u00e5 \u00f8nsker og krav i det sportslige, blir det nok en energisk hovedtrener \u00e5 finne i SFK-t\u00f8y p\u00e5 Nadderud, uttaler Overmo.<\/p>\n<p>Torjussen starter i jobben 1. januar 2026. Etter det Budstikka erfarer har han signert en to\u00e5rs avtale.<\/p>\n<p>  <a href=\"https:\/\/www.budstikka.no\/5-55-2143741\" class=\"related-teaser has-image default-story-teaser article--c-eRUmMG article--c-eRUmMG-jKCPdD-design-default\" rel=\"nofollow noopener\" target=\"_blank\"><\/p>\n<p>    <img decoding=\"async\" loading=\"lazy\"  src=\"https:\/\/www.europesays.com\/no\/wp-content\/uploads\/2025\/11\/NYE_NADDERUD-555.jpg\" alt=\"\" class=\"brick-c-cFOWSL\" style=\"\"\/><\/p>\n<p>\n            Les ogs\u00e5<\/p>\n<p>              Dette er avtalen mellom Stab\u00e6k og kommunen\n        <\/p>\n<p>  <\/a><br \/>\n  To \u00e5r<\/p>\n<p>Luke Torjussen (41) er opprinnelig fra Devon i det s\u00f8rvestlige delen England<\/p>\n<p>Engelskmannen, med norske aner, er ikke et uskrevet blad i fotballen i Asker og B\u00e6rum. Han har blant annet v\u00e6rt hovedtrener for B\u00e6rum i 2. divisjon.<\/p>\n<p>Etter at han ga seg som hovedtrener i B\u00e6rum, ble han hovedtrener for herrelaget til H\u00f8nefoss. S\u00e5 gikk ferden til KFUM i Oslo, der han var assistenttrener for laget som rykket opp til eliteserien.<\/p>\n<p>Deretter tok han over som hovedtrener for kvinnelaget til Kolbotn.<\/p>\n<p>\u2013 Vi skal v\u00e6re en utfordrer p\u00e5 kvinnesiden. Vi er best i v\u00e5r vektklasse p\u00e5 kvinnesiden, og vi har helt andre rammevilk\u00e5r enn de tre beste lagene, sier Sunde.<\/p>\n<p>Brann ble seriemester p\u00e5 kvinnesiden i 2025, foran V\u00e5lerenga og Rosenborg. Stab\u00e6k endte \u00e0 poeng med LSK Kvinner, men p\u00e5 femteplass med litt svakere m\u00e5lforskjell.<\/p>\n","protected":false},"excerpt":{"rendered":"Slik Budstikka erfarte tidligere fredag, er det tidligere B\u00e6rum-trener Luke Torjussen som skal ta over trenerrollen i Norges&hellip;\n","protected":false},"author":2,"featured_media":93169,"comment_status":"","ping_status":"","sticky":false,"template":"","format":"standard","meta":{"footnotes":""},"categories":[59],"tags":[36,1278,1916,30,28,29,83,82,405,1267,4649,2564,1510],"class_list":{"0":"post-93168","1":"post","2":"type-post","3":"status-publish","4":"format-standard","5":"has-post-thumbnail","7":"category-sport","8":"tag-art","9":"tag-bekkestua","10":"tag-nadderud-stadion","11":"tag-no","12":"tag-norge","13":"tag-norway","14":"tag-sport","15":"tag-sports","16":"tag-stabaek","17":"tag-stabaek-fotball","18":"tag-stabaek-fotball-kvinner","19":"tag-stabekk","20":"tag-story"},"share_on_mastodon":{"url":"https:\/\/pubeurope.com\/@no\/115589052056696026","error":""},"_links":{"self":[{"href":"https:\/\/www.europesays.com\/no\/wp-json\/wp\/v2\/posts\/93168","targetHints":{"allow":["GET"]}}],"collection":[{"href":"https:\/\/www.europesays.com\/no\/wp-json\/wp\/v2\/posts"}],"about":[{"href":"https:\/\/www.europesays.com\/no\/wp-json\/wp\/v2\/types\/post"}],"author":[{"embeddable":true,"href":"https:\/\/www.europesays.com\/no\/wp-json\/wp\/v2\/users\/2"}],"replies":[{"embeddable":true,"href":"https:\/\/www.europesays.com\/no\/wp-json\/wp\/v2\/comments?post=93168"}],"version-history":[{"count":0,"href":"https:\/\/www.europesays.com\/no\/wp-json\/wp\/v2\/posts\/93168\/revisions"}],"wp:featuredmedia":[{"embeddable":true,"href":"https:\/\/www.europesays.com\/no\/wp-json\/wp\/v2\/media\/93169"}],"wp:attachment":[{"href":"https:\/\/www.europesays.com\/no\/wp-json\/wp\/v2\/media?parent=93168"}],"wp:term":[{"taxonomy":"category","embeddable":true,"href":"https:\/\/www.europesays.com\/no\/wp-json\/wp\/v2\/categories?post=93168"},{"taxonomy":"post_tag","embeddable":true,"href":"https:\/\/www.europesays.com\/no\/wp-json\/wp\/v2\/tags?post=93168"}],"curies":[{"name":"wp","href":"https:\/\/api.w.org\/{rel}","templated":true}]}}