{"id":93170,"date":"2025-11-21T18:19:16","date_gmt":"2025-11-21T18:19:16","guid":{"rendered":"https:\/\/www.europesays.com\/no\/93170\/"},"modified":"2025-11-21T18:19:16","modified_gmt":"2025-11-21T18:19:16","slug":"politikk-stavanger-slik-kan-vi-ikke-ha-det","status":"publish","type":"post","link":"https:\/\/www.europesays.com\/no\/93170\/","title":{"rendered":"Politikk, Stavanger | \u2013 Slik kan vi ikke ha det"},"content":{"rendered":"\n<p>Hva mener du? Avgi din stemme lengre ned i saken.<\/p>\n<p>Etter at H\u00f8yre-ordf\u00f8rer gikk ut og pekte p\u00e5 eiendomsskatten for \u00e5 bedre \u00f8konomien i Stavanger, har debatten tilspisset seg i Stavanger.<\/p>\n<p>I en artikkel i <a href=\"https:\/\/www.aftenbladet.no\/lokalt\/i\/8plQ8d\/leif-arne-moi-nilsen-frp-tormod-losnedal-er-uegnet-som-ordfoerer\" rel=\"Follow nofollow noopener\" target=\"_blank\">Aftenbladet<\/a> sier Frp-toppen torsdag at han ikke mener Tormod Wilson Losnedal er skikket som ordf\u00f8rer.<\/p>\n<p><b>\u2013 Hvis jeg tar en mann i h\u00e5nden, s\u00e5 st\u00e5r jeg ved den avtalen. Hvis du er ordf\u00f8rer og ikke kan st\u00e5 ved den avtalen som er grunnen til at du er ordf\u00f8rer, s\u00e5 er du ikke egnet som ordf\u00f8rer.<\/b><\/p>\n<p>Fredag g\u00e5r gruppelederne i H\u00f8yre, Venstre, KrF, Sp og Pp ut med en felles pressemelding der de tar sterk avstand fra denne uttalelsen.<\/p>\n<p>\u2013 Ordf\u00f8rer har formidlet det samtlige partier har diskutert seg fram til, og blir personlig angrepet p\u00e5 dette. Det synes vi ikke er akseptabelt. Det ikke brutt noen avtaler og det har v\u00e6rt \u00e6rlige og gode diskusjoner om dette hele veien med representanter fra Frp rundt bordet. Til slutt ble vi enige om \u00e5 v\u00e6re uenige. Moi Nilsens reaksjoner er derfor helt uproporsjonale, heter det i pressemeldingen.<\/p>\n<p>De peker p\u00e5 at Moi Nilsen blander sak og person, og kaller det et \u00ablavm\u00e5l\u00bb fra Frp-lederen.<\/p>\n<p><b>\u2013 Frp har hatt fulle muligheter til \u00e5 diskutere politikk, finne gode l\u00f8sninger for byen v\u00e5r, men velger kun \u00e5 angripe Tormod som person. Slik kan vi ikke ha det.<\/b><\/p>\n<p>Gruppelederne mener Losnedal har vist solide evner til \u00e5 lede.<\/p>\n<p>De kaller ham inkluderende, lyttende og forst\u00e5elsesfull overfor de andre partiene.<\/p>\n<p>I pressemeldingen pekes det ogs\u00e5 p\u00e5 at Frp har v\u00e6rt tydelig imot eiendomsskatt, men at de ikke har vist hvilke prioriteringer de \u00f8nsker \u00e5 gj\u00f8re i Stavanger.<\/p>\n<p>  <a href=\"https:\/\/www.rastavanger.no\/5-165-179224\" class=\"related-teaser has-image default-story-teaser article--c-eRUmMG article--c-eRUmMG-jKCPdD-design-default\" rel=\"nofollow noopener\" target=\"_blank\"><\/p>\n<p>    <img decoding=\"async\" loading=\"lazy\"  src=\"https:\/\/www.europesays.com\/no\/wp-content\/uploads\/2025\/11\/NTB_O5vXu1OMxpg.jpg\" alt=\"\" class=\"brick-c-cFOWSL\" style=\"\"\/><\/p>\n<p>\n            Les ogs\u00e5<\/p>\n<p>              Reagerer p\u00e5 lekkasje av hemmelig avtale: \u2013 Det er ikke s\u00e5nn det skal v\u00e6re\n        <\/p>\n<p>  <\/a><\/p>\n<p>  <a href=\"https:\/\/www.rastavanger.no\/5-165-179117\" class=\"related-teaser has-image default-story-teaser article--c-eRUmMG article--c-eRUmMG-jKCPdD-design-default\" rel=\"nofollow noopener\" target=\"_blank\"><\/p>\n<p>    <img decoding=\"async\" loading=\"lazy\"  src=\"https:\/\/www.europesays.com\/no\/wp-content\/uploads\/2025\/11\/Dag+Mossige+4.JPG\" alt=\"\" class=\"brick-c-cFOWSL\" style=\"\"\/><\/p>\n<p>\n            Les ogs\u00e5<\/p>\n<p>              Ap-toppen frir til H\u00f8yre: \u2013 Dette er en \u00e5pen invitasjon til de andre partiene\n        <\/p>\n<p>  <\/a><\/p>\n<p>  <a href=\"https:\/\/www.rastavanger.no\/5-165-178902\" class=\"related-teaser has-image default-story-teaser article--c-eRUmMG article--c-eRUmMG-jKCPdD-design-default\" rel=\"nofollow noopener\" target=\"_blank\"><\/p>\n<p>    <img decoding=\"async\" loading=\"lazy\"  src=\"https:\/\/www.europesays.com\/no\/wp-content\/uploads\/2025\/11\/523765346_2158731901217812_3071248342110862867_n.jpg\" alt=\"\" class=\"brick-c-cFOWSL\" style=\"\"\/><\/p>\n<p>\n            Les ogs\u00e5<\/p>\n<p>              Gikk i all hemmelighet inn for \u00f8l hos fris\u00f8rer, Ayia Napa-stemning og uteservering p\u00e5 Torget\n        <\/p>\n<p>  <\/a><\/p>\n<p>  <a href=\"https:\/\/www.rastavanger.no\/5-165-178850\" class=\"related-teaser has-image default-story-teaser article--c-eRUmMG article--c-eRUmMG-jKCPdD-design-default\" rel=\"nofollow noopener\" target=\"_blank\"><\/p>\n<p>    <img decoding=\"async\" loading=\"lazy\"  src=\"https:\/\/www.europesays.com\/no\/wp-content\/uploads\/2025\/11\/1763749156_872_8Q3A9565.jpg\" alt=\"\" class=\"brick-c-cFOWSL\" style=\"\"\/><\/p>\n<p>\n            Les ogs\u00e5<\/p>\n<p>              Derfor lekker Frp-topp hemmelige dokumenter: \u2013 Vi st\u00e5r i en forferdelig situasjon\n        <\/p>\n<p>  <\/a><\/p>\n","protected":false},"excerpt":{"rendered":"Hva mener du? Avgi din stemme lengre ned i saken. Etter at H\u00f8yre-ordf\u00f8rer gikk ut og pekte p\u00e5&hellip;\n","protected":false},"author":2,"featured_media":93171,"comment_status":"","ping_status":"","sticky":false,"template":"","format":"standard","meta":{"footnotes":""},"categories":[10],"tags":[36,20,21,24,25,15,22,23,13,30,28,29,14,1994,16,41,1306,1510,26,27],"class_list":{"0":"post-93170","1":"post","2":"type-post","3":"status-publish","4":"format-standard","5":"has-post-thumbnail","7":"category-norge","8":"tag-art","9":"tag-breaking-news","10":"tag-breakingnews","11":"tag-featured-news","12":"tag-featurednews","13":"tag-headlines","14":"tag-latest-news","15":"tag-latestnews","16":"tag-news","17":"tag-no","18":"tag-norge","19":"tag-norway","20":"tag-nyheter","21":"tag-ordforer","22":"tag-overskrifter","23":"tag-politikk","24":"tag-stavanger","25":"tag-story","26":"tag-top-stories","27":"tag-topstories"},"share_on_mastodon":{"url":"https:\/\/pubeurope.com\/@no\/115589072681041681","error":""},"_links":{"self":[{"href":"https:\/\/www.europesays.com\/no\/wp-json\/wp\/v2\/posts\/93170","targetHints":{"allow":["GET"]}}],"collection":[{"href":"https:\/\/www.europesays.com\/no\/wp-json\/wp\/v2\/posts"}],"about":[{"href":"https:\/\/www.europesays.com\/no\/wp-json\/wp\/v2\/types\/post"}],"author":[{"embeddable":true,"href":"https:\/\/www.europesays.com\/no\/wp-json\/wp\/v2\/users\/2"}],"replies":[{"embeddable":true,"href":"https:\/\/www.europesays.com\/no\/wp-json\/wp\/v2\/comments?post=93170"}],"version-history":[{"count":0,"href":"https:\/\/www.europesays.com\/no\/wp-json\/wp\/v2\/posts\/93170\/revisions"}],"wp:featuredmedia":[{"embeddable":true,"href":"https:\/\/www.europesays.com\/no\/wp-json\/wp\/v2\/media\/93171"}],"wp:attachment":[{"href":"https:\/\/www.europesays.com\/no\/wp-json\/wp\/v2\/media?parent=93170"}],"wp:term":[{"taxonomy":"category","embeddable":true,"href":"https:\/\/www.europesays.com\/no\/wp-json\/wp\/v2\/categories?post=93170"},{"taxonomy":"post_tag","embeddable":true,"href":"https:\/\/www.europesays.com\/no\/wp-json\/wp\/v2\/tags?post=93170"}],"curies":[{"name":"wp","href":"https:\/\/api.w.org\/{rel}","templated":true}]}}