{"id":93179,"date":"2025-11-21T18:28:16","date_gmt":"2025-11-21T18:28:16","guid":{"rendered":"https:\/\/www.europesays.com\/no\/93179\/"},"modified":"2025-11-21T18:28:16","modified_gmt":"2025-11-21T18:28:16","slug":"nyhet-sport-kristine-stavas-skistad-suveren-pa-beitostolen","status":"publish","type":"post","link":"https:\/\/www.europesays.com\/no\/93179\/","title":{"rendered":"Nyhet, Sport | Kristine Stav\u00e5s Skistad suveren p\u00e5 Beitost\u00f8len"},"content":{"rendered":"\n<p><b>BEITOST\u00d8LEN \/ OSLO<\/b> (<a href=\"https:\/\/www.nettavisen.no\/sport\/kristine-stavas-skistad-suveren-pa-beitostolen\/s\/5-95-2740898\" rel=\"Follow nofollow noopener\" target=\"_blank\">Nettavisen<\/a>): Kristine Stav\u00e5s Skistad viste styrke p\u00e5 Beitost\u00f8len fredag og vant sprinten.<\/p>\n<p>Det lover godt foran en sesong der det store m\u00e5let for langrennsut\u00f8verne er vinter-OL i Milano og Cortina neste \u00e5r.<\/p>\n<p>\u2013 Hun er overlegen i Norge per n\u00e5, sier NRKs Jann Post.<\/p>\n<p>NRK-ekspert Therese Johaug merket seg Stav\u00e5s Skistad som en favoritt etter semifinalene.<\/p>\n<p>\u2013 Kristine Stav\u00e5s Skistad har sett veldig sterk ut i dag, sier Johaug til kanalen. <\/p>\n<p>Stav\u00e5s Skistad fikk skiftelig advarsel <\/p>\n<p>I kvartfinaleheatet var imidlertid Stav\u00e5s Skistad n\u00e6r ved \u00e5 havne i skikkelig tr\u00f8bbel.<\/p>\n<p>Da hun skulle skifte spor s\u00e5 det nemlig ut til at hun var borti skiene til en konkurrent og NRK fanget raskt opp situasjonen. NRK-ekspert P\u00e5l Golberg mente raskt at situasjonen fort kunne f\u00f8re til at den norske stjernesprinteren fikk en advarsel.<\/p>\n<p>Kort tid etter ble det bekreftet at Stav\u00e5s Skistad fikk en skiftelig advarsel for hendelsen.<\/p>\n<p><b>Les ogs\u00e5: <a href=\"https:\/\/www.nettavisen.no\/sport\/tiril-eckhoff-stusser-over-kristine-stavas-skistad-det-nytter-ikke\/s\/5-95-2739278\" rel=\"Follow nofollow noopener\" target=\"_blank\">Tiril Eckhoff reagerer p\u00e5 Stav\u00e5s Skistad-valg: \u2013 Synd <\/a><\/b><\/p>\n<p>Regelen er slik at Konnerud-jenta dermed drar med seg den advarselen videre i konkurranser utover vintere.<\/p>\n<p>\u2013 Det kan sl\u00e5 tilbake mot henne om hun har et oppgj\u00f8r med svenskene senere i sesongen, sier kommentator Jann Post.<\/p>\n<p>Konkurrentene satte press p\u00e5 Stav\u00e5s Skistad <\/p>\n<p>Semifinalen ble heller ingen enkel jobb fra 26-\u00e5ringen, men hun gikk f\u00f8rst over m\u00e5lstreken. <\/p>\n<p>\u2013 De velger \u00e5 sette press p\u00e5 Skistad her ganske tidlig, sier Post om konkurrentenes taktikk i m\u00f8te med Stav\u00e5s Skistad.<\/p>\n<p>Hedda Bakkemo tok seg videre til finalen som nummer to i heatet, mens Ane Appelkvist Stenseth, som ledet lenge, m\u00e5tte ta til takke med fjerdeplassen og m\u00e5tte dermed vente i spenning p\u00e5 om tide var god nok for avansement.<\/p>\n<p>Og tiden holdt for Appelkvist Stenseth da det ikke gikk fort nok i det andre semifinaleheatet, der Margrete Dyrhovd og Lotta Udnes Weng tok seg direkte videre ved \u00e5 bli henholdsvis nummer en og to. Ingrid Aabrekk gikk ogs\u00e5 videre p\u00e5 tid. <\/p>\n","protected":false},"excerpt":{"rendered":"BEITOST\u00d8LEN \/ OSLO (Nettavisen): Kristine Stav\u00e5s Skistad viste styrke p\u00e5 Beitost\u00f8len fredag og vant sprinten. Det lover godt&hellip;\n","protected":false},"author":2,"featured_media":93180,"comment_status":"","ping_status":"","sticky":false,"template":"","format":"standard","meta":{"footnotes":""},"categories":[59],"tags":[36,794,30,28,29,447,83,82,1510],"class_list":{"0":"post-93179","1":"post","2":"type-post","3":"status-publish","4":"format-standard","5":"has-post-thumbnail","7":"category-sport","8":"tag-art","9":"tag-kristine-stavas-skistad","10":"tag-no","11":"tag-norge","12":"tag-norway","13":"tag-nyhet","14":"tag-sport","15":"tag-sports","16":"tag-story"},"share_on_mastodon":{"url":"https:\/\/pubeurope.com\/@no\/115589107138375260","error":""},"_links":{"self":[{"href":"https:\/\/www.europesays.com\/no\/wp-json\/wp\/v2\/posts\/93179","targetHints":{"allow":["GET"]}}],"collection":[{"href":"https:\/\/www.europesays.com\/no\/wp-json\/wp\/v2\/posts"}],"about":[{"href":"https:\/\/www.europesays.com\/no\/wp-json\/wp\/v2\/types\/post"}],"author":[{"embeddable":true,"href":"https:\/\/www.europesays.com\/no\/wp-json\/wp\/v2\/users\/2"}],"replies":[{"embeddable":true,"href":"https:\/\/www.europesays.com\/no\/wp-json\/wp\/v2\/comments?post=93179"}],"version-history":[{"count":0,"href":"https:\/\/www.europesays.com\/no\/wp-json\/wp\/v2\/posts\/93179\/revisions"}],"wp:featuredmedia":[{"embeddable":true,"href":"https:\/\/www.europesays.com\/no\/wp-json\/wp\/v2\/media\/93180"}],"wp:attachment":[{"href":"https:\/\/www.europesays.com\/no\/wp-json\/wp\/v2\/media?parent=93179"}],"wp:term":[{"taxonomy":"category","embeddable":true,"href":"https:\/\/www.europesays.com\/no\/wp-json\/wp\/v2\/categories?post=93179"},{"taxonomy":"post_tag","embeddable":true,"href":"https:\/\/www.europesays.com\/no\/wp-json\/wp\/v2\/tags?post=93179"}],"curies":[{"name":"wp","href":"https:\/\/api.w.org\/{rel}","templated":true}]}}