{"id":93181,"date":"2025-11-21T18:33:20","date_gmt":"2025-11-21T18:33:20","guid":{"rendered":"https:\/\/www.europesays.com\/no\/93181\/"},"modified":"2025-11-21T18:33:20","modified_gmt":"2025-11-21T18:33:20","slug":"gult-farevarsel-vaermelding-gult-farevarsel-overgang-til-mildvaer-gir-is-som-kan-vaere-vanskelig-a-se","status":"publish","type":"post","link":"https:\/\/www.europesays.com\/no\/93181\/","title":{"rendered":"Gult farevarsel, V\u00e6rmelding | Gult farevarsel: Overgang til mildv\u00e6r gir is som kan v\u00e6re vanskelig \u00e5 se"},"content":{"rendered":"\n<p>Meteorologisk institutt har fredag formiddag sendt ut et gult farevarsel for is som fryser p\u00e5 grunn av overgang til mildv\u00e6r og regn. Lokalt gjelder dette p\u00e5 kysten av Helgeland opp til R\u00f8d\u00f8y, mens det ogs\u00e5 gjelder hele Tr\u00f8ndelag.<\/p>\n<p>P\u00e5 de fleste stedene vil nedb\u00f8ren starte som sn\u00f8 eller sludd, og deretter fryse til is p\u00e5 bakken.<\/p>\n<p>Det ventes derfor lokalt vanskelige kj\u00f8reforhold.<\/p>\n<p>\u00abDet kan v\u00e6re lokalt vanskelige kj\u00f8reforhold. Transporttjenester kan ogs\u00e5 bli p\u00e5virket. V\u00e5t is i veibanen: Veibanen kan lokalt bli dekket av v\u00e5t is. Vurder bruk av brodder eller piggsko: Fare for h\u00e5lkef\u00f8re,\u00bb skriver Meteorologene, med hensyn ikke bare til dem som har tenkt seg ut i et motorisert kj\u00f8ret\u00f8y.<\/p>\n<p>R\u00e5det deres er \u00e5 beregne god ekstra god tid og tilpasse farten til forholdene.<\/p>\n<p>Til dem som har tenkt seg ut og bruker brodder eller piggsko, trekker Meteorologene fram at de m\u00e5 v\u00e6re oppmerksomme p\u00e5 at isen kan bli vanskelig \u00e5 se.<\/p>\n<p>Det meldes at faren \u00f8ker fredag fra 12.00, og det er ventet at faren minker l\u00f8rdag morgen.<\/p>\n","protected":false},"excerpt":{"rendered":"Meteorologisk institutt har fredag formiddag sendt ut et gult farevarsel for is som fryser p\u00e5 grunn av overgang&hellip;\n","protected":false},"author":2,"featured_media":93182,"comment_status":"","ping_status":"","sticky":false,"template":"","format":"standard","meta":{"footnotes":""},"categories":[10],"tags":[36,20,21,24,25,2125,15,2146,22,23,1782,1781,13,30,28,29,14,16,1783,1510,26,27,1784,101],"class_list":{"0":"post-93181","1":"post","2":"type-post","3":"status-publish","4":"format-standard","5":"has-post-thumbnail","7":"category-norge","8":"tag-art","9":"tag-breaking-news","10":"tag-breakingnews","11":"tag-featured-news","12":"tag-featurednews","13":"tag-gult-farevarsel","14":"tag-headlines","15":"tag-kysten","16":"tag-latest-news","17":"tag-latestnews","18":"tag-luroy","19":"tag-nesna","20":"tag-news","21":"tag-no","22":"tag-norge","23":"tag-norway","24":"tag-nyheter","25":"tag-overskrifter","26":"tag-rodoy","27":"tag-story","28":"tag-top-stories","29":"tag-topstories","30":"tag-traena","31":"tag-vaermelding"},"share_on_mastodon":{"url":"https:\/\/pubeurope.com\/@no\/115589126871008221","error":""},"_links":{"self":[{"href":"https:\/\/www.europesays.com\/no\/wp-json\/wp\/v2\/posts\/93181","targetHints":{"allow":["GET"]}}],"collection":[{"href":"https:\/\/www.europesays.com\/no\/wp-json\/wp\/v2\/posts"}],"about":[{"href":"https:\/\/www.europesays.com\/no\/wp-json\/wp\/v2\/types\/post"}],"author":[{"embeddable":true,"href":"https:\/\/www.europesays.com\/no\/wp-json\/wp\/v2\/users\/2"}],"replies":[{"embeddable":true,"href":"https:\/\/www.europesays.com\/no\/wp-json\/wp\/v2\/comments?post=93181"}],"version-history":[{"count":0,"href":"https:\/\/www.europesays.com\/no\/wp-json\/wp\/v2\/posts\/93181\/revisions"}],"wp:featuredmedia":[{"embeddable":true,"href":"https:\/\/www.europesays.com\/no\/wp-json\/wp\/v2\/media\/93182"}],"wp:attachment":[{"href":"https:\/\/www.europesays.com\/no\/wp-json\/wp\/v2\/media?parent=93181"}],"wp:term":[{"taxonomy":"category","embeddable":true,"href":"https:\/\/www.europesays.com\/no\/wp-json\/wp\/v2\/categories?post=93181"},{"taxonomy":"post_tag","embeddable":true,"href":"https:\/\/www.europesays.com\/no\/wp-json\/wp\/v2\/tags?post=93181"}],"curies":[{"name":"wp","href":"https:\/\/api.w.org\/{rel}","templated":true}]}}