{"id":93185,"date":"2025-11-21T18:35:16","date_gmt":"2025-11-21T18:35:16","guid":{"rendered":"https:\/\/www.europesays.com\/no\/93185\/"},"modified":"2025-11-21T18:35:16","modified_gmt":"2025-11-21T18:35:16","slug":"dette-sa-amorim-om-skadesituasjonen-og-afrikamesterskapet","status":"publish","type":"post","link":"https:\/\/www.europesays.com\/no\/93185\/","title":{"rendered":"Dette sa Amorim om skadesituasjonen og Afrikamesterskapet"},"content":{"rendered":"<p>R\u00faben Amorim kom forsinket til fredagens pressekonferanse etter \u00e5 ha hatt mye \u00e5 gj\u00f8re, og beklaget til journalistene f\u00f8r han begynte \u00e5 svare p\u00e5 sp\u00f8rsm\u00e5l.\u00a0<\/p>\n<p>Han fikk selvsagt sp\u00f8rsm\u00e5l om skadesituasjonen, og aller f\u00f8rst et sp\u00f8rsm\u00e5l om Benjamin Sesko.<\/p>\n<p class=\"font-weight-bold m-font-weight-bold\" data-lab-font_weight=\"font-weight-bold\">\u2013 Han kommer til \u00e5 v\u00e6re ute i noen uker, jeg vet ikke hvor lenge, men det er ikke s\u00e5 alvorlig. Vi m\u00e5 v\u00e6re forsiktige med ham. Han er i gang med rehabiliteringen, og han f\u00f8ler seg bedre, s\u00e5 jeg forventer \u00e5 ha \u00abBen\u00bb [tilgjengelig] om noen uker., sa Amorim.<\/p>\n<p>                <img decoding=\"async\" src=\"https:\/\/www.europesays.com\/no\/wp-content\/uploads\/2025\/11\/1404753.webp\" width=\"480\" height=\"274\" title=\"H\u00e5per \u00e5 ha Sesko tilbake.\" alt=\"\" loading=\"lazy\" style=\"\"\/><\/p>\n<p>\n            H\u00e5per \u00e5 ha Sesko tilbake.<br \/>\n            Robbie Jay Barratt &#8211; AMA\n        <\/p>\n<p> Simon Stone fra BBC lurte p\u00e5 om Seskos retur kunne bli omtrent samtidig som Amad og Mbeumo (og Mazraoui, men han ble ikke nevnt) drar til Afrikamesterskapet.<\/p>\n<p class=\"font-weight-bold m-font-weight-bold\" data-lab-font_weight=\"font-weight-bold\">\u2013 Jeg tror det blir mer eller mindre p\u00e5 samme tid, ja. Jeg vil ikke si noe sikkert, men jeg forventer \u00e5 ha Ben tilbake n\u00e5r de drar.<\/p>\n<p>Han ble ogs\u00e5 spurt om han vet n\u00e5r spillerne m\u00e5 dra til Afrikamesterskapet.<\/p>\n<p class=\"font-weight-bold m-font-weight-bold\" data-lab-font_weight=\"font-weight-bold\">\u2013 Vi har jo reglene som sier n\u00e5r vi m\u00e5 frigi spillerne, s\u00e5 vi f\u00e5r se. Vi gj\u00f8r jobben v\u00e5r med \u00e5 pr\u00f8ve \u00e5 f\u00e5 beholde spillerne litt lengre, men det er ikke bare vi som bestemmer, og vi m\u00e5 respektere det, men vi kommer til \u00e5 gj\u00f8re alt vi kan for \u00e5 beskytte klubben, spillerne og landslaget, sa Amorim, og ga uttrykk for at han tror det er to uker f\u00f8r starten av turneringen at spillerne i utgangspunktet m\u00e5 f\u00e5 dra.<\/p>\n<p>\u2013 Vi kommer til \u00e5 pr\u00f8ve \u00e5 organisere noe med spillernes forbund, men vi m\u00e5 respektere deres \u00f8nsker her.<\/p>\n<p>LES OGS\u00c5: <a href=\"https:\/\/www.united.no\/nyheter\/det-er-ikke-den-riktige-posisjonen-for-ham\/1404887\" rel=\"nofollow noopener\" target=\"_blank\">Amorim om mulig endring i posisjon for Mart\u00ednez: \u2013 Det er ikke den riktige posisjonen for ham<\/a><\/p>\n<p>                <img decoding=\"async\" src=\"https:\/\/www.europesays.com\/no\/wp-content\/uploads\/2025\/11\/1763750114_473_1399448.webp\" width=\"480\" height=\"274\" title=\"G\u00e5r trolig glipp av store deler av desember og januar.\" alt=\"Bryan Mbeumo og Amad jubler for f\u00f8rstnevntes 1-0-scoring mot Liverpool p\u00e5 Anfield, s\u00f8ndag 19. oktober 2025.\" loading=\"lazy\" style=\"\"\/><\/p>\n<p>\n            G\u00e5r trolig glipp av store deler av desember og januar.<br \/>\n            Peter Byrne &#8211; PA Images\n        <\/p>\n<p>Amorim ble spurt om dette gj\u00f8r at han er bekymret over at han ikke kommer til \u00e5 ha alle tilgjengelige til Wolves-kampen mandag 8. desember.\u00a0<\/p>\n<p>\u2013 Det er en bekymring, men det er noe vi allerede var klar over, og det vil v\u00e6re en mulighet for andre spillere. Vi har ogs\u00e5 U21-laget, minnet Amorim om.<\/p>\n<p>\u2013 Selvsagt er det ikke ideelt, for de er s\u00e5 viktige for laget v\u00e5rt, og vi har ikke en stor stall, men igjen: akademiet v\u00e5rt er til for slike \u00f8yeblikk, og de kommer til \u00e5 v\u00e6re klare.<\/p>\n<p>                <img decoding=\"async\" src=\"https:\/\/www.europesays.com\/no\/wp-content\/uploads\/2025\/11\/1403031.webp\" width=\"480\" height=\"274\" title=\"Kanskje f\u00e5r Jack Fletcher, her f\u00f8r Spurs-kampen, sjansen for United i l\u00f8pet av Afrikamesterskapet?\" alt=\"Jack Fletcher og Mason Mount f\u00f8r avspark mot Tottenham.\" loading=\"lazy\" style=\"\"\/><\/p>\n<p>\n            Kanskje f\u00e5r Jack Fletcher, her f\u00f8r Spurs-kampen, sjansen for United i l\u00f8pet av Afrikamesterskapet?<br \/>\n            John Walton &#8211; PA Images\n        <\/p>\n<p>Kobbie Mainoo og Harry Maguire manglet p\u00e5 fredagens trening, og dermed fikk Amorim selvsagt ogs\u00e5 sp\u00f8rsm\u00e5l om tilstanden til duoen.<\/p>\n<p class=\"font-weight-bold m-font-weight-bold\" data-lab-font_weight=\"font-weight-bold\">\u2013 Maguire er ikke klar. Kobbie trente ikke i dag, men jeg tror vi kan se Kobbie i morgen [p\u00e5 trening], s\u00e5 vi f\u00e5r se.<\/p>\n<p>Vi kommer tilbake med mer fra Amorims pressekonferanse.<\/p>\n<p>                <img decoding=\"async\" src=\"https:\/\/www.europesays.com\/no\/wp-content\/uploads\/2025\/11\/1404881.webp\" width=\"480\" height=\"274\" title=\"Harry Maguire og Kobbie Mainoo manglet p\u00e5 fredagens trening.\" alt=\"Montasje: Harry Maguire og Kobbie Mainoo, oktober\/november 2025.\" loading=\"lazy\" style=\"\"\/><\/p>\n<p>\n            Harry Maguire og Kobbie Mainoo manglet p\u00e5 fredagens trening.<br \/>\n            James Gill &#8211; Danehouse\n        <\/p>\n","protected":false},"excerpt":{"rendered":"R\u00faben Amorim kom forsinket til fredagens pressekonferanse etter \u00e5 ha hatt mye \u00e5 gj\u00f8re, og beklaget til journalistene&hellip;\n","protected":false},"author":2,"featured_media":93186,"comment_status":"","ping_status":"","sticky":false,"template":"","format":"standard","meta":{"footnotes":""},"categories":[59],"tags":[30,28,29,83,82],"class_list":{"0":"post-93185","1":"post","2":"type-post","3":"status-publish","4":"format-standard","5":"has-post-thumbnail","7":"category-sport","8":"tag-no","9":"tag-norge","10":"tag-norway","11":"tag-sport","12":"tag-sports"},"share_on_mastodon":{"url":"https:\/\/pubeurope.com\/@no\/115589134766645454","error":""},"_links":{"self":[{"href":"https:\/\/www.europesays.com\/no\/wp-json\/wp\/v2\/posts\/93185","targetHints":{"allow":["GET"]}}],"collection":[{"href":"https:\/\/www.europesays.com\/no\/wp-json\/wp\/v2\/posts"}],"about":[{"href":"https:\/\/www.europesays.com\/no\/wp-json\/wp\/v2\/types\/post"}],"author":[{"embeddable":true,"href":"https:\/\/www.europesays.com\/no\/wp-json\/wp\/v2\/users\/2"}],"replies":[{"embeddable":true,"href":"https:\/\/www.europesays.com\/no\/wp-json\/wp\/v2\/comments?post=93185"}],"version-history":[{"count":0,"href":"https:\/\/www.europesays.com\/no\/wp-json\/wp\/v2\/posts\/93185\/revisions"}],"wp:featuredmedia":[{"embeddable":true,"href":"https:\/\/www.europesays.com\/no\/wp-json\/wp\/v2\/media\/93186"}],"wp:attachment":[{"href":"https:\/\/www.europesays.com\/no\/wp-json\/wp\/v2\/media?parent=93185"}],"wp:term":[{"taxonomy":"category","embeddable":true,"href":"https:\/\/www.europesays.com\/no\/wp-json\/wp\/v2\/categories?post=93185"},{"taxonomy":"post_tag","embeddable":true,"href":"https:\/\/www.europesays.com\/no\/wp-json\/wp\/v2\/tags?post=93185"}],"curies":[{"name":"wp","href":"https:\/\/api.w.org\/{rel}","templated":true}]}}