{"id":93187,"date":"2025-11-21T18:40:15","date_gmt":"2025-11-21T18:40:15","guid":{"rendered":"https:\/\/www.europesays.com\/no\/93187\/"},"modified":"2025-11-21T18:40:15","modified_gmt":"2025-11-21T18:40:15","slug":"ny-variant-skiller-seg-ut","status":"publish","type":"post","link":"https:\/\/www.europesays.com\/no\/93187\/","title":{"rendered":"Ny variant skiller seg ut"},"content":{"rendered":"<p>    Kort fortalt<\/p>\n<ul lang=\"nb-NO\">\n<li>Influensaviruset sprer seg uvanlig tidlig i Norge og Europa.<\/li>\n<li>Helsedirekt\u00f8r Lofthus advarer om en hissig sesong med mange smittede.<\/li>\n<li>Undervarianten K av H3N2 er hoved\u00e5rsaken til den tidlige spredningen.<\/li>\n<li>Vaksinering er viktig, spesielt for risikogrupper, til tross for forel\u00f8pig begrenset kunnskap om vaksineeffekt.<\/li>\n<\/ul>\n<p class=\"italic ai-disclaimer\" data-lab-italic=\"italic\">Sammendraget er laget av ChatGPT og godkjent av Dagbladet.<\/p>\n<p>      Vis mer<br \/>\n      Vis mindre<\/p>\n<p>Influensaviruset har spredt seg uvanlig tidlig i Norge. Ogs\u00e5 i Europa og USA er sesongen i gang flere uker tidligere enn normalt.\u00a0<\/p>\n<p>Helsedirekt\u00f8r Cathrine M. Lofthus sa torsdag til Dagbladet at \u00e5rets sesong ser ut til \u00e5 v\u00e6re av<a href=\"https:\/\/www.dagbladet.no\/nyheter\/den-hissige-sorten\/83876994\" target=\"_blank\" rel=\"nofollow noopener\"> \u00abden hissige sorten\u00bb<\/a>, og at vi m\u00e5 belage oss p\u00e5 mange smittede framover.\u00a0<\/p>\n<p class=\"font-weight-bold m-font-weight-bold\" data-lab-font_weight=\"font-weight-bold\">Den store p\u00e5driveren for \u00e5rets smittesesong er en undervariant av influensaviruset A H3N2.<\/p>\n<p>H3N2 har ikke v\u00e6rt dominerende de siste sesongene, noe som kan medf\u00f8re lavere immunitet i befolkningen som ikke nylig har v\u00e6rt eksponert for influensasmitte, skriver det europeiske smittevernbyr\u00e5et ECDC i <a href=\"https:\/\/www.ecdc.europa.eu\/sites\/default\/files\/documents\/Threat%20Assessment%20Brief%20-%20Assessing%20the%20risk%20of%20increasing%20circulation%20of%20A%28H3N2%29%20subclade%20K.pdf\" target=\"_blank\" rel=\"nofollow noopener\">en fersk rapport<\/a>.\u00a0<\/p>\n<p>Det er imidlertid undervarianten \u00abK\u00bb, som n\u00e5 f\u00e5r skylda for at influensasesongen er i gang uvanlig tidlig. Og selv om varianten ikke ser ut til \u00e5 gi mer alvorlig sykdom, er kunnskapsgrunnlaget forel\u00f8pig spinkelt.\u00a0<\/p>\n<p>    <a itemprop=\"url\" href=\"https:\/\/www.dagbladet.no\/nyheter\/den-hissige-sorten\/83876994\" rel=\"nofollow noopener\" target=\"_blank\"><\/p>\n<p>      <img loading=\"lazy\" decoding=\"async\" src=\"https:\/\/www.europesays.com\/no\/wp-content\/uploads\/2025\/11\/1763750410_945_83878195.webp\" width=\"980\" height=\"441\" title=\"- Den hissige sorten\" alt=\"\" class=\"lazyload\" style=\"--aspect-ratio-image: 2.22; \"\/><\/p>\n<p>        &#8211; Den hissige sorten<\/p>\n<p>    <\/a><\/p>\n<p class=\"font-weight-bold m-font-weight-bold\" data-lab-font_weight=\"font-weight-bold\">Blant annet er det begrenset kunnskap om vaksineeffekten.\u00a0<\/p>\n<p class=\"font-weight-normal m-font-weight-normal\" data-lab-font_weight=\"font-weight-normal\">Under influensasesongen er det tre hovedtyper av influensa som kan sirkulere:\u00a0influensa<br \/>\nA (H1N1 og H3N2) og influensa B, forklarer\u00a0professor og vaksineekspert Gunnveig Gr\u00f8deland ved Oslo universitetssykehus.\u00a0<\/p>\n<p>&#8211;\u00a0 K-varianten<br \/>\ner en type H3N2-virus, som skiller seg litt fra de variantene av H3N2 som har<br \/>\nsirkulert tidligere. Mange vil derfor ikke ha antistoffer som kan blokkere smitte<br \/>\nmed denne varianten. Den er ikke farligere, men det er h\u00f8yere sannsynlighet for<br \/>\n\u00e5 bli smittet og flere vil merke symptomer, sier hun til Dagbladet.\u00a0<\/p>\n<p>        <img loading=\"lazy\" decoding=\"async\" itemprop=\"image\" src=\"https:\/\/www.europesays.com\/no\/wp-content\/uploads\/2025\/11\/83885005.webp\" width=\"180\" height=\"180\" alt=\"Gunnveig Gr\u00f8deland\"\/><\/p>\n<p>            Gunnveig Gr\u00f8deland<br \/>\n            Gunnveig<br \/>\n            Gr\u00f8deland        <\/p>\n<p>Professor innen vaksineutvikling og immunologi ved Universitetet i Oslo<\/p>\n<p class=\"font-weight-bold m-font-weight-bold\" data-lab-font_weight=\"font-weight-bold\">Tidligere gjennomg\u00e5tt sykdom vil imidlertid fortsatt gi god beskyttelse mot den nye varianten, sier hun.\u00a0<\/p>\n<p class=\"font-weight-bold m-font-weight-bold\" data-lab-font_weight=\"font-weight-bold\">&#8211;\u00a0\u00a0Men det er ekstra viktig at risikogruppene tar vaksine s\u00e5 snart som mulig. Det er undervurdert hvor alvorlig sykdom influensa kan medf\u00f8re.\u00a0<\/p>\n<p>&#8211; Ikke kjempeeffektive\t<\/p>\n<p>Analyser har vist at K-varianten skiller seg \u00abbetydelig\u00bb fra stammen vaksinene baserer seg p\u00e5, skriver ECDC.\u00a0<\/p>\n<p>          <img loading=\"lazy\" decoding=\"async\" src=\"https:\/\/www.europesays.com\/no\/wp-content\/uploads\/2025\/11\/83883729.webp\" width=\"980\" height=\"559\" title=\"HISSIG: \u00c5rets influensasesong starter tidligere enn normalt, og det er en hissig variant, opplyser helsemyndighetene. Foto: Kateryna Kon \/ Shutterstock \/ NTB\" alt=\"\" class=\"\" style=\"--aspect-ratio-image: 1.75; \"\/><\/p>\n<p>\n          HISSIG: \u00c5rets influensasesong starter tidligere enn normalt, og det er en hissig variant, opplyser helsemyndighetene. Foto: Kateryna Kon \/ Shutterstock \/ NTB\n      <\/p>\n<p> Laboratorieanalyser tyder ogs\u00e5 p\u00e5 at det er et \u00abmisforhold\u00bb mellom vaksinen og denne nye undervarianten, skriver smittevernbyr\u00e5et. De legger til at data om faktisk vaksineeffekt i befolkningen forel\u00f8pig er begrenset. <\/p>\n<p> If\u00f8lge data fra Storbritannias helsemyndighet, Health Security Agency, er \u00e5rets influensavaksine 70-75 prosent effektiv n\u00e5r det gjelder \u00e5 hindre sykehusinnleggelse hos barn, og 30-40 prosent effektiv hos voksne, skriver <a href=\"https:\/\/www.nytimes.com\/2025\/11\/19\/health\/flu-season-us.html\" target=\"_blank\" rel=\"nofollow noopener\">The New York Times<\/a>. <\/p>\n<p> &#8211; Influensavaksiner er ikke kjempeeffektive i normal\u00e5r, sier Gunnveig Gr\u00f8deland.\u00a0<\/p>\n<p>&#8211; Grunnen er at influensavirus muterer hele tida. Det tar nesten et \u00e5r fra man starter prosessen med \u00e5 velge ut hva som skal inn i vaksinen, og da har det oppst\u00e5tt en del endringer f\u00f8r den tas i bruk, som reduserer effekten ganske betydelig, forklarer hun.\u00a0<\/p>\n<p>    <a itemprop=\"url\" href=\"https:\/\/www.dagbladet.no\/nyheter\/stor-pagang-ber-om-hjelp-1\/83809160\" rel=\"nofollow noopener\" target=\"_blank\"><\/p>\n<p>      <img loading=\"lazy\" decoding=\"async\" src=\"https:\/\/www.europesays.com\/no\/wp-content\/uploads\/2025\/11\/1763750414_302_83809842.webp\" width=\"980\" height=\"441\" title=\"Stor p\u00e5gang: - Ber om hjelp\" alt=\"\" class=\"lazyload\" style=\"--aspect-ratio-image: 2.22; \"\/><\/p>\n<p>        Stor p\u00e5gang: &#8211; Ber om hjelp<\/p>\n<p>    <\/a><\/p>\n<p>Vanligvis ligger effekten p\u00e5 mellom 30 og 50 prosent.\u00a0<\/p>\n<p>&#8211; Veldig viktig\t<\/p>\n<p> Men dette gir ikke hele bildet.<\/p>\n<p>&#8211; De to typene av influensa A som sirkulerer i befolkningen, endrer seg hele tida. Det er derfor et sjansespill om vaksinen funker mot disse fra \u00e5r til \u00e5r. Det sagt, influensa B er s\u00e5 stabil at vaksinen alltid vil fungere mot denne. Derfor er det veldig viktig at risikogruppene tar vaksinen, selv om vaksinen et \u00e5r har redusert beskyttelse mot en eller begge variantene av influensa A.\u00a0<\/p>\n<p>Immunologen lister opp enda en grunn til \u00e5 ta vaksinen.<\/p>\n<p>&#8211; For eldre er det et viktig argument at den reduserer sannsynligheten for hjerte- og karsykdommer. Det b\u00f8r v\u00e6re en ekstra motivasjon.<\/p>\n<p>Ogs\u00e5 ECDC har en klar oppfordring om \u00e5 ta vaksinen.\u00a0<\/p>\n<p>&#8211;\u00a0 Selv om et A(H3N2)-virus som ikke passer helt med vaksinen skulle dominere denne vinteren, forventes vaksinen fortsatt \u00e5 gi beskyttelse mot alvorlig sykdom. Den forblir derfor et viktig folkehelsetiltak, konkluderer de.\u00a0<\/p>\n<p>Her hjemme oppfordret FHI torsdag til vaksinering, og det raskt.\u00a0<\/p>\n<p>&#8211;\u00a0 Sannsynligvis vil det v\u00e6re betydelig mer influensa i oml\u00f8p f\u00f8r jul enn det pleier. Det haster derfor med vaksinasjon av risikogrupper og helsepersonell med pasientkontakt, skrev FHI.\u00a0<\/p>\n<p> &#8211; B\u00f8r andre enn risikogruppene ogs\u00e5 vurdere \u00e5 ta vaksine i \u00e5r? <\/p>\n<p> &#8211; Nei, jeg tenker at anbefalingen fra FHI er veldig god, men hvis flere har lyst er det ikke feil, svarer Gr\u00f8deland.\u00a0<\/p>\n<p>    <a itemprop=\"url\" href=\"https:\/\/www.kk.no\/mamma\/drittlei-av-at-foreldre-sender-syke-barn-i-barnehagen\/83685668\" rel=\"nofollow noopener\" target=\"_blank\"><\/p>\n<p>      <img loading=\"lazy\" decoding=\"async\" src=\"https:\/\/www.europesays.com\/no\/wp-content\/uploads\/2025\/11\/1763750415_418_83690328.webp\" width=\"980\" height=\"441\" title=\"- Drittlei av at foreldre sender syke barn i barnehagen\" alt=\"\" class=\"lazyload\" style=\"--aspect-ratio-image: 2.22; \"\/><\/p>\n<p>        &#8211; Drittlei av at foreldre sender syke barn i barnehagen<\/p>\n<p>    <\/a><\/p>\n<p>&#8211; Best mulig beskyttet\t<\/p>\n<p>Det er forel\u00f8pig et lavt antall smittede og innlagte p\u00e5 sykehus i Norge. Men ogs\u00e5 FHI skriver at det er for tidlig \u00e5 ansl\u00e5 hvilken betydning K-varianten vil ha for det kommende influensautbruddet.\u00a0\u00a0<\/p>\n<p> Det var per 16. november 58 prosent i aldersgruppen 65 \u00e5r og eldre som var vaksinert mot influensa. <\/p>\n<p>&#8211; Dette er p\u00e5 niv\u00e5 med fjor\u00e5rssesongen, hvor dekningen endte p\u00e5 66 prosent, sier overlege Trine Hessevik Paulsen ved avdeling for smittevern og vaksine ved FHI.\u00a0\u00a0<\/p>\n<p>&#8211; Fjor\u00e5rets dekning er den h\u00f8yeste som noen gang er m\u00e5lt i Norge. Vi vil likevel oppfordre folk i risikogruppene som ikke har tatt vaksine, til \u00e5 gj\u00f8re det s\u00e5 snart som mulig for \u00e5 v\u00e6re best mulig beskyttet mot alvorlig sykdom.<\/p>\n<p>For befolkningen generelt, ligger vaksinasjonsandelen p\u00e5 21 prosent. Det er litt h\u00f8yere enn p\u00e5 samme tid i fjor &#8211; omtrent 50 000 flere doser.\u00a0<\/p>\n<p>Paulsen sier vaksinen f\u00f8rst og fremst er anbefalt risikogrupper og ansatte i helsetjenesten med pasientkontakt.\u00a0<\/p>\n<p>&#8211; Friske barn og voksne under 65 \u00e5r har liten risiko for alvorlig sykdom p\u00e5 grunn av influensa, men kan ta vaksine om de vil unng\u00e5 \u00e5 f\u00e5 influensa, sier hun.\u00a0<\/p>\n","protected":false},"excerpt":{"rendered":"Kort fortalt Influensaviruset sprer seg uvanlig tidlig i Norge og Europa. Helsedirekt\u00f8r Lofthus advarer om en hissig sesong&hellip;\n","protected":false},"author":2,"featured_media":93188,"comment_status":"","ping_status":"","sticky":false,"template":"","format":"standard","meta":{"footnotes":""},"categories":[10],"tags":[20,21,24,25,1341,15,7141,2539,22,23,13,30,28,29,14,16,26,27],"class_list":{"0":"post-93187","1":"post","2":"type-post","3":"status-publish","4":"format-standard","5":"has-post-thumbnail","7":"category-norge","8":"tag-breaking-news","9":"tag-breakingnews","10":"tag-featured-news","11":"tag-featurednews","12":"tag-fhi","13":"tag-headlines","14":"tag-influensa","15":"tag-innenriks","16":"tag-latest-news","17":"tag-latestnews","18":"tag-news","19":"tag-no","20":"tag-norge","21":"tag-norway","22":"tag-nyheter","23":"tag-overskrifter","24":"tag-top-stories","25":"tag-topstories"},"share_on_mastodon":{"url":"https:\/\/pubeurope.com\/@no\/115589154502168178","error":""},"_links":{"self":[{"href":"https:\/\/www.europesays.com\/no\/wp-json\/wp\/v2\/posts\/93187","targetHints":{"allow":["GET"]}}],"collection":[{"href":"https:\/\/www.europesays.com\/no\/wp-json\/wp\/v2\/posts"}],"about":[{"href":"https:\/\/www.europesays.com\/no\/wp-json\/wp\/v2\/types\/post"}],"author":[{"embeddable":true,"href":"https:\/\/www.europesays.com\/no\/wp-json\/wp\/v2\/users\/2"}],"replies":[{"embeddable":true,"href":"https:\/\/www.europesays.com\/no\/wp-json\/wp\/v2\/comments?post=93187"}],"version-history":[{"count":0,"href":"https:\/\/www.europesays.com\/no\/wp-json\/wp\/v2\/posts\/93187\/revisions"}],"wp:featuredmedia":[{"embeddable":true,"href":"https:\/\/www.europesays.com\/no\/wp-json\/wp\/v2\/media\/93188"}],"wp:attachment":[{"href":"https:\/\/www.europesays.com\/no\/wp-json\/wp\/v2\/media?parent=93187"}],"wp:term":[{"taxonomy":"category","embeddable":true,"href":"https:\/\/www.europesays.com\/no\/wp-json\/wp\/v2\/categories?post=93187"},{"taxonomy":"post_tag","embeddable":true,"href":"https:\/\/www.europesays.com\/no\/wp-json\/wp\/v2\/tags?post=93187"}],"curies":[{"name":"wp","href":"https:\/\/api.w.org\/{rel}","templated":true}]}}