{"id":93190,"date":"2025-11-21T18:47:16","date_gmt":"2025-11-21T18:47:16","guid":{"rendered":"https:\/\/www.europesays.com\/no\/93190\/"},"modified":"2025-11-21T18:47:16","modified_gmt":"2025-11-21T18:47:16","slug":"tredje-tilfelle-av-elever-forsokt-lokket-inn-i-bil-i-ulstein-kommune-nrk-more-og-romsdal-lokale-nyheter-tv-og-radio","status":"publish","type":"post","link":"https:\/\/www.europesays.com\/no\/93190\/","title":{"rendered":"Tredje tilfelle av elever fors\u00f8kt lokket inn i bil i Ulstein kommune \u2013 NRK M\u00f8re og Romsdal \u2013 Lokale nyheter, TV og radio"},"content":{"rendered":"<p>For andre gang p\u00e5 under to uker har Ulstein kommune sendt ut melding til foreldre og foresatte om at en eller flere elever skal ha blitt fors\u00f8kt lokket inn i en bli i Ulstein kommune, skriver <a href=\"https:\/\/www.vikebladet.no\/nyhende\/n\/3pk13q\/forsoekt-lokka-inn-i-bil\" ec-id=\"https:\/\/www.vikebladet.no\/nyhende\/n\/3pk13q\/forsoekt-lokka-inn-i-bil\" ec-name=\"Vikebladet.\" rel=\"nofollow noopener\" target=\"_blank\">Vikebladet.<\/a><\/p>\n<p><strong>\u2013 Skrivet blir sendt ut fordi dette er en gjentakende situasjon, etter at vi hadde en tilsvarende situasjon i en annen skolekrets forrige uke, <\/strong>det sier ordf\u00f8rer i Ulstein kommune Stian Skorgen Scheide til NRK.<\/p>\n<p><strong>Dette er den tredje hendelsen der en eller flere elever skal ha blitt fors\u00f8kt lokket inn i en bil, i kommunen.<\/strong><\/p>\n<p>Rektor ved Ulsteinvik barneskole Synn\u00f8ve Haug forteller at elevene blir bekymret av hendelsen.<\/p>\n<p><strong>\u2013 Det er klart at de blir engstelige n\u00e5r voksne blir engstelige. <\/strong><\/p>\n<p>Ogs\u00e5 ordf\u00f8reren forst\u00e5r om folk blir skremt av hendelsen: <\/p>\n<p><strong>\u2013 Det er klart at med et s\u00e5 negativt budskap p\u00e5 et s\u00e5nt brev s\u00e5 er det klart det skaper reaksjoner, og folk tenker fort det verste, forteller han. <\/strong><\/p>\n<p>\u2013 Alvorlig melding \u00e5 f\u00e5<\/p>\n<p>FAU-leder, Oddbj\u00f8rn Nyb\u00f8, forteller at de er trygge p\u00e5 at b\u00e5de kommunen og politiet f\u00f8lger opp saken.<\/p>\n<p>\u2013 Vi forholder oss til det som kommunalsjefen skriver. Rektor har trygget oss p\u00e5 at de s\u00f8rger for at alle ungene blir fulgt opp, og at det skal v\u00e6re trygt \u00e5 g\u00e5 til og fra skolen, sier Nyb\u00f8.<\/p>\n<p><strong>Likevel sier at han man f\u00e5r en st\u00f8kk n\u00e5r man mottar en s\u00e5pass alvorlig melding.<br \/>\n<\/strong><\/p>\n<p><img decoding=\"async\"   src=\"data:image\/gif;base64,R0lGODlhAQABAIAAAAAAAP\/\/\/yH5BAEAAAAALAAAAAABAAEAAAIBRAA7\" loading=\"eager\" alt=\"Oddbj\u00f8rn Nyb\u00f8, leiar i FAU.\" title=\"Foto: Privat\"\/><\/p>\n<p class=\"\">Oddbj\u00f8rn Nyb\u00f8, leder i FAU, forventer at saken blir fulgt opp p\u00e5 en god m\u00e5te. <\/p>\n<p>Foto: Privat<\/p>\n<p>\u2013 Vi har FAU-m\u00f8te neste uke, s\u00e5 det er naturlig at det blir dr\u00f8fta da. Men jeg har ikke opplevd unormalt mye bekymring blant foreldre.<\/p>\n<p>Nyb\u00f8 har tatt kontakt med rektor og sagt at FAU gjerne bist\u00e5r hvis det er noe de kan hjelpe med.<\/p>\n<p><strong>\u2013 Vi som foreldre blir bekymret n\u00e5r vi f\u00e5r en s\u00e5nn melding, s\u00e5 det er viktig at vi prater med ungdommene om \u00e5 si nei til \u00e5 bli med og bli kj\u00f8rt hjem av ukjente, sier Nyb\u00f8. <\/strong><\/p>\n<p>Elev meldte fra om hendelsen <\/p>\n<p>Hendelsen fredag 21. oktober skjedde ved Ulsteinvik barneskole rundt klokken 08.30.<\/p>\n<p>\u2013 Det har v\u00e6rt en enkelthendelse i dag. Vi synes det var viktig \u00e5 informere foreldre om det s\u00e5 de kan ta en prat med ungene sine. Det kan v\u00e6re medelever som har sett noe eller som kan hjelpe oss med \u00e5 forst\u00e5 hva som har skjedd, forteller Scheide\n<\/p>\n<p><img decoding=\"async\"   src=\"data:image\/gif;base64,R0lGODlhAQABAIAAAAAAAP\/\/\/yH5BAEAAAAALAAAAAABAAEAAAIBRAA7\" loading=\"eager\" alt=\" Stian Skorgen Scheide\" title=\"Foto: Synn\u00f8ve Hole \/ NRK\"\/><\/p>\n<p class=\"\">Ordf\u00f8rer i Ulstein kommune Stian Skorgen Scheide ser alvorlig p\u00e5 hendelsen og mener det er viktig \u00e5 informere foresatte s\u00e5 de kan snakke med barna sine.<\/p>\n<p>Foto: Synn\u00f8ve Hole \/ NRK<\/p>\n<p>Ulstein barneskole har ogs\u00e5 v\u00e6rt i kontakt med foresatte.<\/p>\n<p><strong>\u2013 Vi har bedt de hente de ungene som har g\u00e5 avtale fra SFO- slik at vi er sikre p\u00e5 at alle ungene kommer seg trygt hjem. Hvis foreldre har sagt at det er greit at ungene f\u00e5r g\u00e5 hjem igjen i grupper, s\u00e5 har vi latt dem f\u00e5 lov til det, forteller Haug. <\/strong><\/p>\n<p>En elev meldte selv fra om hendelsen, opplyser han:<\/p>\n<p>\u2013 Det var eleven som gjorde som en elev skal n\u00e5r man opplever noe s\u00e5nt, fortelle det til en trygg voksen p\u00e5 skolen. Slik ble det oppdaga og meldt videre til politiet.<\/p>\n<p><strong>If\u00f8lge politiet har eleven sagt at det er snakk om en m\u00f8rk bil. <\/strong><\/p>\n<p>Tar saken p\u00e5 alvor<\/p>\n<p>Etter politiet fikk melding om hendelsen kl. 09.50 har en patrulje v\u00e6rt i det aktuelle omr\u00e5det.<\/p>\n<p>\u2013 Vi tar dette p\u00e5 alvor. S\u00e5 langt har vi ikke nok informasjon til \u00e5 si noe om hvilken bil det skal v\u00e6re snakk om, sier Hilde S\u00e6ter ved Ulstein og Hareid politistasjon.<\/p>\n<p><img decoding=\"async\"   src=\"data:image\/gif;base64,R0lGODlhAQABAIAAAAAAAP\/\/\/yH5BAEAAAAALAAAAAABAAEAAAIBRAA7\" loading=\"eager\" alt=\"En kvinne if\u00f8rt politiuniform sitter ved et skrivebord. Hun har hendene samlet foran seg p\u00e5 et kart. P\u00e5 bordet finnes ogs\u00e5 en datamaskin, en telefon og noen kontorrekvisita. Vinduet i bakgrunnen gir utsikt til utsiden.\" title=\"Foto: Arne Flatin \/ NRK\"\/><\/p>\n<p class=\"\">Hilde S\u00e6ter ved Ulstein og Hareid politistasjon forteller at de tar saken p\u00e5 alvor og at politiet vil patruljere rundt skolene. <\/p>\n<p>Foto: Arne Flatin \/ NRK<\/p>\n<p>\u2013 Vi oppfordrer publikum til \u00e5 ta kontakt om de har sett noe som kan v\u00e6re interessant for oss, sier S\u00e6ter.<\/p>\n<p>Politiet har startet en unders\u00f8kelsessak og ser p\u00e5 de tidligere hendelsene sett opp mot den nye.<\/p>\n<p>Tredje tilfellet p\u00e5 to uker<\/p>\n<p>De to forrige hendelsen skjedde i Hasund skoledistrikt onsdag 12. november og torsdag 13. november.<\/p>\n<p><img decoding=\"async\"   src=\"data:image\/gif;base64,R0lGODlhAQABAIAAAAAAAP\/\/\/yH5BAEAAAAALAAAAAABAAEAAAIBRAA7\" loading=\"eager\" alt=\"Hasund skule\" title=\"Foto: Arne Flatin \/ NRK\"\/><\/p>\n<p class=\"\">Elever ble fors\u00f8kt lokket inn i en bil i Hasund skoledistrikt onsdag 12. november og torsdag 13. november. <\/p>\n<p>Foto: Arne Flatin \/ NRK<\/p>\n<p>Hvor mange elever som har blitt fors\u00f8kt lokket inn i bilen de tre separate hendelsene er usikkert.<\/p>\n<p>\u2013 Hvordan jobber dere videre med denne saken?<\/p>\n<p>\u2013 Vi tar slike hendelser p\u00e5 alvor. For oss er det viktig at barn og unge har det trygt i Ulstein kommune. Det skal v\u00e6re trygt \u00e5 g\u00e5 til og fra skole. Vi pr\u00f8ver \u00e5 finne mest mulig ut av situasjonen, og sende ut informasjon om forebyggende tiltak, forteller ordf\u00f8rer Skorgen Scheide.<\/p>\n<p>Publisert<\/p>\n<p>21.11.2025, kl. 15.14<\/p>\n<p>Oppdatert<\/p>\n<p>21.11.2025, kl. 16.56<\/p>\n","protected":false},"excerpt":{"rendered":"For andre gang p\u00e5 under to uker har Ulstein kommune sendt ut melding til foreldre og foresatte om&hellip;\n","protected":false},"author":2,"featured_media":93191,"comment_status":"","ping_status":"","sticky":false,"template":"","format":"standard","meta":{"footnotes":""},"categories":[10],"tags":[20,21,24,25,15,22,23,13,30,28,29,14,16,26,27],"class_list":{"0":"post-93190","1":"post","2":"type-post","3":"status-publish","4":"format-standard","5":"has-post-thumbnail","7":"category-norge","8":"tag-breaking-news","9":"tag-breakingnews","10":"tag-featured-news","11":"tag-featurednews","12":"tag-headlines","13":"tag-latest-news","14":"tag-latestnews","15":"tag-news","16":"tag-no","17":"tag-norge","18":"tag-norway","19":"tag-nyheter","20":"tag-overskrifter","21":"tag-top-stories","22":"tag-topstories"},"share_on_mastodon":{"url":"https:\/\/pubeurope.com\/@no\/115589181825576610","error":""},"_links":{"self":[{"href":"https:\/\/www.europesays.com\/no\/wp-json\/wp\/v2\/posts\/93190","targetHints":{"allow":["GET"]}}],"collection":[{"href":"https:\/\/www.europesays.com\/no\/wp-json\/wp\/v2\/posts"}],"about":[{"href":"https:\/\/www.europesays.com\/no\/wp-json\/wp\/v2\/types\/post"}],"author":[{"embeddable":true,"href":"https:\/\/www.europesays.com\/no\/wp-json\/wp\/v2\/users\/2"}],"replies":[{"embeddable":true,"href":"https:\/\/www.europesays.com\/no\/wp-json\/wp\/v2\/comments?post=93190"}],"version-history":[{"count":0,"href":"https:\/\/www.europesays.com\/no\/wp-json\/wp\/v2\/posts\/93190\/revisions"}],"wp:featuredmedia":[{"embeddable":true,"href":"https:\/\/www.europesays.com\/no\/wp-json\/wp\/v2\/media\/93191"}],"wp:attachment":[{"href":"https:\/\/www.europesays.com\/no\/wp-json\/wp\/v2\/media?parent=93190"}],"wp:term":[{"taxonomy":"category","embeddable":true,"href":"https:\/\/www.europesays.com\/no\/wp-json\/wp\/v2\/categories?post=93190"},{"taxonomy":"post_tag","embeddable":true,"href":"https:\/\/www.europesays.com\/no\/wp-json\/wp\/v2\/tags?post=93190"}],"curies":[{"name":"wp","href":"https:\/\/api.w.org\/{rel}","templated":true}]}}