{"id":93204,"date":"2025-11-21T19:21:12","date_gmt":"2025-11-21T19:21:12","guid":{"rendered":"https:\/\/www.europesays.com\/no\/93204\/"},"modified":"2025-11-21T19:21:12","modified_gmt":"2025-11-21T19:21:12","slug":"bade-ap-og-frp-har-rett-i-innvandringspolitikken","status":"publish","type":"post","link":"https:\/\/www.europesays.com\/no\/93204\/","title":{"rendered":"B\u00e5de Ap og Frp har rett i innvandringspolitikken"},"content":{"rendered":"\n<p class=\"_paragraph_o9xde_4 _paragraph_xtcu6_10 layout-component text-serif-m layout-normal text-serif-m layout-padded\">Det er fullt mulig \u00e5 v\u00e6re glad i et mangfoldig Norge med innbyggere fra hele verden &#8211; og samtidig \u00f8nske seg en strengere innvandringspolitikk.<\/p>\n<p class=\"_paragraph_o9xde_4 _paragraph_xtcu6_10 layout-component text-serif-m layout-normal text-serif-m layout-padded\">Det trenger hverken \u00e5 handle om rasisme eller fremmedfrykt. Tvert om. Et slikt standpunkt kan springe ut fra et \u00f8nske om at de som allerede er her, skal finne sin rettmessige plass i det norske samfunnet. Med de plikter og rettigheter det f\u00f8rer med seg.<\/p>\n<p class=\"_paragraph_o9xde_4 _paragraph_xtcu6_10 layout-component text-serif-m layout-normal text-serif-m layout-padded\">Skal vi lykkes med det, kan det ikke komme flere hit enn vi klarer \u00e5 integrere, slik at de kan ta del i det norske samfunnet som fullverdige borgere.<\/p>\n<p>Egentlig enige om mye<\/p>\n<p class=\"_paragraph_o9xde_4 _paragraph_xtcu6_10 layout-component text-serif-m layout-normal text-serif-m layout-padded\">Det var i<a href=\"https:\/\/radio.nrk.no\/podkast\/politisk_kvarter\/l_0e50b6ac-92b9-4335-90b6-ac92b953357d\" class=\"_link_o9xde_39\" rel=\"nofollow noopener\" target=\"_blank\"> NRKs Politisk kvarter denne uken<\/a> at Frps innvandringspolitiske talsmann Erlend Wiborg og Aps statssekret\u00e6r Joakim \u00d8ren brakte sammen i en heftig debatt om norsk innvandringspolitikk.<\/p>\n<p><img alt=\"Statsminister og Ap-leder Jonas Gahr St\u00f8re m\u00f8tte Frp-leder Sylvi Listhaug til utallige dueller gjennom h\u00f8stens valgkamp.   Foto: G\u00f8ran Bohlin \/ VG\" class=\"_image_qp4xg_65 layout-component layout-normal\" data-fullscreen- data-track-element-type=\"Article image fullscreen\" data-track-name=\"ImageFullscreen\" decoding=\"async\" loading=\"lazy\" height=\"5504\" itemprop=\"image\"  src=\"https:\/\/www.europesays.com\/no\/wp-content\/uploads\/2025\/11\/2be60174-0d81-4d08-8632-614e3242f7fb\"  style=\"object-position:0% 0%\" width=\"8256\"\/>Statsminister og Ap-leder Jonas Gahr St\u00f8re m\u00f8tte Frp-leder Sylvi Listhaug til utallige dueller gjennom h\u00f8stens valgkamp.   Foto: G\u00f8ran Bohlin \/ VG<\/p>\n<p class=\"_paragraph_o9xde_4 _paragraph_xtcu6_10 layout-component text-serif-m layout-normal text-serif-m layout-padded\">P\u00e5 mange m\u00e5ter ble det en konkurranse om hvem som er strengest. Men Ap og Frp er egentlig enige om mye i innvandringspolitikken. Ikke i retorikk og spr\u00e5kbruk, riktignok, men i synet p\u00e5 behovet for \u00e5 f\u00f8re en stram politikk.<\/p>\n<p class=\"_paragraph_o9xde_4 _paragraph_xtcu6_10 layout-component text-serif-m layout-normal text-serif-m layout-padded\">Norge er kraftig endret gjennom noen ti\u00e5r. I 1970 utgjorde innvandrerne 1,5 prosent av Norges befolkning.<a href=\"https:\/\/www.imdi.no\/globalassets\/rapporter\/2024\/hvordan-gar-det-med-integreringen-i-norge-2024-2.pdf\" class=\"_link_o9xde_39\" rel=\"nofollow noopener\" target=\"_blank\"> I fjor var tallet 16,8 prosent, og dr\u00f8yt en av fem dersom vi ogs\u00e5 regner med barn f\u00f8dt i Norge, av innvandrerforeldre.<\/a> Mer enn halvparten er fra europeiske land, rundt tre av ti er fra Asia, og rundt \u00e9n av ti fra Afrika.<\/p>\n<p>Folkevandringenes tid<\/p>\n<p class=\"_paragraph_o9xde_4 _paragraph_xtcu6_10 layout-component text-serif-m layout-normal text-serif-m layout-padded\">Fortsatt er innvandrerbefolkningen ganske ung. Bare en av ti nordmenn over 55 \u00e5r har innvandrerbakgrunn. Det vil forandre seg kraftig.<a href=\"https:\/\/www.ssb.no\/befolkning\/innvandrere\/artikler\/flere-innvandrere-blant-framtidens-seniorer\" class=\"_link_o9xde_39\" rel=\"nofollow noopener\" target=\"_blank\"> If\u00f8lge Statistisk sentralbyr\u00e5s beregninger <\/a>vil andelen med innvandrerbakgrunn i denne aldersgruppen utgj\u00f8re nesten tre av ti i \u00e5r 2060.<\/p>\n<p><img alt=\"I fjor h\u00f8st oppholdt Miriam (30) og Blessing (1) seg i en teltleir utenfor Dunkerque, med m\u00e5l om \u00e5 reise med b\u00e5t til Storbritannia. Mange flyktninger og migranter fors\u00f8kte \u00e5 komme seg over kanalen p\u00e5 denne m\u00e5ten - ofte med d\u00e5rlige oppbl\u00e5sbare b\u00e5ter.   Foto: Morten Risberg \/ Morten Risberg\" class=\"_image_qp4xg_65 layout-component layout-normal\" data-fullscreen- data-track-element-type=\"Article image fullscreen\" data-track-name=\"ImageFullscreen\" decoding=\"async\" loading=\"lazy\" height=\"4000\" itemprop=\"image\"  src=\"https:\/\/www.europesays.com\/no\/wp-content\/uploads\/2025\/11\/875f0f30-b584-40c8-8393-d19ab19b4457\"  style=\"object-position:0% 0%\" width=\"6000\"\/>I fjor h\u00f8st oppholdt Miriam (30) og Blessing (1) seg i en teltleir utenfor Dunkerque, med m\u00e5l om \u00e5 reise med b\u00e5t til Storbritannia. Mange flyktninger og migranter fors\u00f8kte \u00e5 komme seg over kanalen p\u00e5 denne m\u00e5ten &#8211; ofte med d\u00e5rlige oppbl\u00e5sbare b\u00e5ter.   Foto: Morten Risberg \/ Morten Risberg<\/p>\n<p class=\"_paragraph_o9xde_4 _paragraph_xtcu6_10 layout-component text-serif-m layout-normal text-serif-m layout-padded\">Den store endringen i den norske befolkningen er ikke et resultat av en villet politikk. Det har aldri v\u00e6rt en stortingsdebatt om at det skulle bli s\u00e5 mange nye nordmenn med innvandrerbakgrunn i l\u00f8pet av s\u00e5 kort tid.<\/p>\n<p class=\"_paragraph_o9xde_4 _paragraph_xtcu6_10 layout-component text-serif-m layout-normal text-serif-m layout-padded\">Det samme har skjedd over omtrent hele Europa.<\/p>\n<p class=\"_paragraph_o9xde_4 _paragraph_xtcu6_10 layout-component text-serif-m layout-normal text-serif-m layout-padded\">Det handler om at vi lever i folkevandringenes tid. Ikke at det er noe nytt. Driftige mennesker har alltid lett etter muligheter. Finner de dem ikke der de er, drar de videre. De mest driftige drar gjerne til den andre siden av jorden, om n\u00f8dvendig.<\/p>\n<p class=\"_paragraph_o9xde_4 _paragraph_xtcu6_10 layout-component text-serif-m layout-normal text-serif-m layout-padded\">Og n\u00e5r noen f\u00f8rst drar, s\u00e5 kommer ofte andre etter. Fordi de h\u00f8rer om mulighetene som finnes. Det er ikke rart. Alle mennesker \u00f8nsker seg et bedre liv for seg og sine.<\/p>\n<p>Tyskland &#8211; og Sverige<\/p>\n<p class=\"_paragraph_o9xde_4 _paragraph_xtcu6_10 layout-component text-serif-m layout-normal text-serif-m layout-padded\">Den store innvandringen har skapt uro og spenninger i mange land. Se til Sverige og Tyskland, som begge tok i mot det st\u00f8rste antallet flyktninger og migranter under flyktningkrisen i 2015.<\/p>\n<p class=\"_paragraph_o9xde_4 _paragraph_xtcu6_10 layout-component text-serif-m layout-normal text-serif-m layout-padded\">I Tyskland gj\u00f8r det ytterligg\u00e5ende h\u00f8yrepartiet Alternativ for TysklandAlternativ for TysklandAlternativ for Tyskland (AfD) er et politisk parti i Tyskland kjent for sine h\u00f8yreorienterte og innvandringskritiske standpunkter. det skremmende godt p\u00e5 meningsm\u00e5lingene. Mens i Sverige har politiet mistet kontrollen i enkelte omr\u00e5der, steder som kan minne om rene ghettoer.ghettoer.Ghettoer er omr\u00e5der i byer hvor en bestemt etnisk eller sosial gruppe bor, ofte preget av fattigdom og sosial isolasjon.<\/p>\n<p><img alt=\"Under flyktningkrisen i 2015 kom flyktninger fra Russland over Storskog i Finnmark - p\u00e5 sykkel.  Foto: Ole Kristian Str\u00f8m \/ VG\" class=\"_image_qp4xg_65 layout-component layout-normal\" data-fullscreen- data-track-element-type=\"Article image fullscreen\" data-track-name=\"ImageFullscreen\" decoding=\"async\" loading=\"lazy\" height=\"3456\" itemprop=\"image\"  src=\"https:\/\/www.europesays.com\/no\/wp-content\/uploads\/2025\/11\/c562b19a-b78b-4121-893a-1d2e5deadf94\"  style=\"object-position:0% 0%\" width=\"4752\"\/>Under flyktningkrisen i 2015 kom flyktninger fra Russland over Storskog i Finnmark &#8211; p\u00e5 sykkel.  Foto: Ole Kristian Str\u00f8m \/ VG<\/p>\n<p class=\"_paragraph_o9xde_4 _paragraph_xtcu6_10 layout-component text-serif-m layout-normal text-serif-m layout-padded\">Vi m\u00e5 gj\u00f8re alt vi kan for \u00e5 unng\u00e5 slike tilstander. B\u00e5de de som har kommet hit langveisfra opp gjennom \u00e5rene, og de som har bodd her i flere generasjoner, er derfor tjent med en b\u00e6rekraftig innvandringspolitikk.<\/p>\n<p class=\"_paragraph_o9xde_4 _paragraph_xtcu6_10 layout-component text-serif-m layout-normal text-serif-m layout-padded\">Det er lite av den stygge ytre h\u00f8yre-retorikken i Norge som vi ser andre steder i Europa. Frp kan ha en hardere spr\u00e5kbruk enn mange andre. Men partiet har tradisjon for \u00e5 rydde opp dersom noen av deres folk har g\u00e5tt for langt.<\/p>\n<p>L\u00f8pe etter h\u00f8yrepopulistene?<\/p>\n<p class=\"_paragraph_o9xde_4 _paragraph_xtcu6_10 layout-component text-serif-m layout-normal text-serif-m layout-padded\">Frp har lenge snakket om at det er best \u00e5 hjelpe flyktninger i n\u00e6romr\u00e5dene. Det er fornuftig, det hjelper mange flere mennesker p\u00e5 flukt. Gjennom de siste \u00e5rene har andre partier kommet etter.<\/p>\n<p class=\"_paragraph_o9xde_4 _paragraph_xtcu6_10 layout-component text-serif-m layout-normal text-serif-m layout-padded\">Noen vil si at det er \u00e5 l\u00f8pe etter h\u00f8yrepopulisteneh\u00f8yrepopulisteneH\u00f8yrepopulister er politikere eller partier som kombinerer h\u00f8yreorientert politikk med populistiske retorikk, ofte med fokus p\u00e5 nasjonalisme og innvandringskritikk.. Jeg vil mene at det handler om \u00e5 forholde seg til virkeligheten. Fordi endringene i samfunnet m\u00e5 skje i en takt folk flest kan f\u00f8lge. Og fordi stor innvandring kan utfordre velferdssamfunnetvelferdssamfunnetVelferdssamfunnet refererer til et samfunnssystem der staten spiller en sentral rolle i \u00e5 sikre innbyggernes velferd gjennom tjenester som helse, utdanning og sosial sikkerhet. v\u00e5rt, slik blant annet <a href=\"https:\/\/www.regjeringen.no\/no\/dep\/jd\/org\/styre-rad-og-utval\/tidligere-styrer-rad-og-utvalg\/innstillinger-fra-utvalg\/innstillinger-2017\/utvalg-om-langsiktige-konsekvenser-av-hoy-innvandring\/id2468501\/\" class=\"_link_o9xde_39\" rel=\"nofollow noopener\" target=\"_blank\">flere offentlige utvalg <\/a>har pekt p\u00e5.<\/p>\n<p><img alt=\"Professor Grete Brochmann ledet to utvalg som gikk gjennom forholdet mellom innvandring og velferdsstatens b\u00e6rekraft. Det f\u00f8rste utvalget ble utnevnt av Jens Stoltenbergs andre regjering. Det andre av Erna Solbergs regjering. Her er Brochmann under fremleggelsen av den andre rapporten, i 2017.  Foto: Gorm Kallestad \/ NTB\" class=\"_image_qp4xg_65 layout-component layout-normal\" data-fullscreen- data-track-element-type=\"Article image fullscreen\" data-track-name=\"ImageFullscreen\" decoding=\"async\" loading=\"lazy\" height=\"3456\" itemprop=\"image\"  src=\"https:\/\/www.europesays.com\/no\/wp-content\/uploads\/2025\/11\/b56ed380-142a-4b85-8ced-141423fd1869\"  style=\"object-position:0% 0%\" width=\"4901\"\/>Professor Grete Brochmann ledet to utvalg som gikk gjennom forholdet mellom innvandring og velferdsstatens b\u00e6rekraft. Det f\u00f8rste utvalget ble utnevnt av Jens Stoltenbergs andre regjering. Det andre av Erna Solbergs regjering. Her er Brochmann under fremleggelsen av den andre rapporten, i 2017.  Foto: Gorm Kallestad \/ NTB<\/p>\n<p class=\"_paragraph_o9xde_4 _paragraph_xtcu6_10 layout-component text-serif-m layout-normal text-serif-m layout-padded\">N\u00e5r vi snakker om fattigdom i barnefamilier og om utenforskap, handler det ofte om nordmenn med innvandrerbakgrunn. Om barnerike familier som bor trangt. Om oppdragervold og ungdomskriminalitet.<\/p>\n<p class=\"_paragraph_o9xde_4 _paragraph_xtcu6_10 layout-component text-serif-m layout-normal text-serif-m layout-padded\">Det krever mye av integreringspolitikken \u00e5 l\u00f8se opp i dette. Og selv om Norge gj\u00f8r det bedre p\u00e5 dette omr\u00e5det enn andre land, er det langt fra bra nok.<\/p>\n<p>Motstridende hensyn<\/p>\n<p class=\"_paragraph_o9xde_4 _paragraph_xtcu6_10 layout-component text-serif-m layout-normal text-serif-m layout-padded\">Norsk innvandringspolitikk er streng allerede. Bortsett fra ukrainerne, <a href=\"https:\/\/www.udi.no\/statistikk-og-analyse\/statistikk\/asylvedtak-etter-statsborgerskap-og-utfall-2025\/\" class=\"_link_o9xde_39\" rel=\"nofollow noopener\" target=\"_blank\">kommer det n\u00e5 f\u00e5 asyls\u00f8kere sammenlignet med tidligere \u00e5r. <\/a>Den vanligste veien inn til Norge i dag er gjennom familiegjenforening.<\/p>\n<p class=\"_paragraph_o9xde_4 _paragraph_xtcu6_10 layout-component text-serif-m layout-normal text-serif-m layout-padded\">Ogs\u00e5 her har det v\u00e6rt strammet inn gjennom de siste \u00e5rene, blant annet i ytterligere skjerpede krav om at den som kommer, m\u00e5 kunne fors\u00f8rges av den som er her allerede. <a href=\"https:\/\/www.udi.no\/statistikk-og-analyse\/statistikk\/innvilgede-familietillatelser-for-tredjelandborgere-etter-maned-og-statsborgerskap-2025\/\" class=\"_link_o9xde_39\" rel=\"nofollow noopener\" target=\"_blank\">S\u00e5 langt i \u00e5r har dr\u00f8yt 10.000 f\u00e5tt opphold i Norge<\/a> gjennom familiegjenforening.<\/p>\n<p class=\"_paragraph_o9xde_4 _paragraph_xtcu6_10 layout-component text-serif-m layout-normal text-serif-m layout-padded\">I disse sakene kan det st\u00e5 ulike hensyn mot hverandre. Menneskelige hensyn i \u00f8yeblikket, mot konsekvenser p\u00e5 lengre sikt.<\/p>\n<p class=\"_paragraph_o9xde_4 _paragraph_xtcu6_10 layout-component text-serif-m layout-normal text-serif-m layout-padded\">Det beste eksemplet i denne sammenhengen er de mindre\u00e5rige asyls\u00f8kerne. <a href=\"https:\/\/www.nrk.no\/norge\/_-noen-barn-blir-brukt-til-a-sikre-at-foreldre-far-opphold-i-norge-1.17564862\" class=\"_link_o9xde_39\" rel=\"nofollow noopener\" target=\"_blank\">NRK kunne nylig fortelle <\/a>at n\u00e6r to tusen enslige mindre\u00e5rige asyls\u00f8kere gjennom de siste femten \u00e5rene har f\u00e5tt nesten fem tusen familiemedlemmer til Norge, gjennom familiegjenforening.<\/p>\n<p>Raus &#8211; og streng<\/p>\n<p class=\"_paragraph_o9xde_4 _paragraph_xtcu6_10 layout-component text-serif-m layout-normal text-serif-m layout-padded\">Barn som kommer alene, trenger selvsagt gode omsorgspersoner rundt seg. Samtidig er det grunn til \u00e5 tro at mange av dem blir sendt hjemmefra nettopp for at flere familiemedlemmer skal kunne f\u00f8lge etter p\u00e5 et senere tidspunkt.<\/p>\n<p><img alt=\"Fra Ringsaker asylmottak for enslige mindre\u00e5rige asyls\u00f8kere i 2017. Det kom mange unge gutter og menn alene fra Afghanistan under flyktningkrisen h\u00f8sten 2015.  Foto: J\u00f8rgen Braastad \/ VG\" class=\"_image_qp4xg_65 layout-component layout-normal\" data-fullscreen- data-track-element-type=\"Article image fullscreen\" data-track-name=\"ImageFullscreen\" decoding=\"async\" loading=\"lazy\" height=\"4480\" itemprop=\"image\"  src=\"https:\/\/www.europesays.com\/no\/wp-content\/uploads\/2025\/11\/d640bcec-4855-4bc3-a22b-b1b748984617\"  style=\"object-position:0% 0%\" width=\"6720\"\/>Fra Ringsaker asylmottak for enslige mindre\u00e5rige asyls\u00f8kere i 2017. Det kom mange unge gutter og menn alene fra Afghanistan under flyktningkrisen h\u00f8sten 2015.  Foto: J\u00f8rgen Braastad \/ VG<\/p>\n<p class=\"_paragraph_o9xde_4 _paragraph_xtcu6_10 layout-component text-serif-m layout-normal text-serif-m layout-padded\">De unge guttene, for det er nesten alltid gutter, m\u00e5 betale en h\u00f8y pris p\u00e5 familiens vegne. Og n\u00e5r Norge gir opphold til guttenes familiemedlemmer, kan det oppmuntre flere til \u00e5 sende barna sine alene ut p\u00e5 den farefulle veien, for eksempel fra Afghanistan, til Norge.<\/p>\n<p class=\"_paragraph_o9xde_4 _paragraph_xtcu6_10 layout-component text-serif-m layout-normal text-serif-m layout-padded\">Resultatet blir flere barn som sendes langt av g\u00e5rde. Og flere ensomme gutter som strever med \u00e5 finne sin plass i det norske samfunnet. Det er ikke godt for noen.<\/p>\n<p class=\"_paragraph_o9xde_4 _paragraph_xtcu6_10 layout-component text-serif-m layout-normal text-serif-m layout-padded\">Det b\u00f8r v\u00e6re et m\u00e5l for alle politikere \u00e5 unng\u00e5 den polariseringenpolariseringen Polarisering refererer til en prosess der meninger og holdninger i en befolkning blir mer ekstreme og motstridende, ofte med en \u00f8kende avstand mellom ulike grupper. vi har sett mange steder i Europa. En god start kan v\u00e6re \u00e5 bli enige om at det g\u00e5r an \u00e5 v\u00e6re b\u00e5de raus og streng. <\/p>\n<p class=\"_paragraph_o9xde_4 _paragraph_xtcu6_10 layout-component text-serif-m layout-normal text-serif-m layout-padded\">Streng n\u00e5r det gjelder selve innvandringspolitikken. Og raus i  integreringspolitikken. Og ikke minst &#8211; raus i m\u00f8te med nykommerne som er her allerede. <\/p>\n<p>    Dette er en kommentar. Kommentaren gir uttrykk for skribentens holdning. <\/p>\n","protected":false},"excerpt":{"rendered":"Det er fullt mulig \u00e5 v\u00e6re glad i et mangfoldig Norge med innbyggere fra hele verden &#8211; og&hellip;\n","protected":false},"author":2,"featured_media":93205,"comment_status":"","ping_status":"","sticky":false,"template":"","format":"standard","meta":{"footnotes":""},"categories":[12],"tags":[1513,12043,20,21,24,25,577,15,5636,22,23,13,30,28,29,14,16,26,27,42,103,43,44,45],"class_list":{"0":"post-93204","1":"post","2":"type-post","3":"status-publish","4":"format-standard","5":"has-post-thumbnail","7":"category-verden","8":"tag-arbeiderpartiet-ap","9":"tag-asylpolitikk","10":"tag-breaking-news","11":"tag-breakingnews","12":"tag-featured-news","13":"tag-featurednews","14":"tag-fremskrittspartiet-frp","15":"tag-headlines","16":"tag-innvandringspolitikk","17":"tag-latest-news","18":"tag-latestnews","19":"tag-news","20":"tag-no","21":"tag-norge","22":"tag-norway","23":"tag-nyheter","24":"tag-overskrifter","25":"tag-top-stories","26":"tag-topstories","27":"tag-verden","28":"tag-vgmeninger","29":"tag-world","30":"tag-world-news","31":"tag-worldnews"},"share_on_mastodon":{"url":"https:\/\/pubeurope.com\/@no\/115589315845468242","error":""},"_links":{"self":[{"href":"https:\/\/www.europesays.com\/no\/wp-json\/wp\/v2\/posts\/93204","targetHints":{"allow":["GET"]}}],"collection":[{"href":"https:\/\/www.europesays.com\/no\/wp-json\/wp\/v2\/posts"}],"about":[{"href":"https:\/\/www.europesays.com\/no\/wp-json\/wp\/v2\/types\/post"}],"author":[{"embeddable":true,"href":"https:\/\/www.europesays.com\/no\/wp-json\/wp\/v2\/users\/2"}],"replies":[{"embeddable":true,"href":"https:\/\/www.europesays.com\/no\/wp-json\/wp\/v2\/comments?post=93204"}],"version-history":[{"count":0,"href":"https:\/\/www.europesays.com\/no\/wp-json\/wp\/v2\/posts\/93204\/revisions"}],"wp:featuredmedia":[{"embeddable":true,"href":"https:\/\/www.europesays.com\/no\/wp-json\/wp\/v2\/media\/93205"}],"wp:attachment":[{"href":"https:\/\/www.europesays.com\/no\/wp-json\/wp\/v2\/media?parent=93204"}],"wp:term":[{"taxonomy":"category","embeddable":true,"href":"https:\/\/www.europesays.com\/no\/wp-json\/wp\/v2\/categories?post=93204"},{"taxonomy":"post_tag","embeddable":true,"href":"https:\/\/www.europesays.com\/no\/wp-json\/wp\/v2\/tags?post=93204"}],"curies":[{"name":"wp","href":"https:\/\/api.w.org\/{rel}","templated":true}]}}