{"id":93220,"date":"2025-11-21T19:42:18","date_gmt":"2025-11-21T19:42:18","guid":{"rendered":"https:\/\/www.europesays.com\/no\/93220\/"},"modified":"2025-11-21T19:42:18","modified_gmt":"2025-11-21T19:42:18","slug":"harald-ronneberg-trekker-seg-fra-ekspedisjonen-pa-grunn-av-sykdom","status":"publish","type":"post","link":"https:\/\/www.europesays.com\/no\/93220\/","title":{"rendered":"Harald R\u00f8nneberg trekker seg fra \u00abEkspedisjonen\u00bb p\u00e5 grunn av sykdom"},"content":{"rendered":"<p class=\"kicker \" style=\"\">Harald R\u00f8nneberg:<\/p>\n<p>  F\u00f8r innspillingen av \u00abEkspedisjonen\u00bb fortalte Harald R\u00f8nneberg at det var \u00e9n ting som motiverte ham. Halvveis p\u00e5 turen sa det stopp.\u00a0<\/p>\n<p>\n    N\u00c6RE: I NRK-serien \u00abEkspedisjonen\u00bb f\u00e5r man et innblikk i hva som motiverte Harald R\u00f8nneberg til \u00e5 bestige fjellet Denali. I dagens episode sa det stopp. Foto: Jan Langhaug \/ NTB\n  <\/p>\n<p>I den nye NRK-serien <a href=\"https:\/\/www.dagbladet.no\/kjendis\/deltar-i-ny-reality\/82495875\" rel=\"nofollow noopener\" target=\"_blank\">\u00abEkspedisjonen\u00bb<\/a> f\u00e5r seerne bli med seks kjente fjes p\u00e5 en episk reise til toppen av Nord-Amerikas h\u00f8yeste fjell, Denali.\u00a0<\/p>\n<p>    <a itemprop=\"url\" href=\"https:\/\/www.dagbladet.no\/kjendis\/gir-hint-om-nytt-prosjekt\/76933346\" rel=\"nofollow noopener\" target=\"_blank\"><\/p>\n<p>      <img loading=\"lazy\" decoding=\"async\" src=\"https:\/\/www.europesays.com\/no\/wp-content\/uploads\/2025\/11\/75958540.webp\" width=\"980\" height=\"441\" title=\"Gir hint om nytt prosjekt\" alt=\"\" class=\"lazyload\" style=\"--aspect-ratio-image: 2.22; \"\/><\/p>\n<p>        Gir hint om nytt prosjekt<\/p>\n<p>    <\/a><\/p>\n<p>Det er komiker Harald R\u00f8nneberg (52), TV-profil Anne Lindmo (55), tidligere assisterende helsedirekt\u00f8r Espen Nakstad (50), freestylekj\u00f8rer Hedvig Wessel (30), programleder Tete Lidbom (39) og forsker Inga Str\u00fcmke (36) som er de seks utvalgte til ekspedisjonen.\u00a0<\/p>\n<p>          <img loading=\"lazy\" decoding=\"async\" src=\"https:\/\/www.europesays.com\/no\/wp-content\/uploads\/2025\/11\/83885365.webp\" width=\"980\" height=\"559\" title=\"VERDENS KALDESTE: Denali blir ofte omtalt som \u00abverdens kaldeste fjell\u00bb, og kan n\u00e5 temperaturer helt ned til - 70 Celsius. Foto: AP Photo\/Becky Bohrer\/NTB\" alt=\"\" class=\"\" style=\"--aspect-ratio-image: 1.75; \"\/><\/p>\n<p>\n          VERDENS KALDESTE: Denali blir ofte omtalt som \u00abverdens kaldeste fjell\u00bb, og kan n\u00e5 temperaturer helt ned til &#8211; 70 Celsius. Foto: AP Photo\/Becky Bohrer\/NTB\n      <\/p>\n<p>Denali reiser seg 6190 meter over havet,\u00a0 og dominerer landskapet i Denali nasjonalpark i Alaska, et omr\u00e5de kjent for r\u00e5 natur og ekstrem kulde.\u00a0<\/p>\n<p>    <a itemprop=\"url\" href=\"https:\/\/www.dagbladet.no\/kjendis\/uteblir\/83874635\" rel=\"nofollow noopener\" target=\"_blank\"><\/p>\n<p>      <img loading=\"lazy\" decoding=\"async\" src=\"https:\/\/www.europesays.com\/no\/wp-content\/uploads\/2025\/11\/1763754135_18_83885654.webp\" width=\"980\" height=\"441\" title=\"Uteblir\" alt=\"\" class=\"lazyload\" style=\"--aspect-ratio-image: 2.22; \"\/><\/p>\n<p>        Uteblir<\/p>\n<p>    <\/a><\/p>\n<p>Sa plutselig stopp\t<\/p>\n<p data-lab-font_weight=\"\">I episode fem av serien har de seks deltakerne kommet et godt stykke p\u00e5 vei opp fjellet, i sv\u00e6rt lite gjestfrie omgivelser.\u00a0<\/p>\n<p data-lab-font_weight=\"\">Da gruppa n\u00e5r camp tre, som ligger 3400 meter over havet, er det \u00e9n av de seks deltakerne som sliter med d\u00e5rlig helse, nemlig den tidligere \u00abSenkveld\u00bb-programlederen Harald R\u00f8nneberg.\u00a0<\/p>\n<p>          <img loading=\"lazy\" decoding=\"async\" src=\"https:\/\/www.europesays.com\/no\/wp-content\/uploads\/2025\/11\/83617666.webp\" width=\"686\" height=\"604\" title=\"TURGLAD: Harald R\u00f8nneberg har tidligere g\u00e5tt over Gr\u00f8nland, og gledet seg til \u00e5 bestige det ekstreme fjellet. Foto: Sveinung Svendsen \/ Strix\" alt=\"\" class=\"\" style=\"--aspect-ratio-image: 1.14; \"\/><\/p>\n<p>\n          TURGLAD: Harald R\u00f8nneberg har tidligere g\u00e5tt over Gr\u00f8nland, og gledet seg til \u00e5 bestige det ekstreme fjellet. Foto: Sveinung Svendsen \/ Strix\n      <\/p>\n<p class=\"font-weight-bold m-font-weight-bold\" data-lab-font_weight=\"font-weight-bold\"> Det viste seg imidlertid at det ikke var de ekstreme forholdene i fjellveggen som skulle knekke ham, men en annen type sykdom.\u00a0<\/p>\n<p class=\"font-weight-bold m-font-weight-bold\" data-lab-font_weight=\"font-weight-bold\">Den folkekj\u00e6re programlederen hadde f\u00e5tt omgangssyken.<\/p>\n<p>          <img loading=\"lazy\" decoding=\"async\" src=\"https:\/\/www.europesays.com\/no\/wp-content\/uploads\/2025\/11\/83885326.webp\" width=\"686\" height=\"446\" title=\"TUNGT: Etter \u00e5 ha vurdert formen over en liten periode, sa det stopp for Harald R\u00f8nneberg etter at gjengen n\u00e5dde den tredje campen. Foto: NRK\" alt=\"\" class=\"\" style=\"--aspect-ratio-image: 1.54; \"\/><\/p>\n<p>\n          TUNGT: Etter \u00e5 ha vurdert formen over en liten periode, sa det stopp for Harald R\u00f8nneberg etter at gjengen n\u00e5dde den tredje campen. Foto: NRK\n      <\/p>\n<p class=\"font-weight-bold m-font-weight-bold\" data-lab-font_weight=\"font-weight-bold\">&#8211; Det er litt feber, det er litt omgangssjuke, det er litt forskjellig. Herregud, sier han opgitt fra teltet til teltkameraten Lindmo.\u00a0<\/p>\n<p class=\"font-weight-bold m-font-weight-bold\" data-lab-font_weight=\"font-weight-bold\"> Videre forklarer programlederen at han sovnet med en god f\u00f8lelse og tenkte at dette kom til \u00e5 g\u00e5 rette veien. Men slik ble det alts\u00e5 ikke. <\/p>\n<p>        UTFORDRINGER: Harald R\u00f8nneberg merker at ogs\u00e5 toalettbes\u00f8k er utfordrende n\u00e5r du skal bestige verdens kaldeste fjell i NRK-serien \u00abEkspedisjonen\u00bb. Video: NRK TV\/ Thea Hope\/ R\u00f8d L\u00f8per<\/p>\n<p>&#8211; N\u00e5 har vi pr\u00f8vd alt. N\u00e5 m\u00e5 dere f\u00e5 slippe \u00e5 forholde dere til dette r\u00e6let, og fortsette eventyret, sier han til Lindmo.\u00a0<\/p>\n<p class=\"font-weight-bold m-font-weight-bold\" data-lab-font_weight=\"font-weight-bold\">&#8211; N\u00e5r jeg innser at dette ikke g\u00e5r &#8230; Det er en absurd f\u00f8lelse. Jeg klarer ikke helt \u00e5 akseptere at turen min er over.\u00a0<\/p>\n<p>    <a itemprop=\"url\" href=\"https:\/\/www.dagbladet.no\/kjendis\/kastet-seg-pa-motetrenden\/83885589\" rel=\"nofollow noopener\" target=\"_blank\"><\/p>\n<p>      <img loading=\"lazy\" decoding=\"async\" src=\"https:\/\/www.europesays.com\/no\/wp-content\/uploads\/2025\/11\/83885436.webp\" width=\"980\" height=\"441\" title=\"Kastet seg p\u00e5 motetrenden\" alt=\"\" class=\"lazyload\" style=\"--aspect-ratio-image: 2.22; \"\/><\/p>\n<p>        Kastet seg p\u00e5 motetrenden<\/p>\n<p>    <\/a><\/p>\n<p>Mens de andre deltakerne fortsetter mot toppen av fjellet, s\u00e5 programlederen seg n\u00f8dt til \u00e5 ta seg ned 1200 h\u00f8ydemeter, tilbake til basecamp.\u00a0<\/p>\n<p>&#8211; Den st\u00f8rste motivasjonen\t<\/p>\n<p>I f\u00f8rste episode av \u00abEkspedisjonen\u00bb kunne R\u00f8nneberg fortelle hva som var hovedmotivasjonen for \u00e5 fullf\u00f8re l\u00f8pet, nemlig s\u00f8nnen.\u00a0\u00a0<\/p>\n<p class=\"font-weight-bold m-font-weight-bold\" data-lab-font_weight=\"font-weight-bold\">Etter \u00e5tte \u00e5r med resultatl\u00f8s pr\u00f8ving fikk han og kona, S\u00f8lvi Haugland, s\u00f8nnen Ludvig gjennom <a href=\"https:\/\/www.dagbladet.no\/kjendis\/om-surrogati-valget-litt-uglesett\/80948743\" rel=\"nofollow noopener\" target=\"_blank\">surrogati i 2015<\/a>.<\/p>\n<p>&#8211; Vi skulle bli familie, S\u00f8lvi skulle bli mor til mine barn. S\u00e5nn er det bare, for det er hun jeg elsker over alt, fortalte han p\u00e5 bes\u00f8k hos \u00abSkavlan\u00bb i 2015.<\/p>\n<p>          <img loading=\"lazy\" decoding=\"async\" src=\"https:\/\/www.europesays.com\/no\/wp-content\/uploads\/2025\/11\/83885891.webp\" width=\"686\" height=\"611\" title=\"\u00c5LESUND: Harald R\u00f8nneberg og kona avbildet i \u00c5lesund i forbindelse med bryllupet til prinsesse M\u00e4rtha Louise og Durek Verrett i 2024. Foto: Heiko Junge \/ NTB\" alt=\"\" class=\"\" style=\"--aspect-ratio-image: 1.12; \"\/><\/p>\n<p>\n          \u00c5LESUND: Harald R\u00f8nneberg og kona avbildet i \u00c5lesund i forbindelse med bryllupet til prinsesse M\u00e4rtha Louise og Durek Verrett i 2024. Foto: Heiko Junge \/ NTB\n      <\/p>\n<p>I den f\u00f8rste episoden av serien f\u00e5r man et unikt innblikk i familien p\u00e5 tre. R\u00f8nneberg legger ikke skjul p\u00e5 hvor mye s\u00f8nnen betyr for ham.\u00a0<\/p>\n<p class=\"font-weight-bold m-font-weight-bold\" data-lab-font_weight=\"font-weight-bold\">&#8211; Den st\u00f8rste motivasjonen for \u00e5 ta denne turen er Ludvig. Han skal synes at det er litt stas og kanskje bli litt inspirert, reflekterer 52-\u00e5ringen.\u00a0<\/p>\n<p>        EKSPEDISJONEN: Under f\u00f8rste episode av Ekspedisjonen p\u00e5 NRK f\u00e5r deltakerne en innf\u00f8ring i hva som kan g\u00e5 alt helsemessig p\u00e5 tur. Video: NRK. Reporter: Trond Markus Gravdal<\/p>\n<p>Den tidligere \u00abSenkveld\u00bb-programlederen har tidligere fortalt til Dagbladet at han <a href=\"https:\/\/www.dagbladet.no\/kjendis\/har-ikke-sett-dokumentaren\/83763974\" rel=\"nofollow noopener\" target=\"_blank\">gruet seg til \u00e5 v\u00e6re lenge borte fra s\u00f8nnen<\/a> under deltakelsen.\u00a0<\/p>\n<p> &#8211; Han er den eneste vi har. Vi pr\u00f8vde i ti \u00e5r \u00e5 f\u00e5 barn, s\u00e5 da han kom, var han greit velkommen. \u00c9n ting er \u00e5 v\u00e6re borte fra ham i mindre perioder, med tanke p\u00e5 jobb og s\u00e5nn. Men da har man kunnet FaceTime, det kunne vi ikke n\u00e5. <\/p>\n","protected":false},"excerpt":{"rendered":"Harald R\u00f8nneberg: F\u00f8r innspillingen av \u00abEkspedisjonen\u00bb fortalte Harald R\u00f8nneberg at det var \u00e9n ting som motiverte ham. Halvveis&hellip;\n","protected":false},"author":2,"featured_media":93221,"comment_status":"","ping_status":"","sticky":false,"template":"","format":"standard","meta":{"footnotes":""},"categories":[12],"tags":[20,21,12128,2663,11976,24,25,9951,15,479,22,23,13,30,28,29,14,16,26,27,42,43,44,45],"class_list":{"0":"post-93220","1":"post","2":"type-post","3":"status-publish","4":"format-standard","5":"has-post-thumbnail","7":"category-verden","8":"tag-breaking-news","9":"tag-breakingnews","10":"tag-denali","11":"tag-ekspedisjon","12":"tag-ekspedisjonen","13":"tag-featured-news","14":"tag-featurednews","15":"tag-harald-ronneberg","16":"tag-headlines","17":"tag-kjendis","18":"tag-latest-news","19":"tag-latestnews","20":"tag-news","21":"tag-no","22":"tag-norge","23":"tag-norway","24":"tag-nyheter","25":"tag-overskrifter","26":"tag-top-stories","27":"tag-topstories","28":"tag-verden","29":"tag-world","30":"tag-world-news","31":"tag-worldnews"},"share_on_mastodon":{"url":"https:\/\/pubeurope.com\/@no\/115589398453405043","error":""},"_links":{"self":[{"href":"https:\/\/www.europesays.com\/no\/wp-json\/wp\/v2\/posts\/93220","targetHints":{"allow":["GET"]}}],"collection":[{"href":"https:\/\/www.europesays.com\/no\/wp-json\/wp\/v2\/posts"}],"about":[{"href":"https:\/\/www.europesays.com\/no\/wp-json\/wp\/v2\/types\/post"}],"author":[{"embeddable":true,"href":"https:\/\/www.europesays.com\/no\/wp-json\/wp\/v2\/users\/2"}],"replies":[{"embeddable":true,"href":"https:\/\/www.europesays.com\/no\/wp-json\/wp\/v2\/comments?post=93220"}],"version-history":[{"count":0,"href":"https:\/\/www.europesays.com\/no\/wp-json\/wp\/v2\/posts\/93220\/revisions"}],"wp:featuredmedia":[{"embeddable":true,"href":"https:\/\/www.europesays.com\/no\/wp-json\/wp\/v2\/media\/93221"}],"wp:attachment":[{"href":"https:\/\/www.europesays.com\/no\/wp-json\/wp\/v2\/media?parent=93220"}],"wp:term":[{"taxonomy":"category","embeddable":true,"href":"https:\/\/www.europesays.com\/no\/wp-json\/wp\/v2\/categories?post=93220"},{"taxonomy":"post_tag","embeddable":true,"href":"https:\/\/www.europesays.com\/no\/wp-json\/wp\/v2\/tags?post=93220"}],"curies":[{"name":"wp","href":"https:\/\/api.w.org\/{rel}","templated":true}]}}