{"id":93228,"date":"2025-11-21T19:46:11","date_gmt":"2025-11-21T19:46:11","guid":{"rendered":"https:\/\/www.europesays.com\/no\/93228\/"},"modified":"2025-11-21T19:46:11","modified_gmt":"2025-11-21T19:46:11","slug":"kultur-jul-slipper-julelat-kanskje-vi-trenger-en-lat-som-dette-alle-sammen","status":"publish","type":"post","link":"https:\/\/www.europesays.com\/no\/93228\/","title":{"rendered":"Kultur, Jul | Slipper julel\u00e5t: \u2013 Kanskje vi trenger en l\u00e5t som dette alle sammen?"},"content":{"rendered":"\n<p>Fredag den 21. november <a rel=\"Follow nofollow noopener\" href=\"https:\/\/orcd.co\/haap_gjermund_silset\" target=\"_blank\">ble julel\u00e5ten \u00abH\u00e5p,\u00bb<\/a> med  og Gjermund Silset, sluppet. Silset, som opprinnelig er fra Batnfjord, har b\u00e5de komponert og v\u00e6rt arrang\u00f8r p\u00e5 l\u00e5ten.<\/p>\n<p>Han beskriver den som b\u00e5de varm og tidl\u00f8s, og som skal minne folk p\u00e5 at de aller fleste under stjernehimmelen er i fredelige \u00e6rend.<\/p>\n<p>\u2013 Og bare i det finnes det et stort h\u00e5p. I en tid med polarisering og stadig skarpere fiendebilder, er det lett \u00e5 miste noe helt grunnleggende av syne: De aller fleste mennesker, uansett hvor vi bor i verden, er bare vanlige folk som \u00f8nsker hverdager med trygghet og framtidstro.<\/p>\n<p>En l\u00e5t vi trenger alle sammen?<\/p>\n<p>\u2013 Verden har blitt mer polarisert, og h\u00e5pet p\u00e5 en lysere og bedre framtid er noe vi alle kanskje b\u00e6rer i oss om dagen, utdyper Silset.<\/p>\n<p>Han forteller at han har hatt melodien liggende i flere \u00e5r, f\u00f8r kona skrev teksten. De har tenkt p\u00e5 \u00e5 gi ut l\u00e5ten en stund, men i \u00e5r \u2013 med et m\u00f8rkt verdensbilde som bakteppe \u2013 m\u00e5tte den ut.<\/p>\n<p>\u2013 Da jeg og kona mi satte sammen melodi og tekst, tenkte vi: Kanskje vi trenger en l\u00e5t som dette alle sammen?<\/p>\n<p>Tidens Krav sp\u00f8r hva som var \u00e5rsaken til at Rita Eriksen ble valgt til \u00e5 synge. Silset svarer at melodien i l\u00e5ten har litt spenn.<\/p>\n<p>\u2013 Jeg tenkte p\u00e5 henne, siden hun er en god formidler og har en dynamikk i stemmen som passer l\u00e5ten godt. Ikke minst er jeg veldig glad i hennes fine Country-knekk. S\u00e5 det var hun som var f\u00f8rstevalget, og var den f\u00f8rste som dukket opp i hodet mitt.<\/p>\n<p><b>Lytt til l\u00e5ten her:<\/b><\/p>\n<p>\u2013 Det ekstra lille krydderet<\/p>\n<p>Eriksen kjenner alts\u00e5 Silset godt fra f\u00f8r av, forteller hun. Blant annet var han med da Eriksen gjorde <a rel=\"Follow nofollow noopener\" href=\"https:\/\/www.dagbladet.no\/kultur\/rita-eriksen-synger-eva-cassidy---men-hvem-skrev-latene\/68836320\" target=\"_blank\">en Eva Cassidy-hyllest i 2017<\/a>. Hun beskriver samarbeidet som bra.<\/p>\n<p>\u2013 Han er en fantastisk fin fyr \u00e5 jobbe med. Han er grundig og ordentlig, og i tillegg har han mye humor. S\u00e5 det har v\u00e6rt et hyggelig samarbeid. Han har valgt hyggelige musikere som har bidratt ogs\u00e5, som har v\u00e6rt det ekstra lille krydderet, forteller hun.<\/p>\n<p>   <img decoding=\"async\" width=\"1400\" height=\"1400\" fetchpriority=\"low\"  loading=\"lazy\"  src=\"https:\/\/www.europesays.com\/no\/wp-content\/uploads\/2025\/11\/03+DIGITAL+COVER.jpg\" alt=\"\" class=\"brick-c-cFOWSL\" style=\"--brick-image-ratio: 1400 \/ 1400;\"\/><\/p>\n<p><b>Disse deltar p\u00e5 \u00abH\u00e5p\u00bb:<\/b><\/p>\n<ul>\n<li>Rita Eriksen: Vokal.<\/li>\n<li>Geir Sundst\u00f8l: Pedal steel, national, mandolin, zither, marzophone, munnspill.<\/li>\n<li>Tarjei Nysted: N\u00f8kkelharpe.<\/li>\n<li>Gjermund Silset: Kontrabass, akustisk gitar, omnichord, celesta. Komponist og arrang\u00f8r.<\/li>\n<li>Bjarne Stensli: Miks.<\/li>\n<li>George Tander\u00f8: Mastering.<\/li>\n<\/ul>\n<p>Eriksen mener vinklingen p\u00e5 \u00abH\u00e5p\u00bb er fin, og den passer if\u00f8lge henne spesielt godt inn mot jul. Mange gruer seg til julen, forteller hun.<\/p>\n<p>\u2013 Og h\u00e5p er noe vi trenger i en verden som blir stadig mer grusom p\u00e5 mange vis. Jeg tenker at det griper dypt inn i hverdagen til mange som sliter, enten psykisk eller med andre ting. \u00c5 v\u00e6re klar over at det finnes h\u00e5p, er n\u00f8dvendig for \u00e5 f\u00e5 snudd noe om til det positive.<\/p>\n<p>\u2013 Dette er ogs\u00e5 et av de store begrepene: Tro, h\u00e5p og kj\u00e6rlighet. Da er det klart at det er meningsfullt, legger hun til.<\/p>\n<p>  <a href=\"https:\/\/www.tk.no\/5-51-1772773\" class=\"related-teaser has-image default-story-teaser article--c-eRUmMG article--c-eRUmMG-jKCPdD-design-default\" rel=\"nofollow noopener\" target=\"_blank\"><\/p>\n<p>    <img decoding=\"async\" loading=\"lazy\"  src=\"https:\/\/www.europesays.com\/no\/wp-content\/uploads\/2025\/11\/1763754370_452_DanielKvammen_1240.png\" alt=\"\" class=\"brick-c-cFOWSL\" style=\"\"\/><\/p>\n<p>\n            Les ogs\u00e5<\/p>\n<p>              Kommer til Kristiansund \u2013 men ikke dit du tror\n        <\/p>\n<p>  <\/a><\/p>\n<p>  <a href=\"https:\/\/www.tk.no\/5-51-1774076\" class=\"related-teaser has-image default-story-teaser article--c-eRUmMG article--c-eRUmMG-jKCPdD-design-default\" rel=\"nofollow noopener\" target=\"_blank\"><\/p>\n<p>    <img decoding=\"async\" loading=\"lazy\"  src=\"https:\/\/www.europesays.com\/no\/wp-content\/uploads\/2025\/11\/Jrn+Hoel+2.png\" alt=\"\" class=\"brick-c-cFOWSL\" style=\"\"\/><\/p>\n<p>\n            Les ogs\u00e5<\/p>\n<p>              I kveld arrangerer J\u00f8rn Hoel utsolgt helaften: \u2013 Jeg har alltid f\u00f8lt en n\u00e6rhet til Kristiansund\n        <\/p>\n<p>  <\/a><\/p>\n<p>  <a href=\"https:\/\/www.tk.no\/5-51-1768042\" class=\"related-teaser has-image default-story-teaser article--c-eRUmMG article--c-eRUmMG-jKCPdD-design-default\" rel=\"nofollow noopener\" target=\"_blank\"><\/p>\n<p>    <img decoding=\"async\" loading=\"lazy\"  src=\"https:\/\/www.europesays.com\/no\/wp-content\/uploads\/2025\/11\/P1064970+%281%29.jpg\" alt=\"\" class=\"brick-c-cFOWSL\" style=\"\"\/><\/p>\n<p>\n            Les ogs\u00e5<\/p>\n<p>              Slik f\u00e5r du julehjelp fra Frelsesarmeen\n        <\/p>\n<p>  <\/a><\/p>\n","protected":false},"excerpt":{"rendered":"Fredag den 21. november ble julel\u00e5ten \u00abH\u00e5p,\u00bb med og Gjermund Silset, sluppet. Silset, som opprinnelig er fra Batnfjord,&hellip;\n","protected":false},"author":2,"featured_media":93229,"comment_status":"","ping_status":"","sticky":false,"template":"","format":"standard","meta":{"footnotes":""},"categories":[58],"tags":[36,12129,71,5593,410,221,30,28,29,1510,72],"class_list":{"0":"post-93228","1":"post","2":"type-post","3":"status-publish","4":"format-standard","5":"has-post-thumbnail","7":"category-underholdning","8":"tag-art","9":"tag-batnfjord","10":"tag-entertainment","11":"tag-jul","12":"tag-kultur","13":"tag-musikk","14":"tag-no","15":"tag-norge","16":"tag-norway","17":"tag-story","18":"tag-underholdning"},"share_on_mastodon":{"url":"https:\/\/pubeurope.com\/@no\/115589413854668038","error":""},"_links":{"self":[{"href":"https:\/\/www.europesays.com\/no\/wp-json\/wp\/v2\/posts\/93228","targetHints":{"allow":["GET"]}}],"collection":[{"href":"https:\/\/www.europesays.com\/no\/wp-json\/wp\/v2\/posts"}],"about":[{"href":"https:\/\/www.europesays.com\/no\/wp-json\/wp\/v2\/types\/post"}],"author":[{"embeddable":true,"href":"https:\/\/www.europesays.com\/no\/wp-json\/wp\/v2\/users\/2"}],"replies":[{"embeddable":true,"href":"https:\/\/www.europesays.com\/no\/wp-json\/wp\/v2\/comments?post=93228"}],"version-history":[{"count":0,"href":"https:\/\/www.europesays.com\/no\/wp-json\/wp\/v2\/posts\/93228\/revisions"}],"wp:featuredmedia":[{"embeddable":true,"href":"https:\/\/www.europesays.com\/no\/wp-json\/wp\/v2\/media\/93229"}],"wp:attachment":[{"href":"https:\/\/www.europesays.com\/no\/wp-json\/wp\/v2\/media?parent=93228"}],"wp:term":[{"taxonomy":"category","embeddable":true,"href":"https:\/\/www.europesays.com\/no\/wp-json\/wp\/v2\/categories?post=93228"},{"taxonomy":"post_tag","embeddable":true,"href":"https:\/\/www.europesays.com\/no\/wp-json\/wp\/v2\/tags?post=93228"}],"curies":[{"name":"wp","href":"https:\/\/api.w.org\/{rel}","templated":true}]}}