{"id":93234,"date":"2025-11-21T19:52:19","date_gmt":"2025-11-21T19:52:19","guid":{"rendered":"https:\/\/www.europesays.com\/no\/93234\/"},"modified":"2025-11-21T19:52:19","modified_gmt":"2025-11-21T19:52:19","slug":"sport-langrenn-iversen-gjor-som-haaland-ekstrem-totalpakke","status":"publish","type":"post","link":"https:\/\/www.europesays.com\/no\/93234\/","title":{"rendered":"Sport, Langrenn | Iversen gj\u00f8r som Haaland: \u2013 Ekstrem totalpakke!"},"content":{"rendered":"\n<p><b>BEITOST\u00d8LEN: <\/b>Med godt hum\u00f8r og lave skuldre tok Emil Iversen imot Tr\u00f8nder-Avisa p\u00e5 luksushytta som hans team leier i forbindelse med sesong\u00e5pningen p\u00e5 Beitost\u00f8len.<\/p>\n<p>Forrige sesong skulle egentlig bli hans siste, men VM-vrakingen etter et godt NM ga <a href=\"https:\/\/www.t-a.no\/bettina-pushet-pa-na-blir-det-tidenes-satsing-fra-iversen\/s\/5-116-2163974\" rel=\"Follow nofollow noopener\" target=\"_blank\">34-\u00e5ringen blod p\u00e5 tann for en siste sesong<\/a>.<\/p>\n<p>Tatt drastiske grep<\/p>\n<p>I jakten p\u00e5 en OL-billett har Emil Iversen snudd helt om p\u00e5 satsingen sin.<\/p>\n<p>\u2013 Jeg har fors\u00f8kt \u00e5 optimalisere alt. Kroppen f\u00f8les bra, blodpr\u00f8vene er bra, helsen er bra og objektivt har ting fungert bedre enn f\u00f8r, sier Emil Iversen.<\/p>\n<p>   <img decoding=\"async\" width=\"6000\" height=\"4000\" fetchpriority=\"low\"  loading=\"lazy\"  src=\"https:\/\/www.europesays.com\/no\/wp-content\/uploads\/2025\/11\/JAiversen-emil08.jpg\" alt=\"\" class=\"brick-c-cFOWSL\" style=\"--brick-image-ratio: 6000 \/ 4000;\"\/><\/p>\n<p>      Emil Iversen har gjort drastiske grep foran OL-sesongen. 34-\u00e5ringen fra Mer\u00e5ker har gitt seg selv en siste mulighet til \u00e5 prestere.<br \/>\n      Foto: Johan Arnt Nesg\u00e5rd\n    <\/p>\n<p>De s\u00e5kalte r\u00f8de brillene er noe flere idrettsut\u00f8vere har begynt \u00e5 ta i bruk. Blant de aller f\u00f8rste var fotballstjernen Erling Braut Haaland. Brillene blokkerer bl\u00e5lys. Brillene bidrar til \u00e5 redusere stress og optimaliserer kroppens melatoninproduksjon, noe som gir en optimal d\u00f8gnrytme og s\u00f8vnkvalitet.<\/p>\n<p>\u2013 Jeg har fors\u00f8kt alt og jeg merker at s\u00f8vnen har blitt bedre.<\/p>\n<p><b>\u2013 Hva slags andre duppedingser er tatt i bruk?<\/b><\/p>\n<p>\u2013 Jeg kan ikke r\u00f8pe alle detaljer, men det har v\u00e6rt et halv\u00e5r uten like. Folk kan le av litt av hvert, men jeg har gjort alt jeg kan for \u00e5 prestere til vinteren, sier Emil Iversen.<\/p>\n<p>Men, som Iversen sier, det er h\u00f8yderegime som er den aller st\u00f8rste endringen. Planen var egentlig 77 h\u00f8yded\u00f8gn, men sykdom p\u00e5 det siste oppholdet i Livigno f\u00f8rte til hjemreise fire dager f\u00f8r planen.<\/p>\n<p>\u2013 Jeg tror ikke sykdommen jeg p\u00e5dro meg i h\u00f8yden skal ha noe \u00e5 si. Jeg f\u00f8ler meg i bra slag.<\/p>\n<p><b>\u2013 Har du noen gang v\u00e6rt bedre forberedt?<\/b><\/p>\n<p>\u2013 Det sitter langt inne \u00e5 si, men jeg har nok aldri v\u00e6rt bedre forberedt til en skisesong, sier Emil Iversen.<\/p>\n<p>   <img decoding=\"async\" width=\"6000\" height=\"4000\" fetchpriority=\"low\"  loading=\"lazy\"  src=\"https:\/\/www.europesays.com\/no\/wp-content\/uploads\/2025\/11\/JAiversen-emil06.jpg\" alt=\"\" class=\"brick-c-cFOWSL\" style=\"--brick-image-ratio: 6000 \/ 4000;\"\/><\/p>\n<p>      Emil Iversen er trygg p\u00e5 at han kan prestere p\u00e5 Beitost\u00f8len. M\u00e5let er \u00e5 g\u00e5 seg inn p\u00e5 verdenscuplaget.<br \/>\n      Foto: Johan Arnt Nesg\u00e5rd\n    <\/p>\n<p>  Ingen kj\u00e6re mor<\/p>\n<p>34-\u00e5ringen forteller at han l\u00e6rte mye av \u00e5 dra p\u00e5 h\u00f8ydeoppholdene i h\u00f8st med Kl\u00e6bo.<\/p>\n<p>\u2013 Det var ingen kj\u00e6re mor \u00e5 reise med han, sier Iversen.<\/p>\n<p>Morgen\u00f8kten startet som regel i 6-tiden.<\/p>\n<p>\u2013 Det var helt j\u00e6vlig, men det gikk jo greit, sier han.<\/p>\n<p>   <img decoding=\"async\" width=\"4406\" height=\"2937\" fetchpriority=\"low\"  loading=\"lazy\"  src=\"https:\/\/www.europesays.com\/no\/wp-content\/uploads\/2025\/11\/JAiversen-emil11.jpg\" alt=\"\" class=\"brick-c-cFOWSL\" style=\"--brick-image-ratio: 4406 \/ 2937;\"\/><\/p>\n<p>      Johannes H\u00f8sflot Kl\u00e6bo og Emil Iversen p\u00e5 trening dagen f\u00f8r sesong\u00e5pninga i langrenn p\u00e5 Beitost\u00f8len.<br \/>\n      Foto: Johan Arnt Nesg\u00e5rd\n    <\/p>\n<p>Iversen innr\u00f8mmer at det siste halv\u00e5ret har v\u00e6rt s\u00e6rt og litt kjedeligere enn ellers.<\/p>\n<p>\u2013 Ikke faen om jeg hadde orket \u00e5 leve et slikt liv i ti \u00e5r, s\u00e5 jeg er imponert over Johannes som har gjort dette i alle \u00e5r.<\/p>\n<p><b>\u2013 Hvor ekstremt har det v\u00e6rt?<\/b><\/p>\n<p>\u2013 Det er bare en totalpakke som er helt ekstrem, men Johannes har alltid trivdes med det \u2013 og det er jo det syke. Jeg trives litt i det jeg ogs\u00e5, men hadde vi tatt Johannes ut av regnestykket s\u00e5 hadde det ikke v\u00e6rt sjanse. Kall det useri\u00f8st av Johannes \u00e5 ha med meg, men for meg har det v\u00e6rt veldig seri\u00f8st \u00e5 v\u00e6re oss to, sier 34-\u00e5ringen.<\/p>\n<p>Og legger til:<\/p>\n<p>\u2013 Hvis jeg gir meg neste \u00e5r og ikke er i n\u00e6rheten denne vinteren, s\u00e5 har jeg ikke mer \u00e5 gi. Jeg har gjort alt jeg kan i \u00e5r og da blir det s\u00e5 bra som det blir.<\/p>\n<p>G\u00e5r l\u00f8rdag og s\u00f8ndag<\/p>\n<p>P\u00e5 Beitost\u00f8len i helga g\u00e5r han distanserennene l\u00f8rdag og s\u00f8ndag.<\/p>\n<p>\u2013 M\u00e5let i helga er \u00e5 komme tidsnok til start, ikke bli disket, ikke knekke staven og ha gode ski, sier Iversen, som tr\u00f8blet med alle fire punkter sist sesong.<\/p>\n<p>Hovedm\u00e5let for sesongen er en OL-billett, men Iversen vet at n\u00e5l\u00f8yet er trangt. Per dags dato er Norges kvote p\u00e5 sju herrel\u00f8pere.<\/p>\n<p>\u2013 OL er s\u00e5 \u00e5 si nesten umulig, men sjansen er der. Med litt stang inn og flyt s\u00e5 vet jeg at jeg har toppniv\u00e5et inne, sier Iversen som har pekt seg ut femmila og duatlon som hans OL-distanser.<\/p>\n<p>\u2013 Akkurat n\u00e5 anser jeg Kl\u00e6bo, Amundsen, Nyenget og Valnes som bankers i OL-troppen. Bak dem er det ganske \u00e5pent og hvis jeg har tatt et par steg s\u00e5 kan jeg bli aktuell, sier Iversen.<\/p>\n","protected":false},"excerpt":{"rendered":"BEITOST\u00d8LEN: Med godt hum\u00f8r og lave skuldre tok Emil Iversen imot Tr\u00f8nder-Avisa p\u00e5 luksushytta som hans team leier&hellip;\n","protected":false},"author":2,"featured_media":93235,"comment_status":"","ping_status":"","sticky":false,"template":"","format":"standard","meta":{"footnotes":""},"categories":[59],"tags":[36,3647,398,30,28,29,83,82,1510],"class_list":{"0":"post-93234","1":"post","2":"type-post","3":"status-publish","4":"format-standard","5":"has-post-thumbnail","7":"category-sport","8":"tag-art","9":"tag-emil-iversen","10":"tag-langrenn","11":"tag-no","12":"tag-norge","13":"tag-norway","14":"tag-sport","15":"tag-sports","16":"tag-story"},"share_on_mastodon":{"url":"https:\/\/pubeurope.com\/@no\/115589437725801922","error":""},"_links":{"self":[{"href":"https:\/\/www.europesays.com\/no\/wp-json\/wp\/v2\/posts\/93234","targetHints":{"allow":["GET"]}}],"collection":[{"href":"https:\/\/www.europesays.com\/no\/wp-json\/wp\/v2\/posts"}],"about":[{"href":"https:\/\/www.europesays.com\/no\/wp-json\/wp\/v2\/types\/post"}],"author":[{"embeddable":true,"href":"https:\/\/www.europesays.com\/no\/wp-json\/wp\/v2\/users\/2"}],"replies":[{"embeddable":true,"href":"https:\/\/www.europesays.com\/no\/wp-json\/wp\/v2\/comments?post=93234"}],"version-history":[{"count":0,"href":"https:\/\/www.europesays.com\/no\/wp-json\/wp\/v2\/posts\/93234\/revisions"}],"wp:featuredmedia":[{"embeddable":true,"href":"https:\/\/www.europesays.com\/no\/wp-json\/wp\/v2\/media\/93235"}],"wp:attachment":[{"href":"https:\/\/www.europesays.com\/no\/wp-json\/wp\/v2\/media?parent=93234"}],"wp:term":[{"taxonomy":"category","embeddable":true,"href":"https:\/\/www.europesays.com\/no\/wp-json\/wp\/v2\/categories?post=93234"},{"taxonomy":"post_tag","embeddable":true,"href":"https:\/\/www.europesays.com\/no\/wp-json\/wp\/v2\/tags?post=93234"}],"curies":[{"name":"wp","href":"https:\/\/api.w.org\/{rel}","templated":true}]}}