{"id":93291,"date":"2025-11-21T21:02:35","date_gmt":"2025-11-21T21:02:35","guid":{"rendered":"https:\/\/www.europesays.com\/no\/93291\/"},"modified":"2025-11-21T21:02:35","modified_gmt":"2025-11-21T21:02:35","slug":"raser-jaevlig-irritert","status":"publish","type":"post","link":"https:\/\/www.europesays.com\/no\/93291\/","title":{"rendered":"Raser: &#8211; J\u00e6vlig irritert"},"content":{"rendered":"<p class=\"no_italic m-no_italic\" data-lab-italic=\"\" data-lab-font_weight=\"\">Den norske sprintstjernen hadde en tr\u00f8blete sesong i fjor. I fredagens sprint\u00e5pning p\u00e5 Beitost\u00f8len viste Stav\u00e5s Skistad at hun virkelig b\u00f8r v\u00e6re \u00e5 regne med denne sesongen.<\/p>\n<p class=\"no_italic m-no_italic\" data-lab-italic=\"\">Ane Appelkvist Stenseth ga henne god kamp underveis, men p\u00e5 oppl\u00f8pet var Stav\u00e5s Skistad sterkest.<\/p>\n<p class=\"no_italic m-no_italic bold m-bold\" data-lab-italic=\"\" data-lab-font_weight=\"bold\">\u2013 Hun er helt overlegen, sier NRK-kommentator Jann Post.<\/p>\n<p>        <img class=\"image__img lazyload\" itemprop=\"image\" title=\"Foto: Terje Pedersen \/ NTB\" alt=\"SUVEREN: Kristine Stav\u00e5s Skistad. Foto: Terje Pedersen \/ NTB\" width=\"978\" height=\"551\" bad-src=\"https:\/\/www.europesays.com\/no\/wp-content\/uploads\/2025\/11\/18312137.webp\" fetchpriority=\"auto\" \/><\/p>\n<p>      SUVEREN: Kristine Stav\u00e5s Skistad.<br \/>\n         Foto: Terje Pedersen \/ NTB<\/p>\n<p class=\"no_italic m-no_italic\" data-lab-italic=\"\" data-lab-font_weight=\"\">Vinneren var i godt hum\u00f8r etter den suverene seieren.<\/p>\n<p class=\"no_italic m-no_italic bold m-bold\" data-lab-italic=\"\" data-lab-font_weight=\"bold\">\u2013 N\u00e5 skal jeg kose meg, sier Stav\u00e5s Skistad til NRK.<\/p>\n<p class=\"no_italic m-no_italic bold m-bold\" data-lab-italic=\"\" data-lab-font_weight=\"bold\">\u2013 Det er alltid krevende p\u00e5 sesongstarten. Det er deilig \u00e5 f\u00e5 det i boks.<\/p>\n<p class=\"no_italic m-no_italic\" data-lab-italic=\"\" data-lab-font_weight=\"\">Hedda Bakkemo spurtslo Appelkvist Stenseth i kampen om andreplassen.<\/p>\n<p>\u2013 J\u00e6vlig irritert<\/p>\n<p class=\"no_italic m-no_italic\" data-lab-italic=\"\" data-lab-font_weight=\"\"> Lotta Udnes Weng bl\u00e5ste ut p\u00e5 NRK rett etter m\u00e5lgang. Litt senere m\u00f8tte hun TV 2 med et smil og forklarte at hun hadde \u00abroet seg litt\u00bb.<\/p>\n<p class=\"no_italic m-no_italic\" data-lab-italic=\"\" data-lab-font_weight=\"\">\u2013 Det kan hende at jeg opplever det verre enn det var. Men jeg m\u00e5tte dytte unna og skrike til trenere som stod i sporet mitt opp den siste bakken. Jeg har nok med \u00e5 komme meg opp bakken. S\u00e5 n\u00e5r det st\u00e5r folk i veien, blir jeg j\u00e6vlig irritert, forklarer hun. <\/p>\n<p class=\"no_italic m-no_italic\" data-lab-italic=\"\" data-lab-font_weight=\"\">Hun fikk st\u00f8tte fra NRK-ekspert Therese Johaug.<\/p>\n<p class=\"no_italic m-no_italic\" data-lab-italic=\"\" data-lab-font_weight=\"\"> \u2013 Jeg skj\u00f8nner Lotta utrolig godt hvis det st\u00e5r ledere og trenere i veien der, sier Therese Johaug p\u00e5 NRK.<\/p>\n<p>        <img class=\"image__img lazyload\" itemprop=\"image\" title=\"Foto: Yngve Sem Pedersen \/ TV 2\" alt=\"SKJ\u00d8NNER FRUSTRASJONEN: Therese Johaug. Foto: Yngve Sem Pedersen \/ TV 2\" width=\"978\" height=\"551\" bad-src=\"https:\/\/www.europesays.com\/no\/wp-content\/uploads\/2025\/11\/17525793.webp\" fetchpriority=\"auto\" \/><\/p>\n<p>      SKJ\u00d8NNER FRUSTRASJONEN: Therese Johaug.<br \/>\n         Foto: Yngve Sem Pedersen \/ TV 2<\/p>\n<p class=\"no_italic m-no_italic\" data-lab-italic=\"\" data-lab-font_weight=\"\">\u2013 Hun tok sporet helt til siden. Det er der de sekunderer og heier. Hvis de er litt tett p\u00e5, og hun ikke f\u00e5r den plassen &#8230; jeg hadde blitt forbanna selv, jeg, alts\u00e5, fortsetter hun og ler. <\/p>\n<p>Rennleder legger seg flat<\/p>\n<p class=\"no_italic m-no_italic\" data-lab-italic=\"\" data-lab-font_weight=\"\">Rennleder\u00a0Torbj\u00f8rn Broks Pettersen mener de ikke har bilder av situasjonen.<\/p>\n<p class=\"no_italic m-no_italic\" data-lab-italic=\"\" data-lab-font_weight=\"\">\u2013 Vi har kun Lotta sine ord p\u00e5 at en trener eller en tilskuer kom for langt inn i l\u00f8ypa, og hun opplever at hun presses frem eller m\u00e5 dytte folk bort. Som arrang\u00f8r s\u00e5 kan jeg ikke gj\u00f8re annet enn \u00e5 beklage, sier Pettersen til TV 2.<\/p>\n<p class=\"no_italic m-no_italic\" data-lab-italic=\"\" data-lab-font_weight=\"\"> \u2013 Burde det v\u00e6rt et gjerde der?<\/p>\n<p class=\"no_italic m-no_italic\" data-lab-italic=\"\" data-lab-font_weight=\"\">\u2013 I retrospekt, kanskje. Men et gjerde hadde ikke v\u00e6rt noe pent. Da hadde vi risikert at de hadde hekta skituppene i gjerdet. Det blir pest eller kolera. <\/p>\n<p>\u2013 Hvis man hadde hatt bilder, er det noe man kunne gjort? Man kan diske eller gi ut\u00f8vere gult kort, men kan man gj\u00f8re det med trenere eller publikum?<\/p>\n<p>\u2013 Vi kan gj\u00f8re det med trenere og akkreditert personell. Men om hvilken som helst vilk\u00e5rlig tilskuer tilfeldigvis kommer inn, er det lite vi kan gj\u00f8re annet enn \u00e5 hive dem ut. Overfor Lotta og l\u00f8perne som blir hindret kan ikke jeg som arrang\u00f8r gj\u00f8re noe annet enn \u00e5 legge meg langflat og be om unnskyldning.\u00a0<\/p>\n<p>Reagerer p\u00e5 gult kort<\/p>\n<p>I kvartfinalen ble det sm\u00e5tt dramatisk.<\/p>\n<p>Stav\u00e5s Skistad ble liggende bak Tiril Udnes Weng, og da Skistad skulle ut for \u00e5 bytte spor, krysset hun over skiene til Maiken Min Midtskogen.<\/p>\n<p>Det f\u00f8rte til et gult kort. TV 2-ekspert Petter S. Skinstad mener det var i overkant strengt.<\/p>\n<p class=\"bold m-bold\" data-lab-font_weight=\"bold\">\u2013 Det burde aldri blitt gitt, og det b\u00f8r strykes fordi det kan f\u00e5 konsekvenser for verdenscupen, sier Skinstad.<\/p>\n<p data-lab-font_weight=\"\">Eksperten p\u00e5peker at det for f\u00e5 \u00e5r siden ble gjort en regelendring som tillater passeringer ved \u00e5 v\u00e6re foran med skoen og ikke bakenden av skiene.\u00a0<\/p>\n<p class=\"bold m-bold\" data-lab-font_weight=\"bold\">\u2013 Det mener jeg hun er der. Jeg ser ingen grunn til at det skal v\u00e6re gult kort.\u00a0<\/p>\n<p>Appelkvist Stenseth best i prologen  <\/p>\n<p>Det var kun Ane Appelkvist Stenseth som var raskere enn Skistad i prologen. Differansen mellom de to var p\u00e5 1,8 sekunder.<\/p>\n<p>\u2013 Det er alltid nervepirrende \u00e5 g\u00e5 prolog p\u00e5 Beito. Men jeg syns jeg l\u00f8ser det bra, sa Appelkvist Stenseth til NRK.<\/p>\n<p>Landslagsl\u00f8perne Mathilde Myhrvold og Tiril Udnes Weng fulgte p\u00e5 plassene bak Skistad.<\/p>\n<p>Totalt 66 l\u00f8pere stilte til start p\u00e5 den nasjonale sesong\u00e5pningen.<\/p>\n","protected":false},"excerpt":{"rendered":"Den norske sprintstjernen hadde en tr\u00f8blete sesong i fjor. I fredagens sprint\u00e5pning p\u00e5 Beitost\u00f8len viste Stav\u00e5s Skistad at&hellip;\n","protected":false},"author":2,"featured_media":93292,"comment_status":"","ping_status":"","sticky":false,"template":"","format":"standard","meta":{"footnotes":""},"categories":[59],"tags":[30,28,29,83,82],"class_list":{"0":"post-93291","1":"post","2":"type-post","3":"status-publish","4":"format-standard","5":"has-post-thumbnail","7":"category-sport","8":"tag-no","9":"tag-norge","10":"tag-norway","11":"tag-sport","12":"tag-sports"},"share_on_mastodon":{"url":"https:\/\/pubeurope.com\/@no\/115589712669229537","error":""},"_links":{"self":[{"href":"https:\/\/www.europesays.com\/no\/wp-json\/wp\/v2\/posts\/93291","targetHints":{"allow":["GET"]}}],"collection":[{"href":"https:\/\/www.europesays.com\/no\/wp-json\/wp\/v2\/posts"}],"about":[{"href":"https:\/\/www.europesays.com\/no\/wp-json\/wp\/v2\/types\/post"}],"author":[{"embeddable":true,"href":"https:\/\/www.europesays.com\/no\/wp-json\/wp\/v2\/users\/2"}],"replies":[{"embeddable":true,"href":"https:\/\/www.europesays.com\/no\/wp-json\/wp\/v2\/comments?post=93291"}],"version-history":[{"count":0,"href":"https:\/\/www.europesays.com\/no\/wp-json\/wp\/v2\/posts\/93291\/revisions"}],"wp:featuredmedia":[{"embeddable":true,"href":"https:\/\/www.europesays.com\/no\/wp-json\/wp\/v2\/media\/93292"}],"wp:attachment":[{"href":"https:\/\/www.europesays.com\/no\/wp-json\/wp\/v2\/media?parent=93291"}],"wp:term":[{"taxonomy":"category","embeddable":true,"href":"https:\/\/www.europesays.com\/no\/wp-json\/wp\/v2\/categories?post=93291"},{"taxonomy":"post_tag","embeddable":true,"href":"https:\/\/www.europesays.com\/no\/wp-json\/wp\/v2\/tags?post=93291"}],"curies":[{"name":"wp","href":"https:\/\/api.w.org\/{rel}","templated":true}]}}