{"id":93298,"date":"2025-11-21T21:08:06","date_gmt":"2025-11-21T21:08:06","guid":{"rendered":"https:\/\/www.europesays.com\/no\/93298\/"},"modified":"2025-11-21T21:08:06","modified_gmt":"2025-11-21T21:08:06","slug":"niklas-baarli-har-mistet-faren","status":"publish","type":"post","link":"https:\/\/www.europesays.com\/no\/93298\/","title":{"rendered":"Niklas Baarli har mistet faren"},"content":{"rendered":"<p>I et innlegg p\u00e5 Instagram forteller TV-profil Niklas Baarli at faren hans, Lars Baarli, har g\u00e5tt bort.<\/p>\n<p>\u00abEn hyllest til en overlever. Viljesterk er det som beskriver min far best. N\u00e5 har han reist videre, og jeg sitter igjen med en enorm takknemlighet\u00bb, skriver Baarli.\u00a0<\/p>\n<p>Faren ble 73 \u00e5r gammel.<\/p>\n<p>Niklas og Lars Baarli lagde i 2022 programmet\u00a0 \u00abAlt min far ikke har l\u00e6rt meg\u00bb sammen. Der \u00e5pnet de om familietragediene som har rammet dem.<\/p>\n<p>Lars Baarli mistet to s\u00f8nner, Thomas som d\u00f8de med muskelsvinn som 19-\u00e5ring, og Christian som tok en overdose da han var 27 \u00e5r.<\/p>\n<p>\u00abPappa levde et liv i flammer som brannmann, men de st\u00f8rste kampene kjempet han uten uniform. Han opplevde flere stormer i livet enn det en mann skal m\u00e5tte t\u00e5le. Tapet av to s\u00f8nner, Christian og Thomas. To ekteskap som gikk i stykker, f\u00f8r han endelig traff blink med nummer tre. Seks ulike krefttyper. Pappa reiste seg, igjen og igjen\u00bb, skriver Niklas p\u00e5 Instagram.<\/p>\n","protected":false},"excerpt":{"rendered":"I et innlegg p\u00e5 Instagram forteller TV-profil Niklas Baarli at faren hans, Lars Baarli, har g\u00e5tt bort. \u00abEn&hellip;\n","protected":false},"author":2,"featured_media":93299,"comment_status":"","ping_status":"","sticky":false,"template":"","format":"standard","meta":{"footnotes":""},"categories":[5],"tags":[20,21,24,25,15,19,22,23,17,18,13,30,28,29,14,16,26,27],"class_list":{"0":"post-93298","1":"post","2":"type-post","3":"status-publish","4":"format-standard","5":"has-post-thumbnail","7":"category-overskrifter","8":"tag-breaking-news","9":"tag-breakingnews","10":"tag-featured-news","11":"tag-featurednews","12":"tag-headlines","13":"tag-hovedoppslag","14":"tag-latest-news","15":"tag-latestnews","16":"tag-main-news","17":"tag-mainnews","18":"tag-news","19":"tag-no","20":"tag-norge","21":"tag-norway","22":"tag-nyheter","23":"tag-overskrifter","24":"tag-top-stories","25":"tag-topstories"},"share_on_mastodon":{"url":"https:\/\/pubeurope.com\/@no\/115589736383362437","error":""},"_links":{"self":[{"href":"https:\/\/www.europesays.com\/no\/wp-json\/wp\/v2\/posts\/93298","targetHints":{"allow":["GET"]}}],"collection":[{"href":"https:\/\/www.europesays.com\/no\/wp-json\/wp\/v2\/posts"}],"about":[{"href":"https:\/\/www.europesays.com\/no\/wp-json\/wp\/v2\/types\/post"}],"author":[{"embeddable":true,"href":"https:\/\/www.europesays.com\/no\/wp-json\/wp\/v2\/users\/2"}],"replies":[{"embeddable":true,"href":"https:\/\/www.europesays.com\/no\/wp-json\/wp\/v2\/comments?post=93298"}],"version-history":[{"count":0,"href":"https:\/\/www.europesays.com\/no\/wp-json\/wp\/v2\/posts\/93298\/revisions"}],"wp:featuredmedia":[{"embeddable":true,"href":"https:\/\/www.europesays.com\/no\/wp-json\/wp\/v2\/media\/93299"}],"wp:attachment":[{"href":"https:\/\/www.europesays.com\/no\/wp-json\/wp\/v2\/media?parent=93298"}],"wp:term":[{"taxonomy":"category","embeddable":true,"href":"https:\/\/www.europesays.com\/no\/wp-json\/wp\/v2\/categories?post=93298"},{"taxonomy":"post_tag","embeddable":true,"href":"https:\/\/www.europesays.com\/no\/wp-json\/wp\/v2\/tags?post=93298"}],"curies":[{"name":"wp","href":"https:\/\/api.w.org\/{rel}","templated":true}]}}