{"id":93302,"date":"2025-11-21T21:12:22","date_gmt":"2025-11-21T21:12:22","guid":{"rendered":"https:\/\/www.europesays.com\/no\/93302\/"},"modified":"2025-11-21T21:12:22","modified_gmt":"2025-11-21T21:12:22","slug":"startet-i-abg-endte-pa-toppen-av-norsk-eiendom","status":"publish","type":"post","link":"https:\/\/www.europesays.com\/no\/93302\/","title":{"rendered":"Startet i ABG \u2013 endte p\u00e5 toppen av norsk eiendom"},"content":{"rendered":"<p>\n        ABG-skolen: Arve Regland, Gunnar B\u00f8yum og Bent Oustad er blant flere toppledere som har vokst ut av samme milj\u00f8.<\/p>\n<p>    ABG Sundal Collier har i \u00e5revis v\u00e6rt et av landets mest prestisjetunge finanshus \u2013 og en uoffisiell lederfabrikk for norsk eiendom. Flere av dagens toppsjefer startet karrieren nettopp her f\u00f8r de gikk videre til \u00e5 lede noen av bransjens st\u00f8rste selskaper.<\/p>\n<p>\n             Prisen er eks mva og betaling gj\u00f8res per faktura. Ved utl\u00f8p av pr\u00f8veperioden g\u00e5r abonnementet automatisk over i et \u00e5rsabonnement dersom det ikke sies opp. Dere vil motta en e-post en uke f\u00f8r oppsigelsestiden for \u00e5 minne om utl\u00f8p.\n        <\/p>\n","protected":false},"excerpt":{"rendered":"ABG-skolen: Arve Regland, Gunnar B\u00f8yum og Bent Oustad er blant flere toppledere som har vokst ut av samme&hellip;\n","protected":false},"author":2,"featured_media":93303,"comment_status":"","ping_status":"","sticky":false,"template":"","format":"standard","meta":{"footnotes":""},"categories":[56],"tags":[60,61,62,30,28,29],"class_list":{"0":"post-93302","1":"post","2":"type-post","3":"status-publish","4":"format-standard","5":"has-post-thumbnail","7":"category-naeringsliv","8":"tag-business","9":"tag-economy","10":"tag-naeringsliv","11":"tag-no","12":"tag-norge","13":"tag-norway"},"share_on_mastodon":{"url":"https:\/\/pubeurope.com\/@no\/115589751999526876","error":""},"_links":{"self":[{"href":"https:\/\/www.europesays.com\/no\/wp-json\/wp\/v2\/posts\/93302","targetHints":{"allow":["GET"]}}],"collection":[{"href":"https:\/\/www.europesays.com\/no\/wp-json\/wp\/v2\/posts"}],"about":[{"href":"https:\/\/www.europesays.com\/no\/wp-json\/wp\/v2\/types\/post"}],"author":[{"embeddable":true,"href":"https:\/\/www.europesays.com\/no\/wp-json\/wp\/v2\/users\/2"}],"replies":[{"embeddable":true,"href":"https:\/\/www.europesays.com\/no\/wp-json\/wp\/v2\/comments?post=93302"}],"version-history":[{"count":0,"href":"https:\/\/www.europesays.com\/no\/wp-json\/wp\/v2\/posts\/93302\/revisions"}],"wp:featuredmedia":[{"embeddable":true,"href":"https:\/\/www.europesays.com\/no\/wp-json\/wp\/v2\/media\/93303"}],"wp:attachment":[{"href":"https:\/\/www.europesays.com\/no\/wp-json\/wp\/v2\/media?parent=93302"}],"wp:term":[{"taxonomy":"category","embeddable":true,"href":"https:\/\/www.europesays.com\/no\/wp-json\/wp\/v2\/categories?post=93302"},{"taxonomy":"post_tag","embeddable":true,"href":"https:\/\/www.europesays.com\/no\/wp-json\/wp\/v2\/tags?post=93302"}],"curies":[{"name":"wp","href":"https:\/\/api.w.org\/{rel}","templated":true}]}}