{"id":93305,"date":"2025-11-21T21:15:13","date_gmt":"2025-11-21T21:15:13","guid":{"rendered":"https:\/\/www.europesays.com\/no\/93305\/"},"modified":"2025-11-21T21:15:13","modified_gmt":"2025-11-21T21:15:13","slug":"overtidseufori-for-glimt-tok-seieren-etter-tre-annullerte-mal","status":"publish","type":"post","link":"https:\/\/www.europesays.com\/no\/93305\/","title":{"rendered":"Overtidseufori for Glimt &#8211; tok seieren etter tre annullerte m\u00e5l"},"content":{"rendered":"<p>P\u00e5 Ekeberg fredag gikk Glimt inn i kampen med kniven p\u00e5 strupen i gulljakten:<\/p>\n<p>Med tap kunne Viking sikre seriegullet s\u00f8ndag.<\/p>\n<p>Og det s\u00e5 lenge ut til at siddiser med skyh\u00f8y gullfeber kunne juble.\u00a0<\/p>\n<p>Men s\u00e5 dukket Mathias J\u00f8rgensen opp i boksen og stanget inn ledelsen i det 94. spilleminutt.<\/p>\n<p>\u2013 Veldig deilig! Den kom p\u00e5 et bra tidspunkt! Det var en slitsom dag p\u00e5 jobb, men vi kommer fra den med det viktigste, nemlig en seier! sier overtidshelten til TV 2 etter kampen.<\/p>\n<p>Om forskjellen p\u00e5 uavgjort og seier sier dansken dette:<\/p>\n<p class=\"bold m-bold\" data-lab-font_weight=\"bold\">\u2013 Det sier seg selv!\u00a0\u00a0<\/p>\n<p class=\"bold m-bold\" data-lab-font_weight=\"bold\">\u2013 Dette kan v\u00e6re en helt avgj\u00f8rende kveld. En helt avgj\u00f8rende scoring for at gullet g\u00e5r til Bod\u00f8! utbr\u00f8t TV 2s ekspertkommentator Simen Stams\u00f8-M\u00f8ller.<\/p>\n<p data-lab-font_weight=\"\">Glimt-sjef Kjetil Knutsen setter ord p\u00e5 det n\u00e5r han f\u00e5r se reprise av matchvinnerscoringen etter kampen:<\/p>\n<p data-lab-font_weight=\"\">\u2013 Det var ikke s\u00e5 dumt \u00e5 f\u00e5 den ballen i m\u00e5let akkurat der, innleder han med et smil om munnen og fortsetter:<\/p>\n<p data-lab-font_weight=\"\">\u2013 I sum ekstremt, ekstremt, ekstremt fortjent, mener bergenseren.<\/p>\n<p data-lab-font_weight=\"\">Om J\u00f8rgensen er Knutsen glad for at det har l\u00f8snet, etter danskens skadeproblemer.<\/p>\n<p data-lab-font_weight=\"\">\u2013 Dette sier litt om mentaliteten hans. Han har jobbet med det han kan. Han har slitt litt med lysken, som har v\u00e6rt utfordrende for han, forklarer han.<\/p>\n<p>VAR-drama<\/p>\n<p>Like etter kampen var blitt ett minutt gammel trodde Sondre Brunstad Fet at han ga bod\u00f8v\u00e6ringene en dr\u00f8mmestart.<\/p>\n<p> \u2013 Det (VAR) har ikke funket. Det var ingen kameraer og vi fikk ingen kontakt med dommer. Det varte i 20 minutter, og var tilbake rundt 35. spilleminutt, forklarte VAR supervisor Geir \u00c5ge Masovn Holten til TV 2. <\/p>\n<p>    <a class=\"article__link\" data-ga-active-label=\"\" data-ga-active-label-animation=\"\" href=\"https:\/\/www.tv2.no\/sport\/strombrudd-pa-ekeberg\/18312893\/\" rel=\"nofollow noopener\" target=\"_blank\"><\/p>\n<p>    <img class=\"image__img lazyload\" itemprop=\"image\" title=\"\" alt=\"\" width=\"978\" height=\"411\" bad-src=\"https:\/\/www.europesays.com\/no\/wp-content\/uploads\/2025\/11\/18312961.webp\" fetchpriority=\"auto\" \/><\/p>\n<p>\n            Str\u00f8mbrudd p\u00e5 Ekeberg\n        <\/p>\n<p>    <\/a><\/p>\n<p>Fredrik Sj\u00f8vold satte inn f\u00f8ringen p\u00e5 en retur etter halvtimen var spilt, til euforisk jubel for de gulkledde.<\/p>\n<p>Etter 35 minutter var str\u00f8mmen tilbake for VAR-teamet.<\/p>\n<p>Ti minutter senere trodde Glimts spydspiss Kasper H\u00f8gh at han doblet ledelsen.<\/p>\n<p>Men til stor fortvilelse for dansken og resten av Glimt ble ogs\u00e5 det m\u00e5let annullert av VAR.<\/p>\n<p>Sjokk-start<\/p>\n<p>Hva som ble sagt i hjemmelagets garderobe i pausen er uvisst, men ting tyder p\u00e5 at Johannes Moesgaard trykket p\u00e5 de rette knappene.<\/p>\n<p>For sekunder inn i andreomgang gikk KFUM rett i angrep og Teodor Berg Haltvik utlignet.<\/p>\n<p>Glimt presset for alvor p\u00e5, og Kjetil Knutsen kastet inn flere og flere angripere.<\/p>\n<p>Med et kvarter igjen av ordin\u00e6r tid var ballen igjen bak KFUM-keeper Emil \u00d8degaard, signert Fredrik Bj\u00f8rkan. Til stor fortvilelse for desperate bod\u00f8v\u00e6ringer ble ogs\u00e5 denne avbl\u00e5st for offside.<\/p>\n<p>P\u00e5 innlegg fra Glimts f\u00f8rste m\u00e5lscorer var det J\u00f8rgensen som skulle bli den store helten for Kjetil Knutsens Bod\u00f8\/Glimt.<\/p>\n","protected":false},"excerpt":{"rendered":"P\u00e5 Ekeberg fredag gikk Glimt inn i kampen med kniven p\u00e5 strupen i gulljakten: Med tap kunne Viking&hellip;\n","protected":false},"author":2,"featured_media":93306,"comment_status":"","ping_status":"","sticky":false,"template":"","format":"standard","meta":{"footnotes":""},"categories":[5],"tags":[20,21,24,25,15,19,22,23,17,18,13,30,28,29,14,16,26,27],"class_list":{"0":"post-93305","1":"post","2":"type-post","3":"status-publish","4":"format-standard","5":"has-post-thumbnail","7":"category-overskrifter","8":"tag-breaking-news","9":"tag-breakingnews","10":"tag-featured-news","11":"tag-featurednews","12":"tag-headlines","13":"tag-hovedoppslag","14":"tag-latest-news","15":"tag-latestnews","16":"tag-main-news","17":"tag-mainnews","18":"tag-news","19":"tag-no","20":"tag-norge","21":"tag-norway","22":"tag-nyheter","23":"tag-overskrifter","24":"tag-top-stories","25":"tag-topstories"},"share_on_mastodon":{"url":"https:\/\/pubeurope.com\/@no\/115589763800641516","error":""},"_links":{"self":[{"href":"https:\/\/www.europesays.com\/no\/wp-json\/wp\/v2\/posts\/93305","targetHints":{"allow":["GET"]}}],"collection":[{"href":"https:\/\/www.europesays.com\/no\/wp-json\/wp\/v2\/posts"}],"about":[{"href":"https:\/\/www.europesays.com\/no\/wp-json\/wp\/v2\/types\/post"}],"author":[{"embeddable":true,"href":"https:\/\/www.europesays.com\/no\/wp-json\/wp\/v2\/users\/2"}],"replies":[{"embeddable":true,"href":"https:\/\/www.europesays.com\/no\/wp-json\/wp\/v2\/comments?post=93305"}],"version-history":[{"count":0,"href":"https:\/\/www.europesays.com\/no\/wp-json\/wp\/v2\/posts\/93305\/revisions"}],"wp:featuredmedia":[{"embeddable":true,"href":"https:\/\/www.europesays.com\/no\/wp-json\/wp\/v2\/media\/93306"}],"wp:attachment":[{"href":"https:\/\/www.europesays.com\/no\/wp-json\/wp\/v2\/media?parent=93305"}],"wp:term":[{"taxonomy":"category","embeddable":true,"href":"https:\/\/www.europesays.com\/no\/wp-json\/wp\/v2\/categories?post=93305"},{"taxonomy":"post_tag","embeddable":true,"href":"https:\/\/www.europesays.com\/no\/wp-json\/wp\/v2\/tags?post=93305"}],"curies":[{"name":"wp","href":"https:\/\/api.w.org\/{rel}","templated":true}]}}