{"id":93314,"date":"2025-11-21T21:28:15","date_gmt":"2025-11-21T21:28:15","guid":{"rendered":"https:\/\/www.europesays.com\/no\/93314\/"},"modified":"2025-11-21T21:28:15","modified_gmt":"2025-11-21T21:28:15","slug":"skispor-vestmarksetra-her-er-sesongens-forste-skispor-klart","status":"publish","type":"post","link":"https:\/\/www.europesays.com\/no\/93314\/","title":{"rendered":"Skispor, Vestmarksetra | Her er sesongens f\u00f8rste skispor klart"},"content":{"rendered":"\n<p>\u2013 Jeg kom en tur for \u00e5 l\u00f8pe, men tok med skiene for ordens skyld. Jeg s\u00e5 i g\u00e5r at de hadde lagt ganske mye sn\u00f8, s\u00e5 jeg mistenkte at det kunne komme spor. Men jeg hadde ikke tenkt \u00e5 si det til noen, smiler Anders Dalslaaen.<\/p>\n<p>   <img decoding=\"async\" width=\"1974\" height=\"1660\" fetchpriority=\"low\"  loading=\"lazy\"  src=\"https:\/\/www.europesays.com\/no\/wp-content\/uploads\/2025\/11\/Anders+Dals.jpg\" alt=\"\" class=\"brick-c-cFOWSL\" style=\"--brick-image-ratio: 1974 \/ 1660;\"\/><\/p>\n<p>      &#8211; Jeg hadde tenkt til \u00e5 l\u00f8pe, men tok skiene med for ordens skyld, smiler Anders Dalslaaen. Han ble sesongens f\u00f8rste skil\u00f8per i l\u00f8ypene ved Vestmarksetra.<br \/>\n      Foto: ANDERS CHRISTIAN NORUM\n    <\/p>\n<p>Han synes det er fantastisk at det er skiforhold i Asker og B\u00e6rum.<\/p>\n<p>\u2013 Jeg har sittet og ventet p\u00e5 dette et par uker n\u00e5.<\/p>\n<p>Rundt klokken 14.00 fredag satte Mikkel Bugge (36) og H\u00e5kon R\u00f8ed (53) skispor for klassisk og sk\u00f8yting.<\/p>\n<p>I rekordfart har nemlig den lille langrennsrunden p\u00e5 Vestmarksetra blitt klar.<\/p>\n<p>\u2013 Vi setter spor for klassisk og sk\u00f8yting. Vi har holdt p\u00e5 siden i dag tidlig. Sn\u00f8en m\u00e5tte ligge og t\u00f8rke litt, etter at den kommer ut av kanonene, forklarer Mikkel.<\/p>\n<p>   <img decoding=\"async\" width=\"4032\" height=\"3024\" fetchpriority=\"low\"  loading=\"lazy\"  src=\"https:\/\/www.europesays.com\/no\/wp-content\/uploads\/2025\/11\/Image_20251121_143359_589.jpeg\" alt=\"\" class=\"brick-c-cFOWSL\" style=\"--brick-image-ratio: 4032 \/ 3024;\"\/><\/p>\n<p>      H\u00e5kon R\u00f8ed (til h\u00f8yre,53) og Mikkel Bugge (36) har gjort det klart for skil\u00f8pere p\u00e5 Vestmarksetra.<br \/>\n      Foto: ANDERS CHRISTIAN NORUM\n    <\/p>\n<p>De siste dagene har det v\u00e6rt hektisk aktivitet for \u00e5 lage skiforhold.<\/p>\n<p>\u2013 Alt har g\u00e5tt som det skulle, forteller Mikkel som debuterer som l\u00f8ypekj\u00f8rer denne sesongen.<\/p>\n<p>\u2013 Det er mange knapper p\u00e5 ett og samme sted og 35 funksjoner p\u00e5 \u00e9n joystick. Det er mye som skal klaffe, du skal sette spor p\u00e5 de riktige stedene og glatte, dytte og frese. Det er mye \u00e5 tenke p\u00e5, konstaterer han.<\/p>\n<p>\n          Stopp video<\/p>\n<p>          <video data-standalone=\"false\" preload=\"none\" muted=\"\" loop=\"\" playsinline=\"\" autoplay=\"\"><\/p>\n<p>          <\/video>\n        <\/p>\n<p>    Rekordraskt<\/p>\n<p>For to uker siden var det godt over tosifret antall varmegrader i Asker og B\u00e6rum og Hans Kristiansen, som har ansvaret for sn\u00f8leggingen ved Vestmarksetra og i Kirkerudbakken, innr\u00f8mmer at de lurte litt.<\/p>\n<p>Han sier at etter kuldegradene kom, har sn\u00f8leggingen v\u00e6rt veldig effektiv.<\/p>\n<p>\u2013 Det m\u00e5 v\u00e6re ny rekord for hurtigheten av sn\u00f8legging i den lille runden. For to uker siden hadde jeg aldri trodd dette. Men vi vet samtidig at det snur fort.<\/p>\n<p>Han roser folk som har stilt opp p\u00e5 dugnad for \u00e5 lage skiforhold for barna sine. Og dermed kan alts\u00e5 den lille runden ved Vestmarksetra \u00e5pne.<\/p>\n<p>\u2013 Ikke noe er bedre enn det. Men rundt traseen er det helt bart.<\/p>\n<p>Det kommer stadig til \u00e5 g\u00e5 noen dager f\u00f8r Kristiansen &amp; Co kan \u00e5pne i Kirkerudbakken.<\/p>\n<p>\u2013 Det blir nok en gang i begynnelsen av desember, ansl\u00e5r han.<\/p>\n","protected":false},"excerpt":{"rendered":"\u2013 Jeg kom en tur for \u00e5 l\u00f8pe, men tok med skiene for ordens skyld. Jeg s\u00e5 i&hellip;\n","protected":false},"author":2,"featured_media":93315,"comment_status":"","ping_status":"","sticky":false,"template":"","format":"standard","meta":{"footnotes":""},"categories":[10],"tags":[36,20,21,24,25,15,22,23,13,30,28,29,14,16,12113,12112,1510,26,27,12138],"class_list":{"0":"post-93314","1":"post","2":"type-post","3":"status-publish","4":"format-standard","5":"has-post-thumbnail","7":"category-norge","8":"tag-art","9":"tag-breaking-news","10":"tag-breakingnews","11":"tag-featured-news","12":"tag-featurednews","13":"tag-headlines","14":"tag-latest-news","15":"tag-latestnews","16":"tag-news","17":"tag-no","18":"tag-norge","19":"tag-norway","20":"tag-nyheter","21":"tag-overskrifter","22":"tag-skiforeningen","23":"tag-skispor","24":"tag-story","25":"tag-top-stories","26":"tag-topstories","27":"tag-vestmarksetra"},"share_on_mastodon":{"url":"https:\/\/pubeurope.com\/@no\/115589814971722683","error":""},"_links":{"self":[{"href":"https:\/\/www.europesays.com\/no\/wp-json\/wp\/v2\/posts\/93314","targetHints":{"allow":["GET"]}}],"collection":[{"href":"https:\/\/www.europesays.com\/no\/wp-json\/wp\/v2\/posts"}],"about":[{"href":"https:\/\/www.europesays.com\/no\/wp-json\/wp\/v2\/types\/post"}],"author":[{"embeddable":true,"href":"https:\/\/www.europesays.com\/no\/wp-json\/wp\/v2\/users\/2"}],"replies":[{"embeddable":true,"href":"https:\/\/www.europesays.com\/no\/wp-json\/wp\/v2\/comments?post=93314"}],"version-history":[{"count":0,"href":"https:\/\/www.europesays.com\/no\/wp-json\/wp\/v2\/posts\/93314\/revisions"}],"wp:featuredmedia":[{"embeddable":true,"href":"https:\/\/www.europesays.com\/no\/wp-json\/wp\/v2\/media\/93315"}],"wp:attachment":[{"href":"https:\/\/www.europesays.com\/no\/wp-json\/wp\/v2\/media?parent=93314"}],"wp:term":[{"taxonomy":"category","embeddable":true,"href":"https:\/\/www.europesays.com\/no\/wp-json\/wp\/v2\/categories?post=93314"},{"taxonomy":"post_tag","embeddable":true,"href":"https:\/\/www.europesays.com\/no\/wp-json\/wp\/v2\/tags?post=93314"}],"curies":[{"name":"wp","href":"https:\/\/api.w.org\/{rel}","templated":true}]}}