{"id":93325,"date":"2025-11-21T21:44:20","date_gmt":"2025-11-21T21:44:20","guid":{"rendered":"https:\/\/www.europesays.com\/no\/93325\/"},"modified":"2025-11-21T21:44:20","modified_gmt":"2025-11-21T21:44:20","slug":"sport-hopp-norske-hoppstjerner-slet-pa-lillehammer-kanskje-litt-premierenerver","status":"publish","type":"post","link":"https:\/\/www.europesays.com\/no\/93325\/","title":{"rendered":"Sport, Hopp | Norske hoppstjerner slet p\u00e5 Lillehammer: \u2013 Kanskje litt premierenerver"},"content":{"rendered":"\n<p>Det norske laget besto av Eirin Maria Kvandal, Heidi Dyhre Traaserud, Marius Lindvik og Kristoffer Eriksen Sundal. Til slutt skilte det 83,8 poeng opp til \u00d8sterrike p\u00e5 tredjeplassen. Norge var nummer fem etter 1. omgang og greide ikke klatre i finalen.<\/p>\n<p>Norge har lenge v\u00e6rt et fast innslag p\u00e5 pallen i blandet lagkonkurranse i verdenscupen, men de mislyktes p\u00e5 hjemmebane fredag. Japan vant foran Slovenia.<\/p>\n<p>\u2013 Jeg skal ikke si at det var overraskende at vi ikke hoppet bedre, men litt m\u00e5 jeg si at det var, for vi hoppet bedre p\u00e5 trening. Uten at jeg har snakket med ut\u00f8verne var det kanskje litt premierenerver ute og gikk, sa hoppsjef Jan-Erik Aalbu i pressesonen.<\/p>\n<p>\u2013 Ingen leverte noe makshopp i dag, s\u00e5 vi har nok mer inne alle mann, slo Lindvik fast i intervju med NTB etterp\u00e5.<\/p>\n<p>Selvkritisk<\/p>\n<p>Sundal hoppet 123,5 meter i 1. omgang. Det var en del mindre enn det han hadde m\u00e5l om p\u00e5 forh\u00e5nd.<\/p>\n<p>\u2013 Det var for d\u00e5rlig. Jeg har hoppet godt i det siste, s\u00e5 jeg kjente litt ekstra p\u00e5 det med f\u00f8rste hopp for sesongen, sa Sundal til NTB.<\/p>\n<p>Traaserud fikk opp 116,5 og 123,5 meter i sine to fors\u00f8k, mens Eirin Kvandal hoppet 127,5 og 123 meter. Lindvik svevde 125 og 128 meter, og Sundal 123,5 og 129 meter.<\/p>\n<p>Traaseruds mor mistet sin onkel nylig. Den norske hopperen gikk som f\u00f8lge av verdenscup\u00e5pningen glipp av begravelsen fredag.<\/p>\n<p>\u2013 Men da hoppet jeg for ham i dag, sa Traaserud til TV 2.<\/p>\n<p>   <img decoding=\"async\" width=\"7442\" height=\"4962\" fetchpriority=\"low\"  loading=\"lazy\"  src=\"https:\/\/www.europesays.com\/no\/wp-content\/uploads\/2025\/11\/cueres_scp-rsatwhvfm_3RSatWHVF5M.jpg\" alt=\"Lillehammer 20251121. &#10;Norges Kristoffer Eriksen Sundal under mixed team lagkonkurransen under world cup skihopp i store Lysg\u00e5rdsbakken p\u00e5 Lillehammer.&#10;Foto: Geir Olsen \/ NTB\" class=\"brick-c-cFOWSL\" style=\"--brick-image-ratio: 7442 \/ 4962;\"\/><\/p>\n<p>      Lillehammer 20251121.<br \/>\nNorges Kristoffer Eriksen Sundal under mixed team lagkonkurransen under world cup skihopp i store Lysg\u00e5rdsbakken p\u00e5 Lillehammer.<br \/>\nFoto: Geir Olsen \/ NTB<br \/>\n      Foto: Geir Olsen\n    <\/p>\n<p>  Tok grep<\/p>\n<p>En ny sesong er i gang med nye regler og utvidet kontroll av hoppdress og utstyr etter skandalen i VM i Trondheim, der det norske laget erkjente \u00e5 ha manipulert hoppdressen.<\/p>\n<p>Nytt av sesongen er blant annet at en disk f\u00f8rer til gult kort. Blir du deretter disket en gang til, m\u00e5 man st\u00e5 over en verdenscuphelg.<\/p>\n<p>I tillegg skal det alltid v\u00e6re to kontroll\u00f8rer til stede i kontrollrommet. Fram til n\u00e5 har det stort sett v\u00e6rt \u00e9n.<\/p>\n<p>Det norske laget \u00e5pnet med 2.-plass i den tilsvarende konkurransen i fjor. Da vant Tyskland, mens \u00d8sterrike endte som treer.<\/p>\n<p>Helgeprogrammet<\/p>\n<p>L\u00f8rdag fortsetter konkurransene p\u00e5 Lillehammer. Kvinnene skal f\u00f8rst ut i storbakken klokken 12. Mennene starter sitt renn klokken 16. Samme tidspunkt gjelder for s\u00f8ndag.<\/p>\n<p>Lindvik, Johann Andr\u00e9 Forfang, Halvor Egner Granerud og Sundal er uttatt til b\u00e5de l\u00f8rdagens og s\u00f8ndagens renn i Lillehammer.<\/p>\n<p>Benjamin \u00d8stvold skal v\u00e6re med i l\u00f8rdagens renn, Isak Langmo i s\u00f8ndagens.<\/p>\n","protected":false},"excerpt":{"rendered":"Det norske laget besto av Eirin Maria Kvandal, Heidi Dyhre Traaserud, Marius Lindvik og Kristoffer Eriksen Sundal. Til&hellip;\n","protected":false},"author":2,"featured_media":93326,"comment_status":"","ping_status":"","sticky":false,"template":"","format":"standard","meta":{"footnotes":""},"categories":[59],"tags":[36,770,1427,30,28,29,83,82,1510],"class_list":{"0":"post-93325","1":"post","2":"type-post","3":"status-publish","4":"format-standard","5":"has-post-thumbnail","7":"category-sport","8":"tag-art","9":"tag-hopp","10":"tag-lillehammer","11":"tag-no","12":"tag-norge","13":"tag-norway","14":"tag-sport","15":"tag-sports","16":"tag-story"},"share_on_mastodon":{"url":"https:\/\/pubeurope.com\/@no\/115589878012964561","error":""},"_links":{"self":[{"href":"https:\/\/www.europesays.com\/no\/wp-json\/wp\/v2\/posts\/93325","targetHints":{"allow":["GET"]}}],"collection":[{"href":"https:\/\/www.europesays.com\/no\/wp-json\/wp\/v2\/posts"}],"about":[{"href":"https:\/\/www.europesays.com\/no\/wp-json\/wp\/v2\/types\/post"}],"author":[{"embeddable":true,"href":"https:\/\/www.europesays.com\/no\/wp-json\/wp\/v2\/users\/2"}],"replies":[{"embeddable":true,"href":"https:\/\/www.europesays.com\/no\/wp-json\/wp\/v2\/comments?post=93325"}],"version-history":[{"count":0,"href":"https:\/\/www.europesays.com\/no\/wp-json\/wp\/v2\/posts\/93325\/revisions"}],"wp:featuredmedia":[{"embeddable":true,"href":"https:\/\/www.europesays.com\/no\/wp-json\/wp\/v2\/media\/93326"}],"wp:attachment":[{"href":"https:\/\/www.europesays.com\/no\/wp-json\/wp\/v2\/media?parent=93325"}],"wp:term":[{"taxonomy":"category","embeddable":true,"href":"https:\/\/www.europesays.com\/no\/wp-json\/wp\/v2\/categories?post=93325"},{"taxonomy":"post_tag","embeddable":true,"href":"https:\/\/www.europesays.com\/no\/wp-json\/wp\/v2\/tags?post=93325"}],"curies":[{"name":"wp","href":"https:\/\/api.w.org\/{rel}","templated":true}]}}