{"id":93346,"date":"2025-11-21T22:25:11","date_gmt":"2025-11-21T22:25:11","guid":{"rendered":"https:\/\/www.europesays.com\/no\/93346\/"},"modified":"2025-11-21T22:25:11","modified_gmt":"2025-11-21T22:25:11","slug":"per-mathias-hogmo-klar-for-bulgarske-ludogorets","status":"publish","type":"post","link":"https:\/\/www.europesays.com\/no\/93346\/","title":{"rendered":"Per-Mathias H\u00f8gmo klar for bulgarske Ludogorets"},"content":{"rendered":"\n<p class=\"_lead_o9xde_2 _lead_xtcu6_50 layout-component text-serif-m layout-normal text-serif-l layout-component layout-wide layout-padded _wide_17hqh_1 layout-padded\">Topplaget Ludogorets er i tr\u00f8bbel og har ansatt Per-Mathias H\u00f8gmo som ny hovedtrener.<\/p>\n<p><img alt=\"Per-Mathias H\u00f8gmo skal til bulgarsk fotball. Foto: Svein Ove Ekornesv\u00e5g \/ NTB\" class=\"_image_qp4xg_65 layout-component layout-wide\" data-fullscreen- data-track-element-type=\"Article image fullscreen\" data-track-name=\"ImageFullscreen\" fetchpriority=\"high\" decoding=\"sync\" loading=\"eager\" height=\"3542\" itemprop=\"image\"  src=\"https:\/\/www.europesays.com\/no\/wp-content\/uploads\/2025\/11\/0793014a-aeb6-494d-b3f2-a250cb1fe387\"  style=\"object-position:0% 0%\" width=\"5313\"\/>Per-Mathias H\u00f8gmo skal til bulgarsk fotball. Foto: Svein Ove Ekornesv\u00e5g \/ NTB<\/p>\n<ul aria-hidden=\"true\" class=\"_images_18f0k_111\">\n<li><a class=\"_link_18f0k_116\" href=\"https:\/\/www.vg.no\/forfatter\/eirik-soerenmo-paasche\" style=\"z-index:1\" title=\"Eirik S\u00f8renmo P\u00e5sche\" rel=\"nofollow noopener\" target=\"_blank\"><img alt=\"Bilde av Eirik S\u00f8renmo P\u00e5sche\" class=\"_image_18f0k_93\" fetchpriority=\"low\" loading=\"lazy\" decoding=\"async\" itemprop=\"image\"  src=\"https:\/\/www.europesays.com\/no\/wp-content\/uploads\/2025\/11\/1763763910_231_cfda420f-d23e-4c6c-b420-faa95e9679ed\"  width=\"480\"\/><\/a><\/li>\n<\/ul>\n<p> Oppdatert fredag 21. november kl. 22:56     <\/p>\n<p class=\"_paragraph_o9xde_4 _paragraph_xtcu6_10 layout-component text-serif-m layout-normal text-serif-m layout-padded\">Det bekrefter klubben p\u00e5 <a href=\"https:\/\/www.ludogorets.com\/en\/news\/?i=7293\" class=\"_link_o9xde_39\" rel=\"nofollow noopener\" target=\"_blank\">sine nettsider<\/a>.<\/p>\n<p class=\"_paragraph_o9xde_4 _paragraph_xtcu6_10 layout-component text-serif-m layout-normal text-serif-m layout-padded\">Ludogorets har vunnet den bulgarske ligaen 14 ganger p\u00e5 rad, men ligger akkurat n\u00e5 som nummer fem etter 15 spilte kamper, elleve poeng bak Levski Sofia p\u00e5 topp.<\/p>\n<p class=\"_paragraph_o9xde_4 _paragraph_xtcu6_10 layout-component text-serif-m layout-normal text-serif-m layout-padded\">If\u00f8lge pressemeldingen skal H\u00f8gmo lede laget i sin f\u00f8rste trening l\u00f8rdag, f\u00f8r han blir presentert for media senere p\u00e5 kvelden.<\/p>\n<p><img alt=\"Slik \u00f8nsker Ludogorets H\u00f8gmo velkommen.  Foto: PFC Ludogorets\" class=\"_image_qp4xg_65 layout-component layout-normal\" data-fullscreen- data-track-element-type=\"Article image fullscreen\" data-track-name=\"ImageFullscreen\" decoding=\"async\" loading=\"lazy\" height=\"459\" itemprop=\"image\"  src=\"https:\/\/www.europesays.com\/no\/wp-content\/uploads\/2025\/11\/7c8a9551-9a2a-4bfb-ab7f-488eb828d150\"  style=\"object-position:0% 0%\" width=\"637\"\/>Slik \u00f8nsker Ludogorets H\u00f8gmo velkommen.  Foto: PFC Ludogorets<\/p>\n<p class=\"_paragraph_o9xde_4 _paragraph_xtcu6_10 layout-component text-serif-m layout-normal text-serif-m layout-padded\">H\u00f8gmo har v\u00e6rt uten trenerjobb siden han <a href=\"https:\/\/www.vg.no\/sport\/i\/8qnk1d\/hoegmo-er-ferdig-i-molde\" data-track-element-type=\"Link\" data-track-id=\"link:8qnk1d\" class=\"_link_o9xde_39\" rel=\"nofollow noopener\" target=\"_blank\">i september fikk sparken i Molde<\/a> \u2013 ni m\u00e5neder etter at han tok over klubben.<\/p>\n<p class=\"_paragraph_o9xde_4 _paragraph_xtcu6_10 layout-component text-serif-m layout-normal text-serif-m layout-padded\">Avskjeden kom etter en blytung sesong langt under forventningene.<\/p>\n<p class=\"_paragraph_o9xde_4 _paragraph_xtcu6_10 layout-component text-serif-m layout-normal text-serif-m layout-padded\">Da H\u00f8gmo forlot rosenes by var Molde p\u00e5 11. plass etter ti tap p\u00e5 21 kamper i Eliteserien.<\/p>\n<p class=\"_paragraph_o9xde_4 _paragraph_xtcu6_10 layout-component text-serif-m layout-normal text-serif-m layout-padded\"><a href=\"https:\/\/www.vg.no\/tag\/per-mathias-hoegmo?utm_source=vg-article&amp;utm_medium=auto-tagger&amp;utm_campaign=2pn93R\" class=\"_link_o9xde_39\" rel=\"nofollow noopener\" target=\"_blank\">Per-Mathias H\u00f8gmo<\/a> har lang fartstid som trener, og har v\u00e6rt innom Troms\u00f8, Rosenborg, Djurg\u00e5rden, det norske herre- og kvinnelandslaget, Fredrikstad, H\u00e4cken, Urawa Reds og Molde.<\/p>\n<p class=\"_paragraph_o9xde_4 _paragraph_xtcu6_10 layout-component text-serif-m layout-normal text-serif-m layout-padded\">Han har vunnet den norske ligaen \u00e9n gang med Rosenborg i 2006.<\/p>\n<p class=\"_paragraph_o9xde_4 _paragraph_xtcu6_10 layout-component text-serif-m layout-normal text-serif-m layout-padded\"><a href=\"https:\/\/www.vg.no\/sport\/i\/0QQAp6\/hoegmos-hacken-mot-historisk-gull-aldri-sett-noe-lignende\" data-track-element-type=\"Link\" data-track-id=\"link:0QQAp6\" class=\"_link_o9xde_39\" rel=\"nofollow noopener\" target=\"_blank\">I 2022 ledet han H\u00e4cken til et sensasjonelt seriegull<\/a>, f\u00f8r de \u00e5ret etter vant den svenske cupen.<\/p>\n","protected":false},"excerpt":{"rendered":"Topplaget Ludogorets er i tr\u00f8bbel og har ansatt Per-Mathias H\u00f8gmo som ny hovedtrener. Per-Mathias H\u00f8gmo skal til bulgarsk&hellip;\n","protected":false},"author":2,"featured_media":93347,"comment_status":"","ping_status":"","sticky":false,"template":"","format":"standard","meta":{"footnotes":""},"categories":[5],"tags":[20,21,24,25,92,15,19,22,23,17,18,13,30,28,29,14,16,5673,12139,26,27],"class_list":{"0":"post-93346","1":"post","2":"type-post","3":"status-publish","4":"format-standard","5":"has-post-thumbnail","7":"category-overskrifter","8":"tag-breaking-news","9":"tag-breakingnews","10":"tag-featured-news","11":"tag-featurednews","12":"tag-fotball","13":"tag-headlines","14":"tag-hovedoppslag","15":"tag-latest-news","16":"tag-latestnews","17":"tag-main-news","18":"tag-mainnews","19":"tag-news","20":"tag-no","21":"tag-norge","22":"tag-norway","23":"tag-nyheter","24":"tag-overskrifter","25":"tag-per-mathias-hogmo","26":"tag-pfc-ludogorets-razgrad","27":"tag-top-stories","28":"tag-topstories"},"share_on_mastodon":{"url":"https:\/\/pubeurope.com\/@no\/115590039354994322","error":""},"_links":{"self":[{"href":"https:\/\/www.europesays.com\/no\/wp-json\/wp\/v2\/posts\/93346","targetHints":{"allow":["GET"]}}],"collection":[{"href":"https:\/\/www.europesays.com\/no\/wp-json\/wp\/v2\/posts"}],"about":[{"href":"https:\/\/www.europesays.com\/no\/wp-json\/wp\/v2\/types\/post"}],"author":[{"embeddable":true,"href":"https:\/\/www.europesays.com\/no\/wp-json\/wp\/v2\/users\/2"}],"replies":[{"embeddable":true,"href":"https:\/\/www.europesays.com\/no\/wp-json\/wp\/v2\/comments?post=93346"}],"version-history":[{"count":0,"href":"https:\/\/www.europesays.com\/no\/wp-json\/wp\/v2\/posts\/93346\/revisions"}],"wp:featuredmedia":[{"embeddable":true,"href":"https:\/\/www.europesays.com\/no\/wp-json\/wp\/v2\/media\/93347"}],"wp:attachment":[{"href":"https:\/\/www.europesays.com\/no\/wp-json\/wp\/v2\/media?parent=93346"}],"wp:term":[{"taxonomy":"category","embeddable":true,"href":"https:\/\/www.europesays.com\/no\/wp-json\/wp\/v2\/categories?post=93346"},{"taxonomy":"post_tag","embeddable":true,"href":"https:\/\/www.europesays.com\/no\/wp-json\/wp\/v2\/tags?post=93346"}],"curies":[{"name":"wp","href":"https:\/\/api.w.org\/{rel}","templated":true}]}}