{"id":93361,"date":"2025-11-21T22:53:12","date_gmt":"2025-11-21T22:53:12","guid":{"rendered":"https:\/\/www.europesays.com\/no\/93361\/"},"modified":"2025-11-21T22:53:12","modified_gmt":"2025-11-21T22:53:12","slug":"matte-berge-samme-par-sju-ganger","status":"publish","type":"post","link":"https:\/\/www.europesays.com\/no\/93361\/","title":{"rendered":"M\u00e5tte berge samme par sju ganger"},"content":{"rendered":"<p class=\"kicker t20\" style=\"\">Trump om d\u00f8dstrusler:<\/p>\n<p>  Presidenten eksploderte da demokrater ba milit\u00e6ret f\u00f8lge Grunnloven. N\u00e5 kommer presiseringen.<\/p>\n<p>\n    RASTE: Torsdag raste den amerikanske presidenten, Donald Trump mot seks demokrater, n\u00e5 g\u00e5r han tilbake p\u00e5 d\u00f8dtrusseler. Foto: Reuters\/Evelyn Hockstein\/NTB\n  <\/p>\n<p>Fredag deltok Trump i Fox News-journalist Brian Kilmeades <a href=\"https:\/\/open.spotify.com\/episode\/7CqWnXgSEAxYAm6cjArRVR\" rel=\"nofollow noopener\" target=\"_blank\">radioprogram<\/a>. Der fikk han sp\u00f8rsm\u00e5l om hva han egentlig mente da han skrev at seks demokratiske politikere hadde utf\u00f8rt \u00aboppr\u00f8rsk oppf\u00f8rsel\u00bb som er \u00abstraffbart med d\u00f8den\u00bb.<\/p>\n<p>&#8211; Det de sa er i moderne tid. Moderne tid er mye mykere, s\u00e5 vet jeg ikke helt, men i gamle dager ville det \u00e5 si noe slikt v\u00e6rt straffbart med d\u00f8den. Jeg truer dem ikke, men jeg vil si at de er i seri\u00f8s tr\u00f8bbel, sa presidenten.<\/p>\n<p>Han gjentok flere ganger at de seks domkratene \u00aber i seri\u00f8s tr\u00f8bbel\u00bb, men understreker at han ikke truer dem.<\/p>\n<p>&#8211; Etter min mening s\u00e5 har de gjort noe ulovlig, men hva som skjer med dem n\u00e5 vet jeg ikke, sa Trump.<\/p>\n<p>    <a itemprop=\"url\" href=\"https:\/\/borsen.dagbladet.no\/nyheter\/trump-truer-igjen-mentale-problemer\/83875350\" rel=\"nofollow noopener\" target=\"_blank\"><\/p>\n<p>      <img loading=\"lazy\" decoding=\"async\" src=\"https:\/\/www.europesays.com\/no\/wp-content\/uploads\/2025\/11\/1763765590_88_83875477.webp\" width=\"980\" height=\"441\" title=\"Trump truer igjen: - Mentale problemer\" alt=\"\" class=\"lazyload\" style=\"--aspect-ratio-image: 2.22; \"\/><\/p>\n<p>        Trump truer igjen: &#8211; Mentale problemer<\/p>\n<p>    <\/a><\/p>\n<p class=\"font-weight-bold m-font-weight-bold\" data-lab-font_weight=\"font-weight-bold\">Kalte dem \u00absvikere\u00bb<\/p>\n<p>Bakgrunnen for Trumps raseri er en video der seks demokratiske senatorer og kongressrepresentanter, alle med bakgrunn fra forsvaret og etterretningen, oppfordrer tjenestegj\u00f8rende i milit\u00e6ret til \u00e5 \u00aboverholde grunnloven og avvise ulovlige ordrer\u00bb.<\/p>\n<blockquote class=\"twitter-tweet\" data-media-max-width=\"560\">\n<p lang=\"en\" dir=\"ltr\">We want to speak directly to members of the Military and the Intelligence Community.<\/p>\n<p>The American people need you to stand up for our laws and our Constitution.<\/p>\n<p>Don\u2019t give up the ship. <a href=\"https:\/\/t.co\/N8lW0EpQ7r\" rel=\"nofollow\">pic.twitter.com\/N8lW0EpQ7r<\/a><\/p>\n<p>\u2014 Sen. Elissa Slotkin (@SenatorSlotkin) <a href=\"https:\/\/twitter.com\/SenatorSlotkin\/status\/1990774492356902948?ref_src=twsrc%5Etfw\" rel=\"nofollow noopener\" target=\"_blank\">November 18, 2025<\/a><\/p><\/blockquote>\n<p>P\u00e5 Truth Social kalte Trump de seks for \u00absvikere\u00bb som burde \u00abbures inne\u00bb. I en annen melding beskrev han handlingen som \u00aboppviglersk oppf\u00f8rsel\u00bb som er \u00abstraffbart med d\u00f8den\u00bb.<\/p>\n<p>I radioprogrammet sa presidenten at han f\u00f8rst trodde videoen var tull.<\/p>\n<p class=\"font-weight-normal m-font-weight-normal\" data-lab-font_weight=\"font-weight-normal\">&#8211; Jeg kunne ikke tro det, sa Trump.<\/p>\n<p>P\u00e5 sp\u00f8rsm\u00e5l om han er bekymret for at amerikanske tjenestemenn ikke kommer til \u00e5 adlyde hans ordre, svarte han nei.<\/p>\n<p class=\"font-weight-normal m-font-weight-normal\" data-lab-font_weight=\"font-weight-normal\">&#8211; Jeg er ikke bekymret for at noen ikke skal f\u00f8lge ordre for jeg er en sterk leder.<\/p>\n<p>    <a itemprop=\"url\" href=\"https:\/\/www.dagbladet.no\/video\/helt-uspiselig\/g6Uheajn\" rel=\"nofollow noopener\" target=\"_blank\"><\/p>\n<p>      <img loading=\"lazy\" decoding=\"async\" src=\"https:\/\/www.europesays.com\/no\/wp-content\/uploads\/2025\/11\/1763765591_550_83886167.webp\" width=\"980\" height=\"441\" title=\"- Helt uspiselig\" alt=\"\" class=\"lazyload\" style=\"--aspect-ratio-image: 2.22; \"\/><\/p>\n<p>        &#8211; Helt uspiselig<\/p>\n<p>    <\/a><\/p>\n<p class=\"font-weight-bold m-font-weight-bold\" data-lab-font_weight=\"font-weight-bold\">&#8211; En m\u00f8rk dag<\/p>\n<p>En av deltakerne i videoen, kongressrepresentant Chris Deluzio, reagerte kraftig p\u00e5 presidentens utspill.<\/p>\n<p>&#8211; Det burde skremme patriotiske amerikanere , uansett politisk st\u00e5sted, sa han til <a href=\"https:\/\/edition.cnn.com\/2025\/11\/20\/politics\/video\/rep-deluzio-responds-seditious-behavior\" rel=\"nofollow noopener\" target=\"_blank\">CNN<\/a>, og beskrev Trumps reaksjon som \u00aben m\u00f8rk og farlig dag for Amerika\u00bb.<\/p>\n<p>          <img loading=\"lazy\" decoding=\"async\" src=\"https:\/\/www.europesays.com\/no\/wp-content\/uploads\/2025\/11\/1763765592_458_83886120.webp\" width=\"686\" height=\"392\" title=\"SVARER: Kongressrepresentant fra Pennsylvania Chris Deluzio, synes Trumps kommentar er skremmende. Foto: AP \/Keith Srakocic\/NTB\" alt=\"\" class=\"\" style=\"--aspect-ratio-image: 1.75; \"\/><\/p>\n<p>\n          SVARER: Kongressrepresentant fra Pennsylvania Chris Deluzio, synes Trumps kommentar er skremmende. Foto: AP \/Keith Srakocic\/NTB\n      <\/p>\n<p>Pressesekret\u00e6r Karoline Leavitt avviste at Trump \u00f8nsker \u00e5 henrette medlemmer av Kongressen.<\/p>\n<p>          <img loading=\"lazy\" decoding=\"async\" src=\"https:\/\/www.europesays.com\/no\/wp-content\/uploads\/2025\/11\/1763765592_92_83886121.webp\" width=\"686\" height=\"392\" title=\"FORSVARER TRUMP: Pressesekret\u00e6ren i Det hvite hus, Karoline Leavitt forsvarer Trump. Foto: AP\/Alex Brandon\/NTB\" alt=\"\" class=\"\" style=\"--aspect-ratio-image: 1.75; \"\/><\/p>\n<p>\n          FORSVARER TRUMP: Pressesekret\u00e6ren i Det hvite hus, Karoline Leavitt forsvarer Trump. Foto: AP\/Alex Brandon\/NTB\n      <\/p>\n<p>&#8211; Du har sittende medlemmer av Kongressen som konspirerte for \u00e5 lage en videomelding til milit\u00e6ret, der de oppfordret dem til \u00e5 trosse presidentens lovlige ordre, sa hun.<\/p>\n<p><script async src=\"https:\/\/platform.twitter.com\/widgets.js\" charset=\"utf-8\"><\/script><\/p>\n","protected":false},"excerpt":{"rendered":"Trump om d\u00f8dstrusler: Presidenten eksploderte da demokrater ba milit\u00e6ret f\u00f8lge Grunnloven. N\u00e5 kommer presiseringen. RASTE: Torsdag raste den&hellip;\n","protected":false},"author":2,"featured_media":93362,"comment_status":"","ping_status":"","sticky":false,"template":"","format":"standard","meta":{"footnotes":""},"categories":[5],"tags":[20,21,24,25,15,19,2539,22,23,17,18,13,30,28,29,14,16,26,27],"class_list":{"0":"post-93361","1":"post","2":"type-post","3":"status-publish","4":"format-standard","5":"has-post-thumbnail","7":"category-overskrifter","8":"tag-breaking-news","9":"tag-breakingnews","10":"tag-featured-news","11":"tag-featurednews","12":"tag-headlines","13":"tag-hovedoppslag","14":"tag-innenriks","15":"tag-latest-news","16":"tag-latestnews","17":"tag-main-news","18":"tag-mainnews","19":"tag-news","20":"tag-no","21":"tag-norge","22":"tag-norway","23":"tag-nyheter","24":"tag-overskrifter","25":"tag-top-stories","26":"tag-topstories"},"share_on_mastodon":{"url":"https:\/\/pubeurope.com\/@no\/115590149322561157","error":""},"_links":{"self":[{"href":"https:\/\/www.europesays.com\/no\/wp-json\/wp\/v2\/posts\/93361","targetHints":{"allow":["GET"]}}],"collection":[{"href":"https:\/\/www.europesays.com\/no\/wp-json\/wp\/v2\/posts"}],"about":[{"href":"https:\/\/www.europesays.com\/no\/wp-json\/wp\/v2\/types\/post"}],"author":[{"embeddable":true,"href":"https:\/\/www.europesays.com\/no\/wp-json\/wp\/v2\/users\/2"}],"replies":[{"embeddable":true,"href":"https:\/\/www.europesays.com\/no\/wp-json\/wp\/v2\/comments?post=93361"}],"version-history":[{"count":0,"href":"https:\/\/www.europesays.com\/no\/wp-json\/wp\/v2\/posts\/93361\/revisions"}],"wp:featuredmedia":[{"embeddable":true,"href":"https:\/\/www.europesays.com\/no\/wp-json\/wp\/v2\/media\/93362"}],"wp:attachment":[{"href":"https:\/\/www.europesays.com\/no\/wp-json\/wp\/v2\/media?parent=93361"}],"wp:term":[{"taxonomy":"category","embeddable":true,"href":"https:\/\/www.europesays.com\/no\/wp-json\/wp\/v2\/categories?post=93361"},{"taxonomy":"post_tag","embeddable":true,"href":"https:\/\/www.europesays.com\/no\/wp-json\/wp\/v2\/tags?post=93361"}],"curies":[{"name":"wp","href":"https:\/\/api.w.org\/{rel}","templated":true}]}}