{"id":93375,"date":"2025-11-21T23:19:04","date_gmt":"2025-11-21T23:19:04","guid":{"rendered":"https:\/\/www.europesays.com\/no\/93375\/"},"modified":"2025-11-21T23:19:04","modified_gmt":"2025-11-21T23:19:04","slug":"henta-av-politiet-midt-pa-natta","status":"publish","type":"post","link":"https:\/\/www.europesays.com\/no\/93375\/","title":{"rendered":"Henta av politiet midt p\u00e5 natta"},"content":{"rendered":"<p> Kort oppsummert<\/p>\n<ul data-testid=\"ul\" data-v-6836129a=\"\" data-v-b2d275fa=\"\">\n<li data-testid=\"ul-list-item\" data-v-b2d275fa=\"\">\n<p data-testid=\"textWithMarkup-text\" data-v-b2d275fa=\"\" data-v-c0623ac3=\"\">Abi Kapasi vart uttransportert fr\u00e5 Noreg til India midt p\u00e5 natta.<\/p>\n<\/li>\n<li data-testid=\"ul-list-item\" data-v-b2d275fa=\"\">\n<p data-testid=\"textWithMarkup-text\" data-v-b2d275fa=\"\" data-v-c0623ac3=\"\">Anken hans er sendt inn, men behandlinga kan ta opptil eitt \u00e5r. <\/p>\n<\/li>\n<li data-testid=\"ul-list-item\" data-v-b2d275fa=\"\">\n<p data-testid=\"textWithMarkup-text\" data-v-b2d275fa=\"\" data-v-c0623ac3=\"\">Kapasi kjenner seg framand i India og lengtar tilbake til Volda.<\/p>\n<\/li>\n<\/ul>\n<p>Samandraget er laga av KI-verkt\u00f8yet ChatGPT og kvalitetssikra av v\u00e5re journalistar.<br \/><a href=\"https:\/\/www.morenytt.no\/nyheiter\/i\/dwoyz1\/redaksjonelle-retningsliner-for-bruk-av-kunstig-intelligens-i-moere-nytt\" target=\"_blank\" rel=\"nofollow noopener\">Les meir om korleis vi forheld oss til kunstig intelligens..<\/a>Vis meir <\/p>\n<p data-testid=\"textWithMarkup-text\" data-v-6836129a=\"\" data-v-c0623ac3=\"\">Dagen hadde vore ein av dei beste p\u00e5 lenge for Abi Kapasi. Han hadde vore p\u00e5 bana med vennene sine i VSI (Volda Studentidrettslag) og delteke i turneringa som avsluttar semesteret \u2013 seks timar med volleyball, kostyme, pizza og godt oppm\u00f8te. <\/p>\n<p>Abi som volleyballdommar.\u00a0<strong data-v-91367220=\"\">Foto:<\/strong> Privat<\/p>\n<p data-testid=\"textWithMarkup-markup\" data-v-c0623ac3=\"\"><strong>\u2013 Det var det st\u00f8rste arrangementet eg har vore med p\u00e5, og sidan eg for f\u00f8rste gong sat i styret, var eg ekstra stolt, seier han.<\/strong><\/p>\n<p data-testid=\"textWithMarkup-text\" data-v-6836129a=\"\" data-v-c0623ac3=\"\">D\u00e5 han kom heim, tr\u00f8ytt men n\u00f8gd, sat han lenge og snakka med kj\u00e6rasten. <\/p>\n<p data-testid=\"textWithMarkup-text\" data-v-6836129a=\"\" data-v-c0623ac3=\"\">\u2013 Ho hadde f\u00f8lt seg litt oversett fordi eg hadde vore s\u00e5 oppteken i det siste, s\u00e5 vi bestemte oss for \u00e5 sj\u00e5 film og ete middag saman p\u00e5 FaceTime. Vi planla til og med at ho skulle kome p\u00e5 bes\u00f8k i desember. <\/p>\n<p data-testid=\"textWithMarkup-text\" data-v-6836129a=\"\" data-v-c0623ac3=\"\">\u2013 Eg f\u00f8lte for f\u00f8rste gong p\u00e5 lenge at vi faktisk kunne lage framtidsplanar. Vi sa god natt \u2013 og nokre minutt seinare banka det p\u00e5 d\u00f8ra.<\/p>\n<p data-testid=\"textWithMarkup-text\" data-v-6836129a=\"\" data-v-c0623ac3=\"\">Utanfor stod politiet. <\/p>\n<p>\u2013 Det var umenneskeleg<\/p>\n<p data-testid=\"textWithMarkup-markup\" data-v-c0623ac3=\"\"><strong>\u2013 Dei gav meg ikkje noko val. Eg m\u00e5tte pakke og bli med dei med ein gong. Eg pr\u00f8vde \u00e5 snakke med dei, men dei sa at avgjerda var teken og endeleg. Eg fekk ikkje lov til \u00e5 ringe nokon, berre advokaten min, men klokka var to om natta, og ho var s\u00e5 klart ikkje v\u00e5ken.<\/strong><\/p>\n<p data-testid=\"textWithMarkup-text\" data-v-6836129a=\"\" data-v-c0623ac3=\"\">Grunngjevinga han fekk var at det var praktisk sidan dei hadde bestilt eit fly klokka halv sju p\u00e5 morgonkvisten. <\/p>\n<p data-testid=\"textWithMarkup-text\" data-v-6836129a=\"\" data-v-c0623ac3=\"\">\u2013 Kanskje det stemmer, men dei kunne i det minste ha informert meg. \u00c5 bli henta midt p\u00e5 natta og frakta ut av landet p\u00e5 den m\u00e5ten \u2026 det var umenneskeleg. Dei sende meg bort til ein stad som ikkje lenger f\u00f8last som heimen min.<\/p>\n<p>Abi studerte Master in Media Practices p\u00e5 H\u00f8gskulen i Volda.\u00a0<strong data-v-91367220=\"\">Foto:<\/strong> PrivatAnken vart sendt inn \u2013 og UDI sende saka vidare<\/p>\n<p data-testid=\"textWithMarkup-text\" data-v-6836129a=\"\" data-v-c0623ac3=\"\">Saka til Abi har halde p\u00e5 lenge, og han trudde lenge at det skulle bli lys i enden av tunnelen. Men bakgrunnen for situasjonen hans g\u00e5r tilbake til februar \u2013 til eit brev han aldri fekk.<\/p>\n<p data-testid=\"textWithMarkup-text\" data-v-6836129a=\"\" data-v-c0623ac3=\"\">I august fekk han ein telefon fr\u00e5 politiet i \u00c5lesund: S\u00f8knaden han leverte i september 2024, var blitt avsl\u00e5tt allereie i februar 2025. Klagefristen gjekk ut i mars.<\/p>\n<p data-testid=\"textWithMarkup-markup\" data-v-c0623ac3=\"\"><strong>\u2013 Men eg hadde aldri f\u00e5tt det brevet, seier han.<\/strong><\/p>\n<p data-testid=\"textWithMarkup-text\" data-v-6836129a=\"\" data-v-c0623ac3=\"\">UDI meiner vedtaket vart sendt til Digipost, men Abi er ikkje registrert der. Deretter vart det sendt i vanleg post til studentbustaden hans.<\/p>\n<p data-testid=\"textWithMarkup-text\" data-v-6836129a=\"\" data-v-c0623ac3=\"\">\u2013 Dei seier det f\u00f8rste brevet kom i retur, men at det andre ikkje gjorde det. For meg gir det ingen meining \u2013 om det f\u00f8rste ikkje kom fram, korleis skulle det andre gjere det?<\/p>\n<p data-testid=\"textWithMarkup-markup\" data-v-c0623ac3=\"\"><strong>UDI peika p\u00e5 \u00abfor lite pengar p\u00e5 konto\u00bb og forseinka studieframdrift. Abi meiner alt dette lett kunne vore dokumentert, dersom han berre hadde f\u00e5tt sjansen.<\/strong><\/p>\n<p data-testid=\"textWithMarkup-text\" data-v-6836129a=\"\" data-v-c0623ac3=\"\">\u2013 Om eg hadde f\u00e5tt det avslaget i februar, kunne eg enkelt ha klaga. Eg kunne vist oppdatert kontoutskrift og at eg framleis var aktiv student. Eg fekk aldri den sjansen.<\/p>\n<p data-testid=\"textWithMarkup-text\" data-v-6836129a=\"\" data-v-c0623ac3=\"\">Forseinkinga skuldast ein skade \u2013 noko regelverket opnar for \u2013 og universitetet har stadfesta at han er fulltidsstudent.<\/p>\n<p data-testid=\"textWithMarkup-markup\" data-v-c0623ac3=\"\"><strong>\u2013 \u00c5 reise tilbake ville bety \u00e5 kaste bort alt eg har jobba for, sa han.<\/strong><\/p>\n<p>D\u00e5 helsa brast<\/p>\n<p data-testid=\"textWithMarkup-text\" data-v-6836129a=\"\" data-v-c0623ac3=\"\">Advokaten hans rakk \u00e5 sende inn anken f\u00f8r dagen Abi opphavleg var beden om \u00e5 forlate landet, 1. november. Dei leverte all dokumentasjonen dei klarte \u00e5 samle inn. <\/p>\n<p data-testid=\"textWithMarkup-text\" data-v-6836129a=\"\" data-v-c0623ac3=\"\">\u2013 Vi sende inn alt av dokumentasjon vi hadde, og alt morgonen etter fekk vi svar fr\u00e5 UDI om at saka var sendt vidare til UNE, fordi dei meinte det ikkje var noko nytt. Det er merkeleg, for dette var f\u00f8rste gong vi sende inn anke. Alt var nytt. At dei svarte p\u00e5 ein halv dag, gjer meg skeptisk, seier han.<\/p>\n<p data-testid=\"textWithMarkup-text\" data-v-6836129a=\"\" data-v-c0623ac3=\"\">Han har til og med pr\u00f8vd \u00e5 f\u00e5 kontakt med saksbehandlaren sin i UDI, men ho har ikkje svart.<\/p>\n<p data-testid=\"textWithMarkup-text\" data-v-6836129a=\"\" data-v-c0623ac3=\"\">Abi forklarer at i det f\u00f8rre vedtaket hadde UDI skrive at han ikkje hadde rett til \u00e5 bli i Noreg medan anken vart behandla. Han skulle eigentleg reise 1. november, men den mentale helsa hans forverra seg kraftig. <\/p>\n<p data-testid=\"textWithMarkup-text\" data-v-6836129a=\"\" data-v-c0623ac3=\"\">\u2013 Eg fekk s\u00f8vnproblem, angst, negative tankar, og vart til slutt innlagd p\u00e5 psykiatrisk avdeling i nokre netter. Eg kunne ikkje reise d\u00e5. Politiet sa dei forstod og bad om dokumentasjon, og eg pr\u00f8vde \u00e5 sende det, men f\u00f8r eg rakk det, sto dei p\u00e5 d\u00f8ra.<\/p>\n<p>Abi med vennane sine. \u2013 Heimen min og familien min er her i Volda, seier han.\u00a0<strong data-v-91367220=\"\">Foto:<\/strong> Privat\u2013 Eg ville skrike<\/p>\n<p data-testid=\"textWithMarkup-markup\" data-v-c0623ac3=\"\"><strong>Kvelden f\u00f8r hadde vore s\u00e5 god. Kontrasten til natta som f\u00f8lgde, vart brutal.<\/strong><\/p>\n<p>Nokre av dei i VSI \u2013 det var ein dag med volleyball, kostyme, pizza og godt oppm\u00f8te.\u00a0<strong data-v-91367220=\"\">Foto:<\/strong> Privat<\/p>\n<p data-testid=\"textWithMarkup-text\" data-v-6836129a=\"\" data-v-c0623ac3=\"\">Abi sov ikkje heile natta. Politiet k\u00f8yrde han f\u00f8rst til politistasjonen, deretter til Gardermoen. Det vart siste gong han var n\u00e6r Volda. Derfr\u00e5 gjekk ferda vidare til Oslo, til Warszawa og til slutt til New Delhi. Ingen hjelpte han med \u00e5 kome seg vidare heim, s\u00e5 det m\u00e5tte han ordne sj\u00f8lv. <\/p>\n<p data-testid=\"textWithMarkup-text\" data-v-6836129a=\"\" data-v-c0623ac3=\"\">P\u00e5 flyplassane kjende han seg som i eit tomrom: full av angst, i fornektelse, utan matlyst og utan evne til \u00e5 drikke. <\/p>\n<p data-testid=\"textWithMarkup-markup\" data-v-c0623ac3=\"\"><strong>\u2013 Eg s\u00e5g p\u00e5 menneska rundt meg, alle p\u00e5 veg til sine destinasjonar, og tenkte at dei ikkje ante kva som hadde skjedd med meg, seier han. \u2013 Eg ville skrike.<\/strong><\/p>\n<p data-testid=\"textWithMarkup-text\" data-v-6836129a=\"\" data-v-c0623ac3=\"\">Han seier at han likevel pr\u00f8ver \u00e5 halde hovudet klart og at han kjem ikkje til \u00e5 gje seg.<\/p>\n<p>Les \u00f2g:<a class=\"article-link horizontal\" aria-label=\"Relatert artikkel\" href=\"https:\/\/www.morenytt.no\/video\/i\/QMn15x\/brevet-som-aldri-kom-oeydela-alt\" data-v-f1b2a3ea=\"\" data-v-4a28ea73=\"\" rel=\"nofollow noopener\" target=\"_blank\"><\/p>\n<p>Brevet som aldri kom \u00f8ydela alt <\/p>\n<p><\/a>Ventetid p\u00e5 kanskje eitt \u00e5r <\/p>\n<p data-testid=\"textWithMarkup-text\" data-v-6836129a=\"\" data-v-c0623ac3=\"\">Advokaten har fortalt han at sj\u00f8lve utreisevedtaket ikkje kan ankast. Hovudsaka ligg no hj\u00e5 UNE, og ventetida kan vere opp mot 12 m\u00e5nader. Abi seier at innan den tid vil han ha vore lenge borte fr\u00e5 Noreg, og han fryktar at historia hans kan bli gl\u00f8ymd.<\/p>\n<p data-testid=\"textWithMarkup-markup\" data-v-c0623ac3=\"\"><strong>\u2013 Eg vil ikkje berre forsvinne, seier han.<\/strong><\/p>\n<p data-testid=\"textWithMarkup-text\" data-v-6836129a=\"\" data-v-c0623ac3=\"\">Han kan heller ikkje flytte til Europa for \u00e5 vere n\u00e6r kj\u00e6rasten i Tyskland eller vennene sine i Nederland og Belgia, fordi vedtaket gjeld heile Schengen-omr\u00e5det.<\/p>\n<p>Heime \u2013 men framandt <\/p>\n<p data-testid=\"textWithMarkup-text\" data-v-6836129a=\"\" data-v-c0623ac3=\"\">No er han tilbake i heimbyen i India. Det tok lang tid \u00e5 kome dit, og alt kjennest framandt. St\u00f8yen, folkemengdene og kaoset gjer han utrygg.<\/p>\n<blockquote data-testid=\"quote-text\" data-v-a9dd8845=\"\"><p>\u2013 Eg f\u00f8ler meg heilt tapt, seier han. Eg saknar Volda. Eg saknar smaken p\u00e5 vatnet, stilla om natta, sn\u00f8en. Alt.<\/p><\/blockquote>\n<p>Studentane skriv meldingar til Abi. Dei fekk ikkje sagt &laquo;ha det&raquo; til han f\u00f8r han blei deportert. P\u00e5 biletet: No\u00ebl Sartenaer.\u00a0<strong data-v-91367220=\"\">Foto:<\/strong> PrivatSterk st\u00f8tte i Volda <\/p>\n<p data-testid=\"textWithMarkup-text\" data-v-6836129a=\"\" data-v-c0623ac3=\"\">Studentane i Volda har sett opp ein boks der folk kan skrive meldingar og vitnesbyrd til st\u00f8tte for Abi. Alt er sendt vidare til han.<\/p>\n<p data-testid=\"textWithMarkup-markup\" data-v-c0623ac3=\"\"><strong>\u2013 Eg blir r\u00f8rt kvar gong eg les noko. St\u00f8tta har vore enorm \u2013 fr\u00e5 studentar, professorar, universitetet og organisasjonar, seier han.<\/strong><\/p>\n<p data-testid=\"textWithMarkup-text\" data-v-6836129a=\"\" data-v-c0623ac3=\"\">Enzo Dominguez, som jobbar for Pangaia ved H\u00f8gskulen i Volda, hadde etter tips fr\u00e5 Studentparlamentet sett opp ein stasjon der studentar som er p\u00e5verka av deporteringa, kan skrive ei fysisk melding til Abi eller til UDI. Studenthumanisten har \u00f2g vore tilgjengeleg for dei som treng det.<\/p>\n<p data-testid=\"textWithMarkup-text\" data-v-6836129a=\"\" data-v-c0623ac3=\"\">\u2013 Eg lurte p\u00e5 kva vi kunne gjere, det har vore eit stort sjokk for oss alle, heilt uventa. Vi h\u00f8yrde kva som hadde hendt dagen etter han blei deportert, og ingen fekk sagt &laquo;ha det&raquo;. Det var ganske urettferdig mot han og ganske frustrerande, seier Enzo.<\/p>\n<blockquote data-testid=\"quote-text\" data-v-a9dd8845=\"\"><p>\u2013 Dei fleste er lei seg og frustrerte. Folk er i sjokk. Han har hatt stor innverknad p\u00e5 oss alle, s\u00e5 vi er h\u00e5pefulle for at han ein dag kan kome attende, seier han.<\/p><\/blockquote>\n<p>Abi med ei av venninnene hans i Volda.\u00a0<strong data-v-91367220=\"\">Foto:<\/strong> PrivatKasta ut \u00absom ingenting\u00bb<\/p>\n<p data-testid=\"textWithMarkup-text\" data-v-6836129a=\"\" data-v-c0623ac3=\"\">Abi peikar p\u00e5 at UDI ikkje vurderer tilknyting som student som grunnlag for opphald. Han meiner dette er feil.<\/p>\n<p data-testid=\"textWithMarkup-text\" data-v-6836129a=\"\" data-v-c0623ac3=\"\">\u2013 Sj\u00e5 kor sterke band som kan skapast, seier han. Berre fordi eg vart f\u00f8dd ein annan stad, blir eg behandla som om eg ikkje h\u00f8yrer heime der.<\/p>\n<p data-testid=\"textWithMarkup-text\" data-v-6836129a=\"\" data-v-c0623ac3=\"\">Han meiner avgjerda vart teken p\u00e5 ein urettferdig m\u00e5te, og at han vart kasta ut \u00absom ingenting\u00bb.<\/p>\n<p data-testid=\"textWithMarkup-text\" data-v-6836129a=\"\" data-v-c0623ac3=\"\">Det einaste han \u00f8nskjer no, er \u00e5 kome tilbake: til vennene, tryggleiken, stilla og kvardagslivet i Volda.<\/p>\n<p data-testid=\"textWithMarkup-markup\" data-v-c0623ac3=\"\"><strong>\u2013 Noreg er heime for meg. Volda er heime, seier han stille.<\/strong><\/p>\n<p data-testid=\"textWithMarkup-text\" data-v-6836129a=\"\" data-v-c0623ac3=\"\">Han h\u00e5par at s\u00e5 mange som mogleg vil dele historia hans. <\/p>\n<p data-testid=\"textWithMarkup-markup\" data-v-c0623ac3=\"\"><strong>\u2013 Om fleire deler dette, kan det kanskje n\u00e5 fram til dei som har makt til \u00e5 endre situasjonen, seier han.<\/strong><\/p>\n<p data-testid=\"textWithMarkup-text\" data-v-6836129a=\"\" data-v-c0623ac3=\"\">M\u00f8re-Nytt har tidlegare vore i kontakt med UDI om denne saka. UDI har kommentert saka p\u00e5 generelt grunnlag, og ein kan lese meir om det i artikkelen linka under.<\/p>\n","protected":false},"excerpt":{"rendered":"Kort oppsummert Abi Kapasi vart uttransportert fr\u00e5 Noreg til India midt p\u00e5 natta. Anken hans er sendt inn,&hellip;\n","protected":false},"author":2,"featured_media":93376,"comment_status":"","ping_status":"","sticky":false,"template":"","format":"standard","meta":{"footnotes":""},"categories":[12],"tags":[20,21,24,25,15,22,23,13,30,28,29,14,16,26,27,42,43,44,45],"class_list":{"0":"post-93375","1":"post","2":"type-post","3":"status-publish","4":"format-standard","5":"has-post-thumbnail","7":"category-verden","8":"tag-breaking-news","9":"tag-breakingnews","10":"tag-featured-news","11":"tag-featurednews","12":"tag-headlines","13":"tag-latest-news","14":"tag-latestnews","15":"tag-news","16":"tag-no","17":"tag-norge","18":"tag-norway","19":"tag-nyheter","20":"tag-overskrifter","21":"tag-top-stories","22":"tag-topstories","23":"tag-verden","24":"tag-world","25":"tag-world-news","26":"tag-worldnews"},"share_on_mastodon":{"url":"https:\/\/pubeurope.com\/@no\/115590251377214477","error":""},"_links":{"self":[{"href":"https:\/\/www.europesays.com\/no\/wp-json\/wp\/v2\/posts\/93375","targetHints":{"allow":["GET"]}}],"collection":[{"href":"https:\/\/www.europesays.com\/no\/wp-json\/wp\/v2\/posts"}],"about":[{"href":"https:\/\/www.europesays.com\/no\/wp-json\/wp\/v2\/types\/post"}],"author":[{"embeddable":true,"href":"https:\/\/www.europesays.com\/no\/wp-json\/wp\/v2\/users\/2"}],"replies":[{"embeddable":true,"href":"https:\/\/www.europesays.com\/no\/wp-json\/wp\/v2\/comments?post=93375"}],"version-history":[{"count":0,"href":"https:\/\/www.europesays.com\/no\/wp-json\/wp\/v2\/posts\/93375\/revisions"}],"wp:featuredmedia":[{"embeddable":true,"href":"https:\/\/www.europesays.com\/no\/wp-json\/wp\/v2\/media\/93376"}],"wp:attachment":[{"href":"https:\/\/www.europesays.com\/no\/wp-json\/wp\/v2\/media?parent=93375"}],"wp:term":[{"taxonomy":"category","embeddable":true,"href":"https:\/\/www.europesays.com\/no\/wp-json\/wp\/v2\/categories?post=93375"},{"taxonomy":"post_tag","embeddable":true,"href":"https:\/\/www.europesays.com\/no\/wp-json\/wp\/v2\/tags?post=93375"}],"curies":[{"name":"wp","href":"https:\/\/api.w.org\/{rel}","templated":true}]}}