{"id":93406,"date":"2025-11-22T03:04:08","date_gmt":"2025-11-22T03:04:08","guid":{"rendered":"https:\/\/www.europesays.com\/no\/93406\/"},"modified":"2025-11-22T03:04:08","modified_gmt":"2025-11-22T03:04:08","slug":"vold-halden-funn-av-blodig-person-liggende-pa-bakken-i-halden","status":"publish","type":"post","link":"https:\/\/www.europesays.com\/no\/93406\/","title":{"rendered":"Vold, Halden | Funn av blodig person liggende p\u00e5 bakken i Halden"},"content":{"rendered":"\n<p>\u2013 En blodig person er funnet liggende p\u00e5 bakken p\u00e5 torget, skrev politiets operasjonsleder Ronny Mangseth i politiloggen klokka 01.43 natt til l\u00f8rdag. <\/p>\n<p>Videre skriver politiet at det fremst\u00e5r som at den skadde har blitt utsatt for vold. <\/p>\n<p>Vedkommende kj\u00f8res til Kalnes sykehus. Han har v\u00e6rt bevisst, men bl\u00f8r fra kutt i ansiktet. Forn\u00e6rmede har selv sagt at han ble sl\u00e5tt ned. <\/p>\n<p>Den skadde er en lokal mann i 50-\u00e5ra. Politiet har per n\u00e5 ingen mistenkte i saken. <\/p>\n","protected":false},"excerpt":{"rendered":"\u2013 En blodig person er funnet liggende p\u00e5 bakken p\u00e5 torget, skrev politiets operasjonsleder Ronny Mangseth i politiloggen&hellip;\n","protected":false},"author":2,"featured_media":3844,"comment_status":"","ping_status":"","sticky":false,"template":"","format":"standard","meta":{"footnotes":""},"categories":[10],"tags":[20,21,24,25,15,22,23,13,30,28,29,14,16,26,27],"class_list":{"0":"post-93406","1":"post","2":"type-post","3":"status-publish","4":"format-standard","5":"has-post-thumbnail","7":"category-norge","8":"tag-breaking-news","9":"tag-breakingnews","10":"tag-featured-news","11":"tag-featurednews","12":"tag-headlines","13":"tag-latest-news","14":"tag-latestnews","15":"tag-news","16":"tag-no","17":"tag-norge","18":"tag-norway","19":"tag-nyheter","20":"tag-overskrifter","21":"tag-top-stories","22":"tag-topstories"},"share_on_mastodon":{"url":"https:\/\/pubeurope.com\/@no\/115591136237720528","error":""},"_links":{"self":[{"href":"https:\/\/www.europesays.com\/no\/wp-json\/wp\/v2\/posts\/93406","targetHints":{"allow":["GET"]}}],"collection":[{"href":"https:\/\/www.europesays.com\/no\/wp-json\/wp\/v2\/posts"}],"about":[{"href":"https:\/\/www.europesays.com\/no\/wp-json\/wp\/v2\/types\/post"}],"author":[{"embeddable":true,"href":"https:\/\/www.europesays.com\/no\/wp-json\/wp\/v2\/users\/2"}],"replies":[{"embeddable":true,"href":"https:\/\/www.europesays.com\/no\/wp-json\/wp\/v2\/comments?post=93406"}],"version-history":[{"count":0,"href":"https:\/\/www.europesays.com\/no\/wp-json\/wp\/v2\/posts\/93406\/revisions"}],"wp:featuredmedia":[{"embeddable":true,"href":"https:\/\/www.europesays.com\/no\/wp-json\/wp\/v2\/media\/3844"}],"wp:attachment":[{"href":"https:\/\/www.europesays.com\/no\/wp-json\/wp\/v2\/media?parent=93406"}],"wp:term":[{"taxonomy":"category","embeddable":true,"href":"https:\/\/www.europesays.com\/no\/wp-json\/wp\/v2\/categories?post=93406"},{"taxonomy":"post_tag","embeddable":true,"href":"https:\/\/www.europesays.com\/no\/wp-json\/wp\/v2\/tags?post=93406"}],"curies":[{"name":"wp","href":"https:\/\/api.w.org\/{rel}","templated":true}]}}