{"id":93414,"date":"2025-11-22T03:18:15","date_gmt":"2025-11-22T03:18:15","guid":{"rendered":"https:\/\/www.europesays.com\/no\/93414\/"},"modified":"2025-11-22T03:18:15","modified_gmt":"2025-11-22T03:18:15","slug":"mange-reaksjoner-etter-at-by-elgene-ble-skutt-alvorlig-skade-forklarer-den-aggressive-atferden-isandnessjoen","status":"publish","type":"post","link":"https:\/\/www.europesays.com\/no\/93414\/","title":{"rendered":"Mange reaksjoner etter at by-elgene ble skutt: \u2013 Alvorlig skade forklarer den aggressive atferden &#8211; iSandnessj\u00f8en"},"content":{"rendered":"<ol>\n<li><a href=\"https:\/\/news.google.com\/rss\/articles\/CBMi0AFBVV95cUxNcnZZUlRadlBUNjZkVEFKZTNIUjVmOHl5Q3NBeGdiaTFIeXRFdkRuZmZ5NnFXVTlLWFAzQ3h4MkFUOUd1M3kzNkVnbEhRX3Q0d2haVTVYbTRxaEQxSk5ybEZMTnBTWXREb0NRQUF1cldWMm1KOU1xcE13Q0hDMmJ6TTFvRE90NTg0Z0FCREdaVlBMR0xsWEE0dzFYZUFERy16S2hTTlJ6Qzlna1JNVmNTblNxRjdRM0VlWUx6TDRka2g0VkxPaXVGS1piX2c5dDRF?oc=5\" target=\"_blank\" rel=\"nofollow noopener\">Mange reaksjoner etter at by-elgene ble skutt: \u2013 Alvorlig skade forklarer den aggressive atferden<\/a>&nbsp;&nbsp;iSandnessj\u00f8en<\/li>\n<li><a href=\"https:\/\/news.google.com\/rss\/articles\/CBMibkFVX3lxTE5CazJNdExydFBCRjQ5NzZabnB3OFhlcGhZRndkX293WUJFOWhHOHVkUGhyT25NbTVCM2p6UmktNVo4TS1qTU9YRG5lNGgzWHZqYUdqV1FrMVR3dE0ycmVzWGhDTjV3ajZoOW1KcUl3?oc=5\" target=\"_blank\" rel=\"nofollow noopener\">Elgku fl\u00f8y p\u00e5 Malin<\/a>&nbsp;&nbsp;Dagbladet<\/li>\n<li><a href=\"https:\/\/news.google.com\/rss\/articles\/CBMifEFVX3lxTE9vZnV6cGtQcHp0NFRJcGRrN2xTcmhYWUJWeFhfN3FSbUJBYUQ2cWRsWUREdXpLRElPWF9oVUE1VXVZSFNZaGFrdWU2NkduSllSUkFlYm9saU0yMVloM1J1dVlMZE84WnhrZXR5OWNSS1NabGVSeXNGUXdUSWo?oc=5\" target=\"_blank\" rel=\"nofollow noopener\">Felte to byelger: \u2013 Handler om sikkerhet<\/a>&nbsp;&nbsp;Helgelands Blad<\/li>\n<li><a href=\"https:\/\/news.google.com\/rss\/articles\/CBMilgFBVV95cUxNVjdJWWZlUmFaTE1IUzlzdmROUzBXa3dXSVJScjg5N0pyNU5CdVEwYnV5NEthRHp2MFJOZjQ4aWZvVlJIYnlRWHlBbzJhR1NkRjV6cXdaSUJfSmsyLTRTazVxdDNCbWFPY284c3BIcHlyNDZsQ0liRWZzaTlmNnJHblhoQmlCY3h6azZvelRzNmJLX2FJNGc?oc=5\" target=\"_blank\" rel=\"nofollow noopener\">Elg | Fikk by-elgene lenger unna byen \u2013 n\u00e5 er de skutt<\/a>&nbsp;&nbsp;iSandnessj\u00f8en<\/li>\n<li><a href=\"https:\/\/news.google.com\/rss\/articles\/CBMikAFBVV95cUxNNTlqRVB0TXp4VzhFczVIMjVURDhOTFROZldPZVpxRFBIbXRKZl9JTFhaNUI4eXk1VFJPNlBBX19DVkdqNEExdHJmemhqdVMzZ205azVldlUxWkNOa2ZYLUN2RF9jVW1XejdWd3lPNVFkVUVoNGY2TEk4SFRFcXZfUG02RlVOaFp3ODYyYUZXNWQ?oc=5\" target=\"_blank\" rel=\"nofollow noopener\">Elg | Vil jage bort by-elgen: \u2013 Den b\u00f8r bo i utmarka<\/a>&nbsp;&nbsp;iSandnessj\u00f8en<\/li>\n<\/ol>\n","protected":false},"excerpt":{"rendered":"Mange reaksjoner etter at by-elgene ble skutt: \u2013 Alvorlig skade forklarer den aggressive atferden&nbsp;&nbsp;iSandnessj\u00f8en Elgku fl\u00f8y p\u00e5 Malin&nbsp;&nbsp;Dagbladet&hellip;\n","protected":false},"author":2,"featured_media":89657,"comment_status":"","ping_status":"","sticky":false,"template":"","format":"standard","meta":{"footnotes":""},"categories":[10],"tags":[20,21,24,25,15,22,23,13,30,28,29,14,16,26,27],"class_list":{"0":"post-93414","1":"post","2":"type-post","3":"status-publish","4":"format-standard","5":"has-post-thumbnail","7":"category-norge","8":"tag-breaking-news","9":"tag-breakingnews","10":"tag-featured-news","11":"tag-featurednews","12":"tag-headlines","13":"tag-latest-news","14":"tag-latestnews","15":"tag-news","16":"tag-no","17":"tag-norge","18":"tag-norway","19":"tag-nyheter","20":"tag-overskrifter","21":"tag-top-stories","22":"tag-topstories"},"share_on_mastodon":{"url":"https:\/\/pubeurope.com\/@no\/115591191145225546","error":""},"_links":{"self":[{"href":"https:\/\/www.europesays.com\/no\/wp-json\/wp\/v2\/posts\/93414","targetHints":{"allow":["GET"]}}],"collection":[{"href":"https:\/\/www.europesays.com\/no\/wp-json\/wp\/v2\/posts"}],"about":[{"href":"https:\/\/www.europesays.com\/no\/wp-json\/wp\/v2\/types\/post"}],"author":[{"embeddable":true,"href":"https:\/\/www.europesays.com\/no\/wp-json\/wp\/v2\/users\/2"}],"replies":[{"embeddable":true,"href":"https:\/\/www.europesays.com\/no\/wp-json\/wp\/v2\/comments?post=93414"}],"version-history":[{"count":0,"href":"https:\/\/www.europesays.com\/no\/wp-json\/wp\/v2\/posts\/93414\/revisions"}],"wp:featuredmedia":[{"embeddable":true,"href":"https:\/\/www.europesays.com\/no\/wp-json\/wp\/v2\/media\/89657"}],"wp:attachment":[{"href":"https:\/\/www.europesays.com\/no\/wp-json\/wp\/v2\/media?parent=93414"}],"wp:term":[{"taxonomy":"category","embeddable":true,"href":"https:\/\/www.europesays.com\/no\/wp-json\/wp\/v2\/categories?post=93414"},{"taxonomy":"post_tag","embeddable":true,"href":"https:\/\/www.europesays.com\/no\/wp-json\/wp\/v2\/tags?post=93414"}],"curies":[{"name":"wp","href":"https:\/\/api.w.org\/{rel}","templated":true}]}}