{"id":93421,"date":"2025-11-22T03:39:09","date_gmt":"2025-11-22T03:39:09","guid":{"rendered":"https:\/\/www.europesays.com\/no\/93421\/"},"modified":"2025-11-22T03:39:09","modified_gmt":"2025-11-22T03:39:09","slug":"trafikk-veg-og-fore-vegtrafikksentralen-frykter-krevende-helg-vaer-ekstra-obs-pa-vegene","status":"publish","type":"post","link":"https:\/\/www.europesays.com\/no\/93421\/","title":{"rendered":"Trafikk, Veg og f\u00f8re | Vegtrafikksentralen frykter krevende helg: \u2013 V\u00e6r ekstra obs p\u00e5 vegene"},"content":{"rendered":"\n<p><b>NAMDALEN: <\/b>Bilister i Namdalen m\u00e5 forberede seg p\u00e5 en utfordrende start p\u00e5 helga.<\/p>\n<p>Et v\u00e6romslag som bringer med seg b\u00e5de is og sterk vind fredag kveld og natt til l\u00f8rdag, gj\u00f8r at Vegtrafikksentralen Midt-Norge har satt inn alle mann for \u00e5 h\u00e5ndtere situasjonen.<\/p>\n<p>De oppfordrer bilister til \u00e5 utvise stor forsiktighet.<\/p>\n<p>Allerede fredag kveld har Vegtrafikksentralen merket effekten av v\u00e6ret. Trafikkoperat\u00f8r Erlend Karlsen forteller at det har kommet inn en del meldinger om sn\u00f8fall.<\/p>\n<p>\u2013 Vi har alt av folk ute for \u00e5 br\u00f8yte. Det er mye br\u00f8yteutstyr p\u00e5 vegene, sier Karlsen til NA.<\/p>\n<p>Han beskriver en situasjon der nedb\u00f8r i form av sn\u00f8 skaper utfordringer, og at mannskapene jobber med \u00e5 holde vegene s\u00e5 trygge som mulig.<\/p>\n<p>N\u00e5r temperaturen synker og det fryser p\u00e5 bakken, \u00f8ker faren for isete veger.<\/p>\n<p>Meteorologisk institutt har varslet om et gult farevarsel for is som gjelder fra fredag kveld og inn i l\u00f8rdagen. Denne overgangen fra minus- til plussgrader vil trolig skape ekstra krevende forhold.<\/p>\n<p>\u2013 Fra l\u00f8rdag morgen er det meldt tre-fire plussgrader, regn og vind. Det kan hende det blir litt mer \u00e5 gj\u00f8re for oss i l\u00f8pet av natta til l\u00f8rdag og l\u00f8rdag morgen, sier Karlsen.<\/p>\n<p>  <a href=\"https:\/\/www.namdalsavisa.no\/5-121-1508366\" class=\"related-teaser has-image default-story-teaser article--c-eRUmMG article--c-eRUmMG-jKCPdD-design-default\" rel=\"nofollow noopener\" target=\"_blank\"><\/p>\n<p>    <img decoding=\"async\" loading=\"lazy\"  src=\"https:\/\/www.europesays.com\/no\/wp-content\/uploads\/2025\/11\/montasjebusslv-NY.jpg\" alt=\"\" class=\"brick-c-cFOWSL\" style=\"\"\/><\/p>\n<p>\n            Les ogs\u00e5<\/p>\n<p>              Liv Iren i glattis-kaos med bussen: \u2013 F\u00f8ret var helt grusomt\n        <\/p>\n<p>  <\/a><\/p>\n<p>Han legger til at det ogs\u00e5 er meldt sterke vindkast, opp mot 18-20 meter i sekundet, som kan p\u00e5virke trafikken ytterligere.<\/p>\n<p>Med et lavtrykk som ligger ved kysten utenfor M\u00f8re- og Romsdal, er det ogs\u00e5 varslet sterk kuling langs kyststripene. Dette kan f\u00f8re til redusert sikt og \u00f8kt fare for gjenstander som bl\u00e5ser ut p\u00e5 vegen.<\/p>\n<p>Vegtrafikksentralen har et klart budskap til bilistene:<\/p>\n<p>\u2013 Kj\u00f8r etter forholdene, rett og slett. Hvis det blir mye nedb\u00f8r, er det ikke sikkert br\u00f8ytebilene klarer \u00e5 ta unna alt med en gang, understreker Karlsen.<\/p>\n<p>Han oppfordrer alle til \u00e5 sjekke vegmeldinger f\u00f8r de legger ut p\u00e5 tur, og tilpasse farta etter f\u00f8reforholdene.<\/p>\n","protected":false},"excerpt":{"rendered":"NAMDALEN: Bilister i Namdalen m\u00e5 forberede seg p\u00e5 en utfordrende start p\u00e5 helga. Et v\u00e6romslag som bringer med&hellip;\n","protected":false},"author":2,"featured_media":93422,"comment_status":"","ping_status":"","sticky":false,"template":"","format":"standard","meta":{"footnotes":""},"categories":[10],"tags":[36,20,21,24,25,15,22,23,13,30,28,29,14,16,1510,26,27,224,11856,11446],"class_list":{"0":"post-93421","1":"post","2":"type-post","3":"status-publish","4":"format-standard","5":"has-post-thumbnail","7":"category-norge","8":"tag-art","9":"tag-breaking-news","10":"tag-breakingnews","11":"tag-featured-news","12":"tag-featurednews","13":"tag-headlines","14":"tag-latest-news","15":"tag-latestnews","16":"tag-news","17":"tag-no","18":"tag-norge","19":"tag-norway","20":"tag-nyheter","21":"tag-overskrifter","22":"tag-story","23":"tag-top-stories","24":"tag-topstories","25":"tag-trafikk","26":"tag-veg-og-fore","27":"tag-vegtrafikksentralen-midt"},"share_on_mastodon":{"url":"https:\/\/pubeurope.com\/@no\/115591273849670076","error":""},"_links":{"self":[{"href":"https:\/\/www.europesays.com\/no\/wp-json\/wp\/v2\/posts\/93421","targetHints":{"allow":["GET"]}}],"collection":[{"href":"https:\/\/www.europesays.com\/no\/wp-json\/wp\/v2\/posts"}],"about":[{"href":"https:\/\/www.europesays.com\/no\/wp-json\/wp\/v2\/types\/post"}],"author":[{"embeddable":true,"href":"https:\/\/www.europesays.com\/no\/wp-json\/wp\/v2\/users\/2"}],"replies":[{"embeddable":true,"href":"https:\/\/www.europesays.com\/no\/wp-json\/wp\/v2\/comments?post=93421"}],"version-history":[{"count":0,"href":"https:\/\/www.europesays.com\/no\/wp-json\/wp\/v2\/posts\/93421\/revisions"}],"wp:featuredmedia":[{"embeddable":true,"href":"https:\/\/www.europesays.com\/no\/wp-json\/wp\/v2\/media\/93422"}],"wp:attachment":[{"href":"https:\/\/www.europesays.com\/no\/wp-json\/wp\/v2\/media?parent=93421"}],"wp:term":[{"taxonomy":"category","embeddable":true,"href":"https:\/\/www.europesays.com\/no\/wp-json\/wp\/v2\/categories?post=93421"},{"taxonomy":"post_tag","embeddable":true,"href":"https:\/\/www.europesays.com\/no\/wp-json\/wp\/v2\/tags?post=93421"}],"curies":[{"name":"wp","href":"https:\/\/api.w.org\/{rel}","templated":true}]}}