{"id":93423,"date":"2025-11-22T03:46:11","date_gmt":"2025-11-22T03:46:11","guid":{"rendered":"https:\/\/www.europesays.com\/no\/93423\/"},"modified":"2025-11-22T03:46:11","modified_gmt":"2025-11-22T03:46:11","slug":"beslagla-nesten-to-kilo-kokain-pa-helgeland-banett-no","status":"publish","type":"post","link":"https:\/\/www.europesays.com\/no\/93423\/","title":{"rendered":"Beslagla nesten to kilo kokain p\u00e5 Helgeland &#8211; banett.no"},"content":{"rendered":"<ol>\n<li><a href=\"https:\/\/news.google.com\/rss\/articles\/CBMiiwFBVV95cUxOVHBlN3hFMWZJTTlWU0MyMkVvdnc2N2EtTVhwX1RXeTZveXlicFZqbEhzbV80V0Q5TUVQajZaNnNxWWNGR2dGNExZVGN4bnFocV9hTFFCN05IbmdxN1lBUGltcnU5S1JTV2lVSXdiRGhyMzdkSmlWbllTQzhSTDlIRmV1YXJqcy1pUDFj?oc=5\" target=\"_blank\" rel=\"nofollow noopener\">Beslagla nesten to kilo kokain p\u00e5 Helgeland<\/a>&nbsp;&nbsp;banett.no<\/li>\n<li><a href=\"https:\/\/news.google.com\/rss\/articles\/CBMingFBVV95cUxPRUhPSWFMeDQtMGIxU0lyRFZ4WTFCU1JacjU4S3FwcnhhTWJwS1RfVE9xVUgwSWZBMzl0TjNQcGxEajlqdFNaXzFuTnh2cnAteUJsNmtzTV9VY2Q1eGU5TXZrQVJiMEk1V21ueE1pVWVHSzFjMU9DMkZBSVh2M0M0NGZ6UVNBMFN0WURJRFlqS1MzSFNia3VCNllpZDMyZw?oc=5\" target=\"_blank\" rel=\"nofollow noopener\">Politiet avdekket narkotika-\u00e5re mellom \u00d8stlandet og Nordland<\/a>&nbsp;&nbsp;VG<\/li>\n<li><a href=\"https:\/\/news.google.com\/rss\/articles\/CBMipwFBVV95cUxOUkhfeDAzN050cEtCZnpwT3E1OVlXbmxfUnpLbUdFU2t1d3lwVFhoVm1NS0FnSGQ1ZDFmT1NIRkgyTlR5YXcwMzExOFZLZ053TFBKbmM3aGc1RXMwTmdfQmVfeDl3dE9mV09lQTR4dnZBVnhzWjZjdGs2c2lLSl82SUNkZURUSFY0Ql9nb1NrT0xibmx6eDJBcGZDT2JaTnpteHdaNTRaNA?oc=5\" target=\"_blank\" rel=\"nofollow noopener\">Oppdaget stor narkotika-\u00e5re til Nord-Norge. Skal ha blitt styrt fra fengsel<\/a>&nbsp;&nbsp;NRK<\/li>\n<li><a href=\"https:\/\/news.google.com\/rss\/articles\/CBMipwFBVV95cUxQUk9melZzZ0M4VUxBYXVNcjVRVnR5TF9GQjR5M2xaVkthVE81SzVSVUw0eUZqbE1uVWFVTTY3bC14ZUlNVUhBa08xRDJiM0JtbHJoT1RqSWU4WVJ5VlVUMm9vLXp3NXZ4cnhueC13UkJWR0lCU0pSREdiVnduSElIQTN4RXBYQmx5eGV5WW9iQW1NRHdCbDBjSVFETVd2RGJ2QXRlc2JaOA?oc=5\" target=\"_blank\" rel=\"nofollow noopener\">Politi, Kriminelle nettverk | Her spaner politiet p\u00e5 22-\u00e5ringen. N\u00e5 knyttes han til beryktet narkobaron<\/a>&nbsp;&nbsp;Avisa Nordland<\/li>\n<li><a href=\"https:\/\/news.google.com\/rss\/articles\/CBMiggFBVV95cUxNNklHY1V6M1VBTzIzUXpxeXUtOVRfazNiTjNmV19jVXFOTEZJTEF4RVlSNkcybEJQQU9oSjdnUnBOMHhWYUJEb2xfcXpqMkVaU1hobjZyT3NaNXFKX2tEanUyeXUxVG82U09ZVlZyUVZmYzJ1d2JfbXlmaFpNYW9uUmZ3?oc=5\" target=\"_blank\" rel=\"nofollow noopener\">Har avdekket trans\u00adport\u00e5re for narko\u00adtika<\/a>&nbsp;&nbsp;ht.no<\/li>\n<\/ol>\n","protected":false},"excerpt":{"rendered":"Beslagla nesten to kilo kokain p\u00e5 Helgeland&nbsp;&nbsp;banett.no Politiet avdekket narkotika-\u00e5re mellom \u00d8stlandet og Nordland&nbsp;&nbsp;VG Oppdaget stor narkotika-\u00e5re til&hellip;\n","protected":false},"author":2,"featured_media":93424,"comment_status":"","ping_status":"","sticky":false,"template":"","format":"standard","meta":{"footnotes":""},"categories":[10],"tags":[20,21,24,25,15,22,23,13,30,28,29,14,16,26,27],"class_list":{"0":"post-93423","1":"post","2":"type-post","3":"status-publish","4":"format-standard","5":"has-post-thumbnail","7":"category-norge","8":"tag-breaking-news","9":"tag-breakingnews","10":"tag-featured-news","11":"tag-featurednews","12":"tag-headlines","13":"tag-latest-news","14":"tag-latestnews","15":"tag-news","16":"tag-no","17":"tag-norge","18":"tag-norway","19":"tag-nyheter","20":"tag-overskrifter","21":"tag-top-stories","22":"tag-topstories"},"share_on_mastodon":{"url":"https:\/\/pubeurope.com\/@no\/115591301248126020","error":""},"_links":{"self":[{"href":"https:\/\/www.europesays.com\/no\/wp-json\/wp\/v2\/posts\/93423","targetHints":{"allow":["GET"]}}],"collection":[{"href":"https:\/\/www.europesays.com\/no\/wp-json\/wp\/v2\/posts"}],"about":[{"href":"https:\/\/www.europesays.com\/no\/wp-json\/wp\/v2\/types\/post"}],"author":[{"embeddable":true,"href":"https:\/\/www.europesays.com\/no\/wp-json\/wp\/v2\/users\/2"}],"replies":[{"embeddable":true,"href":"https:\/\/www.europesays.com\/no\/wp-json\/wp\/v2\/comments?post=93423"}],"version-history":[{"count":0,"href":"https:\/\/www.europesays.com\/no\/wp-json\/wp\/v2\/posts\/93423\/revisions"}],"wp:featuredmedia":[{"embeddable":true,"href":"https:\/\/www.europesays.com\/no\/wp-json\/wp\/v2\/media\/93424"}],"wp:attachment":[{"href":"https:\/\/www.europesays.com\/no\/wp-json\/wp\/v2\/media?parent=93423"}],"wp:term":[{"taxonomy":"category","embeddable":true,"href":"https:\/\/www.europesays.com\/no\/wp-json\/wp\/v2\/categories?post=93423"},{"taxonomy":"post_tag","embeddable":true,"href":"https:\/\/www.europesays.com\/no\/wp-json\/wp\/v2\/tags?post=93423"}],"curies":[{"name":"wp","href":"https:\/\/api.w.org\/{rel}","templated":true}]}}