{"id":93426,"date":"2025-11-22T04:23:06","date_gmt":"2025-11-22T04:23:06","guid":{"rendered":"https:\/\/www.europesays.com\/no\/93426\/"},"modified":"2025-11-22T04:23:06","modified_gmt":"2025-11-22T04:23:06","slug":"skiskyting-nye-kriterier-for-uttak-problematisk-mener-treneren","status":"publish","type":"post","link":"https:\/\/www.europesays.com\/no\/93426\/","title":{"rendered":"Skiskyting: Nye kriterier for uttak: \u2013 Problematisk, mener treneren"},"content":{"rendered":"\n<p class=\"_lead_o9xde_2 _lead_xtcu6_50 layout-component text-serif-m layout-normal text-serif-l layout-component layout-wide layout-padded _wide_17hqh_1 layout-padded\">Skiskytterne er glade for \u00e5 ha f\u00e5tt gjennom endringer i uttakskriteriene etter en turbulent sesong. Trener Siegfried Mazet er ikke like forn\u00f8yd.<\/p>\n<p><img alt=\"Vetle Sj\u00e5stad Christiansen (venstre) hadde sine feider med landslagsledelsen sist sesong. Skytetrener Siegfried Mazet til h\u00f8yre. Foto: Heiko Junge \/ NTB\" class=\"_image_qp4xg_65 layout-component layout-wide\" data-fullscreen- data-track-element-type=\"Article image fullscreen\" data-track-name=\"ImageFullscreen\" fetchpriority=\"high\" decoding=\"sync\" loading=\"eager\" height=\"3433\" itemprop=\"image\"  src=\"https:\/\/www.europesays.com\/no\/wp-content\/uploads\/2025\/11\/1781a816-fbf4-43ef-95ee-a1a62d7f790d\"  style=\"object-position:0% 0%\" width=\"5150\"\/>Vetle Sj\u00e5stad Christiansen (venstre) hadde sine feider med landslagsledelsen sist sesong. Skytetrener Siegfried Mazet til h\u00f8yre. Foto: Heiko Junge \/ NTB<\/p>\n<ul aria-hidden=\"true\" class=\"_images_18f0k_111\">\n<li><a class=\"_link_18f0k_116\" href=\"https:\/\/www.vg.no\/forfatter\/jens-friberg\" style=\"z-index:1\" title=\"Jens Friberg\" rel=\"nofollow noopener\" target=\"_blank\"><img alt=\"Bilde av Jens Friberg\" class=\"_image_18f0k_93\" fetchpriority=\"low\" loading=\"lazy\" decoding=\"async\" itemprop=\"image\"  src=\"https:\/\/www.europesays.com\/no\/wp-content\/uploads\/2025\/11\/1763785386_246_d5a4433c-4b68-4c86-a3bf-a19d98457272\"  width=\"480\"\/><\/a><\/li>\n<\/ul>\n<p>Rapporterer fra Geilo Oppdatert l\u00f8rdag 22. november kl. 04:41    <\/p>\n<ul class=\"_list_o9xde_3 _list_64s2r_85 _unordered_o9xde_106 text-sans-m\">\n<li class=\"_item_o9xde_30\">Skiskytterne er forn\u00f8yd med nye uttakskriterier etter en turbulent sesong.<\/li>\n<li class=\"_item_o9xde_30\">Trener Siegfried Mazet mener de nye reglene gir mindre handlingsrom.<\/li>\n<li class=\"_item_o9xde_30\">Vetle Sj\u00e5stad Christiansen st\u00f8tter endringene p\u00e5 grunn av tidligere d\u00e5rlig kommunikasjon.<\/li>\n<li class=\"_item_o9xde_30\">Sportssjef Per Arne Botnan sier intensjonen er \u00e5 skape mer forutsigbarhet.<\/li>\n<\/ul>\n<p>Vis mer <\/p>\n<p class=\"_paragraph_o9xde_4 _paragraph_xtcu6_10 layout-component text-serif-m layout-normal text-serif-m layout-padded\">Den franske treneren holder fram hendene for \u00e5 signalisere at han er bundet.<\/p>\n<p class=\"_paragraph_o9xde_4 _paragraph_xtcu6_10 layout-component text-serif-m layout-normal text-serif-m layout-padded\">For <a href=\"https:\/\/skiskyting.no\/wp-content\/uploads\/2025\/10\/Uttakskriterier-representasjon-25-26-v2.pdf\" class=\"_link_o9xde_39\" rel=\"nofollow noopener\" target=\"_blank\">de nye uttakskriteriene<\/a> for 2025\/26-sesongen er mer spesifisert enn f\u00f8r.<\/p>\n<p class=\"_paragraph_o9xde_4 _paragraph_xtcu6_10 layout-component text-serif-m layout-normal text-serif-m layout-padded\">Det betyr if\u00f8lge Mazet at det er mer svart-hvitt hvem som blir tatt ut til ulike verdenscuprenn.<\/p>\n<p class=\"_paragraph_o9xde_4 _paragraph_xtcu6_10 layout-component text-serif-m layout-normal text-serif-m layout-padded\">Topp fire i verdenscupen gis automatisk plass, gitt at de er innenfor topp 15. Det betyr if\u00f8lge Mazet at trenerne har mindre handlingsrom der det er jevnt mellom ut\u00f8vere som kjemper om en plass.<\/p>\n<p class=\"_paragraph_o9xde_4 _paragraph_xtcu6_10 layout-component text-serif-m layout-normal text-serif-m layout-padded\">\u2013 Det er problematisk, oppsummerer den franske treneren overfor VG.<\/p>\n<p class=\"_paragraph_o9xde_4 _paragraph_xtcu6_10 layout-component text-serif-m layout-normal text-serif-m layout-padded\">For \u00f8vrig heter det i de nye kriteriene: \u00abAvgj\u00f8relse om uttak kan ikke p\u00e5klages.\u00bb<\/p>\n<p class=\"_paragraph_o9xde_4 _paragraph_xtcu6_10 layout-component text-serif-m layout-normal text-serif-m layout-padded\">Nettopp p\u00e5klaging fant sted forrige sesong. <\/p>\n<p class=\"_paragraph_o9xde_4 _paragraph_xtcu6_10 layout-component text-serif-m layout-normal text-serif-m layout-padded\">Spesielt <a href=\"https:\/\/www.vg.no\/tag\/vetle-sjaastad-christiansen?utm_source=vg-article&amp;utm_medium=auto-tagger&amp;utm_campaign=nykqzL\" class=\"_link_o9xde_39\" rel=\"nofollow noopener\" target=\"_blank\">Vetle Sj\u00e5stad Christiansen<\/a> ga klar beskjed om det han mente var uryddig kommunikasjon, ja, tjenestefors\u00f8mmelse var blant ordene han brukte.<\/p>\n<p class=\"_paragraph_o9xde_4 _paragraph_xtcu6_10 layout-component text-serif-m layout-normal text-serif-m layout-padded\">I tillegg mente han at de norske ut\u00f8verne slet seg i hjel i konkurranse med hverandre. <\/p>\n<p class=\"_paragraph_o9xde_4 _paragraph_xtcu6_10 layout-component text-serif-m layout-normal text-serif-m layout-padded\">S\u00e5 t\u00f8ff er kampen om \u00e5 i det hele tatt f\u00e5 stille til start, siden niv\u00e5et p\u00e5 herresiden er s\u00e5 h\u00f8yt.<\/p>\n<p class=\"_paragraph_o9xde_4 _paragraph_xtcu6_10 layout-component text-serif-m layout-normal text-serif-m layout-padded\">\u2013 Vi har v\u00e6rt ganske harde p\u00e5 at vi trenger forutsigbarhet og t\u00e5lmodighet. Vi kan ikke kj\u00f8re oss i senk allerede fra sesong\u00e5pningen, sier Sj\u00e5stad Christiansen p\u00e5 Geilo.<\/p>\n<p class=\"_paragraph_o9xde_4 _paragraph_xtcu6_10 layout-component text-serif-m layout-normal text-serif-m layout-padded\">Han sier han ikke har v\u00e6rt forn\u00f8yd med argumentasjonen fra ledelsen tidligere, men roser dem for \u00e5 ha mottatt budskapet.<\/p>\n<p class=\"_paragraph_o9xde_4 _paragraph_xtcu6_10 layout-component text-serif-m layout-normal text-serif-m layout-padded\">\u2013 Jeg er i utgangspunktet helt enig med Siegfried (i at det er problematisk). Jeg skulle \u00f8nske at det kun var skj\u00f8nn (som avgjorde uttak). Men s\u00e5 har vi sett at skj\u00f8nn, det funker ikke. Vi har sett at det brukes i hytt og gev\u00e6r. <\/p>\n<p class=\"_paragraph_o9xde_4 _paragraph_xtcu6_10 layout-component text-serif-m layout-normal text-serif-m layout-padded\"><strong class=\"_strong_o9xde_25\">\u2013 Det er det vi er blitt s\u00e5 irritert over, sier Vetle Sj\u00e5stad Christiansen.<\/strong><\/p>\n<p class=\"_paragraph_o9xde_4 _paragraph_xtcu6_10 layout-component text-serif-m layout-normal text-serif-m layout-padded\">Herreut\u00f8verne er samstemte i at endringene er positive.<\/p>\n<p class=\"_paragraph_o9xde_4 _paragraph_xtcu6_10 layout-component text-serif-m layout-normal text-serif-m layout-padded\">\u2013 Vi har snakket ganske mye om det. Om hvordan hver enkelt vil at uttak skal gj\u00f8res, og beskjeder skal gis. S\u00e5 f\u00e5r man h\u00e5pe at ting blir gjort p\u00e5 en bra m\u00e5te, sier Martin Uldal. <\/p>\n<p class=\"_paragraph_o9xde_4 _paragraph_xtcu6_10 layout-component text-serif-m layout-normal text-serif-m layout-padded\">\u2013 Det har v\u00e6rt mye, kall det d\u00e5rlig kommunikasjon, rundt uttak. N\u00e5 har vi f\u00e5tt ryddet opp i det. Det er mye enklere for alle, sier Sturla Holm L\u00e6greid. <\/p>\n<p class=\"_paragraph_o9xde_4 _paragraph_xtcu6_10 layout-component text-serif-m layout-normal text-serif-m layout-padded\">Sportssjef Per Arne Botnan sier det i utgangspunktet ikke er s\u00e5 stor endring i kriteriene.<\/p>\n<p class=\"_paragraph_o9xde_4 _paragraph_xtcu6_10 layout-component text-serif-m layout-normal text-serif-m layout-padded\">\u2013 Den eneste endringen er at det er et begrenset antall (\u00e5pne plasser). Vi har sagt at de fire beste i verdenscup til enhver tid er garantert til neste verdenscup. <\/p>\n<p class=\"_paragraph_o9xde_4 _paragraph_xtcu6_10 layout-component text-serif-m layout-normal text-serif-m layout-padded\">\u2013 Og s\u00e5 er det mer spesifisert hvilke konkurranser som gjelder.<\/p>\n<p><img decoding=\"async\" alt=\"Bilde av Per Arne Botnan\" class=\"_image_ygndg_42\" height=\"26\" itemprop=\"image\" loading=\"lazy\"  src=\"https:\/\/www.europesays.com\/no\/wp-content\/uploads\/2025\/11\/f932b36f-3029-4e3f-ac62-d4b4cedb8831\"  width=\"40\"\/><strong class=\"_name_ygndg_51 title-serif-xs\">Per Arne Botnan<\/strong><\/p>\n<p class=\"_paragraph_o9xde_4 text-sans-m _description_ygndg_56\">Sportssjef i skiskytterforbundet<\/p>\n<p class=\"_paragraph_o9xde_4 _paragraph_xtcu6_10 layout-component text-serif-m layout-normal text-serif-m layout-padded\">Intensjonen har v\u00e6rt \u00e5 skape mer forutsigbarhet for de aller beste. <\/p>\n<p class=\"_paragraph_o9xde_4 _paragraph_xtcu6_10 layout-component text-serif-m layout-normal text-serif-m layout-padded\">\u2013 Jo mer du spikrer, jo mer l\u00e5ser du og jo mindre rom har du. Men i verdenscup har du de to plassene (ekstra)de to plassene (ekstra)De beste nasjonene har st\u00f8rre kvote i skiskyting. P\u00e5 herresiden betyr det at Norge har seks plasser til disposisjon i ordin\u00e6re verdenscuprenn. I OL er kvoten bare p\u00e5 fire. \u00e5 vurdere p\u00e5, sier Botnan. <\/p>\n<p class=\"_paragraph_o9xde_4 _paragraph_xtcu6_10 layout-component text-serif-m layout-normal text-serif-m layout-padded\">For OL heter det at uttaket baseres p\u00e5 resultater i de fem f\u00f8rste verdenscuphelger, alts\u00e5 til og med Ruhpolding i midten av januar. <\/p>\n<p class=\"_paragraph_o9xde_4 _paragraph_xtcu6_10 layout-component text-serif-m layout-normal text-serif-m layout-padded\">Der Norge p\u00e5 herresiden vil ha seks plasser til disposisjon i verdenscupen, er antall i OL kun fire.<\/p>\n","protected":false},"excerpt":{"rendered":"Skiskytterne er glade for \u00e5 ha f\u00e5tt gjennom endringer i uttakskriteriene etter en turbulent sesong. Trener Siegfried Mazet&hellip;\n","protected":false},"author":2,"featured_media":93427,"comment_status":"","ping_status":"","sticky":false,"template":"","format":"standard","meta":{"footnotes":""},"categories":[59],"tags":[30,28,29,769,83,82,678],"class_list":{"0":"post-93426","1":"post","2":"type-post","3":"status-publish","4":"format-standard","5":"has-post-thumbnail","7":"category-sport","8":"tag-no","9":"tag-norge","10":"tag-norway","11":"tag-skiskyting","12":"tag-sport","13":"tag-sports","14":"tag-vetle-sjastad-christiansen"},"share_on_mastodon":{"url":"https:\/\/pubeurope.com\/@no\/115591446938294155","error":""},"_links":{"self":[{"href":"https:\/\/www.europesays.com\/no\/wp-json\/wp\/v2\/posts\/93426","targetHints":{"allow":["GET"]}}],"collection":[{"href":"https:\/\/www.europesays.com\/no\/wp-json\/wp\/v2\/posts"}],"about":[{"href":"https:\/\/www.europesays.com\/no\/wp-json\/wp\/v2\/types\/post"}],"author":[{"embeddable":true,"href":"https:\/\/www.europesays.com\/no\/wp-json\/wp\/v2\/users\/2"}],"replies":[{"embeddable":true,"href":"https:\/\/www.europesays.com\/no\/wp-json\/wp\/v2\/comments?post=93426"}],"version-history":[{"count":0,"href":"https:\/\/www.europesays.com\/no\/wp-json\/wp\/v2\/posts\/93426\/revisions"}],"wp:featuredmedia":[{"embeddable":true,"href":"https:\/\/www.europesays.com\/no\/wp-json\/wp\/v2\/media\/93427"}],"wp:attachment":[{"href":"https:\/\/www.europesays.com\/no\/wp-json\/wp\/v2\/media?parent=93426"}],"wp:term":[{"taxonomy":"category","embeddable":true,"href":"https:\/\/www.europesays.com\/no\/wp-json\/wp\/v2\/categories?post=93426"},{"taxonomy":"post_tag","embeddable":true,"href":"https:\/\/www.europesays.com\/no\/wp-json\/wp\/v2\/tags?post=93426"}],"curies":[{"name":"wp","href":"https:\/\/api.w.org\/{rel}","templated":true}]}}