{"id":93453,"date":"2025-11-22T05:45:19","date_gmt":"2025-11-22T05:45:19","guid":{"rendered":"https:\/\/www.europesays.com\/no\/93453\/"},"modified":"2025-11-22T05:45:19","modified_gmt":"2025-11-22T05:45:19","slug":"vaer-elvia-kan-miste-strommen-i-sju-timer-med-flere-kuldegrader","status":"publish","type":"post","link":"https:\/\/www.europesays.com\/no\/93453\/","title":{"rendered":"V\u00e6r, Elvia | Kan miste str\u00f8mmen i sju timer med flere kuldegrader"},"content":{"rendered":"\n<p>Fredag har Elvia jobbet med vedlikehold p\u00e5 en nettstasjon. Alle ber\u00f8rte beboere p\u00e5 Kurland skal ha f\u00e5tt sms i forkant, og blitt varslet i god tid.<\/p>\n<p>Det hjelper lite n\u00e5r Elvia ikke tar til seg tilbakemeldinger, mener Solgaard.<\/p>\n<p>\u2013 De tar ikke menneskelige hensyn. Her blir str\u00f8mmen borte lenge, det er ned mot sju kuldegrader og de setter i gang p\u00e5 en fredag, sier han.<\/p>\n<p>Planlagt arbeid kunne like godt v\u00e6rt gjort p\u00e5 natten eller n\u00e5r gradestokken viste varmegrader. Det har han meldt ifra om, men det hjalp lite.<\/p>\n<p>F\u00e5r bare argumenter<\/p>\n<p>Solgaard kontaktet Elvia, men sier han ikke ble m\u00f8tt med forst\u00e5else.<\/p>\n<p>\u2013 De svarte p\u00e5 henvendelsen med lovparagrafer og argumenter til hvorfor de hadde lov til \u00e5 kutte str\u00f8mmen. Det hjelper ikke den gamle naboen min, sier han.<\/p>\n<p>\u2013 Dette burde v\u00e6rt l\u00f8st bedre, det er ikke lenge til det blir varmere igjen. Jeg synes ikke dette var rett m\u00e5te \u00e5 gj\u00f8re det p\u00e5, sier han.<\/p>\n<p>Kommunikasjonsr\u00e5dgiver Cecilie Gregersen i Elvia, svarer at vedlikeholdet ikke er noe utenom det vanlige. Tvert om er dette en del av normalt vedlikehold som m\u00e5 gj\u00f8res, og som av og til kan bli merkbart for str\u00f8mkunder.<\/p>\n<p>\u2013 Elvia vedlikeholder str\u00f8mnettet hele \u00e5ret, og noen ganger m\u00e5 vi koble ut str\u00f8mmen en periode for \u00e5 utbedre feil eller gj\u00f8re n\u00f8dvendig vedlikehold. V\u00e5rt str\u00f8mnett er nesten 70 000 kilometer langt, og best\u00e5r av fysiske komponenter som kan ryke eller m\u00e5 skiftes ut p\u00e5 grunn av alder eller tilstand. Da m\u00e5 vi vedlikeholde sommer som vinter, sier hun.<\/p>\n<p>For d\u00e5rlig<\/p>\n<p>Grunnen til vedlikeholdet denne gangen var at en nettstasjon m\u00e5 skiftes ut.<\/p>\n<p>\u2013 Dette er en jobb som m\u00e5 gj\u00f8res fordi tilstanden p\u00e5 nettstasjonen som st\u00e5r der i dag er for d\u00e5rlig. Hvis vi venter med \u00e5 gj\u00f8re noe, kan dette f\u00f8re til uplanlagte str\u00f8mbrudd. Alle kunder som er ber\u00f8rt av den planlagte stansen mellom 8 og 15 har f\u00e5tt varsel p\u00e5 SMS i forkant, sier Gregersen.<\/p>\n<p>N\u00e5r det gjelder kulden, er ikke denne et hinder for denne typen arbeid.<\/p>\n<p>\u2013 Hvis det er rundt 15 minusgrader eller kaldere, gj\u00f8r vi en vurdering p\u00e5 om det er forsvarlig \u00e5 ta str\u00f8mmen eller ikke. Hvis et planlagt arbeid blir ferdig f\u00f8r oppsatt tid, f\u00e5r kundene str\u00f8mmen tilbake tidligere, sier hun.<\/p>\n","protected":false},"excerpt":{"rendered":"Fredag har Elvia jobbet med vedlikehold p\u00e5 en nettstasjon. Alle ber\u00f8rte beboere p\u00e5 Kurland skal ha f\u00e5tt sms&hellip;\n","protected":false},"author":2,"featured_media":93454,"comment_status":"","ping_status":"","sticky":false,"template":"","format":"standard","meta":{"footnotes":""},"categories":[10],"tags":[36,20,21,6282,24,25,15,22,23,13,30,28,29,14,16,1510,243,26,27,553],"class_list":{"0":"post-93453","1":"post","2":"type-post","3":"status-publish","4":"format-standard","5":"has-post-thumbnail","7":"category-norge","8":"tag-art","9":"tag-breaking-news","10":"tag-breakingnews","11":"tag-elvia","12":"tag-featured-news","13":"tag-featurednews","14":"tag-headlines","15":"tag-latest-news","16":"tag-latestnews","17":"tag-news","18":"tag-no","19":"tag-norge","20":"tag-norway","21":"tag-nyheter","22":"tag-overskrifter","23":"tag-story","24":"tag-strom","25":"tag-top-stories","26":"tag-topstories","27":"tag-vaer"},"share_on_mastodon":{"url":"https:\/\/pubeurope.com\/@no\/115591769375021030","error":""},"_links":{"self":[{"href":"https:\/\/www.europesays.com\/no\/wp-json\/wp\/v2\/posts\/93453","targetHints":{"allow":["GET"]}}],"collection":[{"href":"https:\/\/www.europesays.com\/no\/wp-json\/wp\/v2\/posts"}],"about":[{"href":"https:\/\/www.europesays.com\/no\/wp-json\/wp\/v2\/types\/post"}],"author":[{"embeddable":true,"href":"https:\/\/www.europesays.com\/no\/wp-json\/wp\/v2\/users\/2"}],"replies":[{"embeddable":true,"href":"https:\/\/www.europesays.com\/no\/wp-json\/wp\/v2\/comments?post=93453"}],"version-history":[{"count":0,"href":"https:\/\/www.europesays.com\/no\/wp-json\/wp\/v2\/posts\/93453\/revisions"}],"wp:featuredmedia":[{"embeddable":true,"href":"https:\/\/www.europesays.com\/no\/wp-json\/wp\/v2\/media\/93454"}],"wp:attachment":[{"href":"https:\/\/www.europesays.com\/no\/wp-json\/wp\/v2\/media?parent=93453"}],"wp:term":[{"taxonomy":"category","embeddable":true,"href":"https:\/\/www.europesays.com\/no\/wp-json\/wp\/v2\/categories?post=93453"},{"taxonomy":"post_tag","embeddable":true,"href":"https:\/\/www.europesays.com\/no\/wp-json\/wp\/v2\/tags?post=93453"}],"curies":[{"name":"wp","href":"https:\/\/api.w.org\/{rel}","templated":true}]}}