{"id":93457,"date":"2025-11-22T05:50:29","date_gmt":"2025-11-22T05:50:29","guid":{"rendered":"https:\/\/www.europesays.com\/no\/93457\/"},"modified":"2025-11-22T05:50:29","modified_gmt":"2025-11-22T05:50:29","slug":"priskrig-smor-priskrigen-kutter-smorprisen-igjen-2","status":"publish","type":"post","link":"https:\/\/www.europesays.com\/no\/93457\/","title":{"rendered":"Priskrig, Sm\u00f8r | Priskrigen: Kutter sm\u00f8rprisen igjen"},"content":{"rendered":"<p> (<a href=\"https:\/\/www.nettavisen.no\" rel=\"nofollow noopener\" target=\"_blank\">Nettavisen<\/a>) <\/p>\n<p>For andre dag p\u00e5 rad blir det kutt i prisen p\u00e5 meierism\u00f8r.<\/p>\n<p>Torsdag kveld valgte Rema 1000 \u00e5 kutte sm\u00f8rprisen fra 59,90 til 44,90. Kiwi og Extra har fulgt etter.<\/p>\n<p>Men fredag formiddag skjedde det igjen. Rema 1000 kuttet sm\u00f8rprisen til 39,90.<\/p>\n<p><b>Les ogs\u00e5: <\/b><a href=\"https:\/\/www.nettavisen.no\/okonomi\/priskrigen-hos-rema-kiwi-og-extra-dyrere-na-billigere-i-fjor\/s\/5-95-2739940\" rel=\"Follow nofollow noopener\" target=\"_blank\">Priskrigen: Dyrere n\u00e5 enn i fjor<\/a><\/p>\n<p>Overrasket<\/p>\n<p>Det overrasket en Rema 1000-kunde som sendte bilde av sm\u00f8rprisen til Nettavisen.<\/p>\n<p>\u2013 Det er rart de slipper en pris p\u00e5 44,90.- og prisen er en helt annen lokalt, sier kunden som \u00f8nske r\u00e5 v\u00e6re anonym.<\/p>\n<p>   <img decoding=\"async\" width=\"1536\" height=\"1152\" fetchpriority=\"low\"  loading=\"lazy\"  src=\"https:\/\/www.europesays.com\/no\/wp-content\/uploads\/2025\/11\/att.rA6u65GofMMyUowzM5SrAKRlsykXnvra0nreSz7fhRo.jpg\" alt=\"\" class=\"brick-c-cFOWSL\" style=\"--brick-image-ratio: 1536 \/ 1152;\"\/><\/p>\n<p>      SM\u00d8R-KUTT: Etter to priskutt er n\u00e5 sm\u00f8ret 20 kroner billigere enn det var torsdag morgen.<br \/>\n      Foto: Privat\n    <\/p>\n<p>Men prisen p\u00e5 39,90 er slettes ikke lokal, den gjelder over hele landet, f\u00e5r Nettavisen bekreftet fra Rema 1000 sentralt.<\/p>\n<p>\u2013 Vi har gjort store og brede kutt p\u00e5 en rekke varer, blant annet p\u00e5 sm\u00f8r, noe vi vet at v\u00e5re kunder setter pris p\u00e5., sier prisdirekt\u00f8r Pia Mellebye.<\/p>\n<p>F\u00f8lger etter<\/p>\n<p>Nettavisen har ogs\u00e5 spurt Extra og Kiwi om de har kuttet sm\u00f8rprisen.<\/p>\n<p>\u2013 Selvsagt! Vi skal v\u00e6re billigste, sier kommunikasjonssjef i Kiwi, Nora Helgesen.<\/p>\n<p>Det vil si har alle samme pris, s\u00e5 ingen er billigst, bare like billige.<\/p>\n<p><b>Les ogs\u00e5: <\/b><a href=\"https:\/\/www.nettavisen.no\/okonomi\/karer-norges-beste-pinnekjott-i-nm\/s\/5-95-2710049\" rel=\"Follow nofollow noopener\" target=\"_blank\">Vant NM i pinnekj\u00f8tt: Harskt, t\u00f8rt og halleluja<\/a><\/p>\n<p>\u2013 Vi f\u00f8lger selvsagt alle kutt, sier kommunikasjonsdirekt\u00f8r i Extra, Harald Kristiansen.<\/p>\n<p>Fornuftig priskrig<\/p>\n<p>Rema-kunden som fant sm\u00f8ret til enda lavere pris enn forventet er forn\u00f8yd med priskrig i butikkene.<\/p>\n<p><b>Les ogs\u00e5: <\/b><a href=\"https:\/\/www.nettavisen.no\/okonomi\/setter-rekord-i-priskrigen-selger-5-millioner-pepperkake-bokser\/s\/5-95-2737927\" rel=\"Follow nofollow noopener\" target=\"_blank\">Setter pepperkake-rekord i priskrigen<\/a><\/p>\n<p>\u2013 Jeg synes priskrig er fint, s\u00e5 lenge det er p\u00e5 et fornuftig niv\u00e5. For eksempel i fjor var alle butikker tomme for nonstop i begynnelsen av desember, og de fikk det jo ikke tilbake f\u00f8r \u00abpepperkake-bake-sesongen\u00bb var over, sier Rema-kunden til Nettavisen.<\/p>\n","protected":false},"excerpt":{"rendered":"(Nettavisen) For andre dag p\u00e5 rad blir det kutt i prisen p\u00e5 meierism\u00f8r. Torsdag kveld valgte Rema 1000&hellip;\n","protected":false},"author":2,"featured_media":93097,"comment_status":"","ping_status":"","sticky":false,"template":"","format":"standard","meta":{"footnotes":""},"categories":[56],"tags":[36,60,1749,824,1332,61,7558,823,2352,62,30,28,29,572,7636,1394,1682,1510,1347],"class_list":{"0":"post-93457","1":"post","2":"type-post","3":"status-publish","4":"format-standard","5":"has-post-thumbnail","7":"category-naeringsliv","8":"tag-art","9":"tag-business","10":"tag-coop","11":"tag-dagligvare","12":"tag-dagligvarer","13":"tag-economy","14":"tag-extra","15":"tag-forbruker","16":"tag-kiwi","17":"tag-naeringsliv","18":"tag-no","19":"tag-norge","20":"tag-norway","21":"tag-okonomi","22":"tag-priskrig","23":"tag-rema-1000","24":"tag-smor","25":"tag-story","26":"tag-tine"},"share_on_mastodon":{"url":"https:\/\/pubeurope.com\/@no\/115591788991062679","error":""},"_links":{"self":[{"href":"https:\/\/www.europesays.com\/no\/wp-json\/wp\/v2\/posts\/93457","targetHints":{"allow":["GET"]}}],"collection":[{"href":"https:\/\/www.europesays.com\/no\/wp-json\/wp\/v2\/posts"}],"about":[{"href":"https:\/\/www.europesays.com\/no\/wp-json\/wp\/v2\/types\/post"}],"author":[{"embeddable":true,"href":"https:\/\/www.europesays.com\/no\/wp-json\/wp\/v2\/users\/2"}],"replies":[{"embeddable":true,"href":"https:\/\/www.europesays.com\/no\/wp-json\/wp\/v2\/comments?post=93457"}],"version-history":[{"count":0,"href":"https:\/\/www.europesays.com\/no\/wp-json\/wp\/v2\/posts\/93457\/revisions"}],"wp:featuredmedia":[{"embeddable":true,"href":"https:\/\/www.europesays.com\/no\/wp-json\/wp\/v2\/media\/93097"}],"wp:attachment":[{"href":"https:\/\/www.europesays.com\/no\/wp-json\/wp\/v2\/media?parent=93457"}],"wp:term":[{"taxonomy":"category","embeddable":true,"href":"https:\/\/www.europesays.com\/no\/wp-json\/wp\/v2\/categories?post=93457"},{"taxonomy":"post_tag","embeddable":true,"href":"https:\/\/www.europesays.com\/no\/wp-json\/wp\/v2\/tags?post=93457"}],"curies":[{"name":"wp","href":"https:\/\/api.w.org\/{rel}","templated":true}]}}