{"id":93461,"date":"2025-11-22T05:54:15","date_gmt":"2025-11-22T05:54:15","guid":{"rendered":"https:\/\/www.europesays.com\/no\/93461\/"},"modified":"2025-11-22T05:54:15","modified_gmt":"2025-11-22T05:54:15","slug":"sport-fotball-ole-petter-28-om-det-forste-aret-i-haugesund-det-har-vaert-et-eventyr","status":"publish","type":"post","link":"https:\/\/www.europesays.com\/no\/93461\/","title":{"rendered":"Sport, Fotball | Ole Petter (28) om det f\u00f8rste \u00e5ret i Haugesund: \u2013 Det har v\u00e6rt et eventyr"},"content":{"rendered":"\n<p><b>FOTBALL:<\/b> Det var ikke mange p\u00e5 Haugalandet som hadde h\u00f8rt om Ole Petter Pedersen Bremstein da han i september i fjor ble hentet inn til trenerteamet rundt FKHs damelag. Han kom fra jobben som hovedtrener for LSK Kvinners rekruttlag.<\/p>\n<p>I FKH var han tiltenkt rollen som assistenttrener i 2025.<\/p>\n<p>Slik gikk det ikke. Bremstein begeistret fra f\u00f8rste stund i FKH. Etter en imponerende avslutning p\u00e5 2024-sesongen, da han ledet damelaget sammen med Per \u00d8yvind Mortveit, fikk han hovedrollen i 2025. Og har s\u00e5 langt levert til toppkarakter.<\/p>\n<p>P\u00e5 f\u00f8rste fors\u00f8k har han f\u00f8rt FKHs damelag til Toppserien. Overraskende for de fleste, for ikke \u00e5 si alle. I tillegg har laget hans sjarmert med offensiv og sjanseskapende fotball.<\/p>\n<p>Tidligere denne uken ble han <a href=\"https:\/\/www.h-avis.no\/karet-til-arets-trener\/s\/5-62-1951828\" rel=\"Follow nofollow noopener\" target=\"_blank\">k\u00e5ret til \u00e5rets trener i 1. divisjon.<\/a><\/p>\n<p>Selv prater den sindige nordlendingen sjelden i store bokstaver. Han tar \u00e9n kamp om gangen og fokuserer p\u00e5 de daglige arbeidsoppgavene. Men n\u00e5r Haugesunds Avis i november 2025 sp\u00f8r hvordan det f\u00f8rste dr\u00f8ye \u00e5ret i Haugesund har v\u00e6rt, kliner han til:<\/p>\n<p><b>\u2013 Det har v\u00e6rt et eventyr. <\/b><\/p>\n<p>M\u00e5tte l\u00e5ne fiskestang \u2026<\/p>\n<p>Ole Petter Pedersen Bremstein sitter hjemme i sofakroken p\u00e5 Gard og konstaterer at han har vunnet mer enn fotballmatcher i 2025.<\/p>\n<p>Han sitter h\u00e5nd i h\u00e5nd med Tone Gregersen Bua.<\/p>\n<p><b>\u2013 Tinder, vet du, gliser FKH-treneren.<\/b><\/p>\n<p>Det var i februar Tone og Ole Petter matchet p\u00e5 verdens mest popul\u00e6re datingapp.<\/p>\n<p><b>\u2013 Som fotballtrener har du ikke mye tid til \u00e5 l\u00f8pe p\u00e5 byen og treffe andre mennesker. S\u00e5 det m\u00e5tte bli Tinder, sier Bremstein.<\/b><\/p>\n<p>Det startet med en tur i Djupadalen. I p\u00f8sende regn.<\/p>\n<p><b>\u2013 Han lurte meg nok litt. Ole Petter liker egentlig ikke \u00e5 g\u00e5 tur, smiler Tone.<\/b><\/p>\n<p>Alt for damene.<\/p>\n<p>S\u00e5 inviterte Ole Petter henne med p\u00e5 fisketur (!). Til Bakar\u00f8yna.<\/p>\n<p><b>\u2013 Jeg hadde faktisk ikke fiskestang. M\u00e5tte l\u00e5ne av Johannes (assistenttreneren i FKH). S\u00e5 jeg la ned en innsats. Men vi fikk ikke fisk, r\u00f8per Bremstein.<\/b><\/p>\n<p>Og legger til at det ikke var s\u00e5 viktig akkurat der og da. Han var i ferd med \u00e5 f\u00e5 Tone p\u00e5 kroken.<\/p>\n<p>   <img decoding=\"async\" width=\"3994\" height=\"2947\" fetchpriority=\"low\"  loading=\"lazy\"  src=\"https:\/\/www.europesays.com\/no\/wp-content\/uploads\/2025\/11\/OPhjemmepizza.jpg\" alt=\"\" class=\"brick-c-cFOWSL\" style=\"--brick-image-ratio: 3994 \/ 2947;\"\/><\/p>\n<p>      KJ\u00d8KKENSJEF: Ole Petter trives p\u00e5 kj\u00f8kkenet. Her i gang med sin spesialitet, pizza. Til Tones store forn\u00f8yelse.<br \/>\n      Foto: Odd K\u00e5re Gr\u00f8ttland\n    <\/p>\n<p>  Ble kj\u00e6rester i avis\u00e5<\/p>\n<p>Offisielt ble de kj\u00e6rester 14. juni. Da OP, som de fleste kaller ham, sa til Haugesunds Avis etter hjemmekampen mot Arna-Bj\u00f8rnar at han skulle feire seieren med en rolig l\u00f8rdagskveld hjemme med kj\u00e6resten.<\/p>\n<p><b>\u2013 Etter det kunne jeg ikke fortsette \u00e5 si til familie og venner at vi bare var venner, smiler Tone.<\/b><\/p>\n<p>\u2013 Hva var det du falt for?<\/p>\n<p><b>\u2013 Ole Petter er en trivelig type. Jeg liker at han er rolig. For meg som kanskje tenker litt for mye p\u00e5 alle mulige scenarioer og konsekvenser, kjennes det trygt \u00e5 v\u00e6re sammen med en rolig person. Ole Petter tar et valg og gjennomf\u00f8rer det. Og s\u00e5 liker han \u00e5 lage mat. Det passer bra, for jeg er ikke s\u00e5 glad i det. Han er spesielt god p\u00e5 pizza.<\/b><\/p>\n<p>Tone Gregersen Buas familie stammer fra Buav\u00e5g i Sveio. Selv er hun oppvokst p\u00e5 Bleikemyr i Haugesund.<\/p>\n<p>Hun er utdannet sivilingeni\u00f8r fra Trondheim og har de to siste \u00e5rene jobbet som ingeni\u00f8r hos Aibel i Haugesund.<\/p>\n<p>Hun har aldri v\u00e6rt spesielt interessert i fotball.<\/p>\n<p><b>\u2013 Men jeg var p\u00e5 de fleste hjemmekampene til FKHs damelag i \u00e5r. Og der har jeg f\u00e5tt se en litt mer engasjert og temperamentsfull Ole Petter enn jeg er vant til, smiler hun.<\/b><\/p>\n<p>   <img decoding=\"async\" width=\"4709\" height=\"3140\" fetchpriority=\"low\"  loading=\"lazy\"  src=\"https:\/\/www.europesays.com\/no\/wp-content\/uploads\/2025\/11\/bh251004FKHOdd1omgang3539.jpg\" alt=\"251004 FKH - Odd &#10;Ole Petter Bremstein, FKH-trener\" class=\"brick-c-cFOWSL\" style=\"--brick-image-ratio: 4709 \/ 3140;\"\/><\/p>\n<p>      BEHERSKET: Ole Petter Bremstein etter at opprykket ble sikret hjemme mot Odd i oktober.<br \/>\n      Foto: Grethe Nygaard\n    <\/p>\n<p>  \u2013 Stolt av det han har f\u00e5tt til<\/p>\n<p>26-\u00e5ringen har naturligvis f\u00e5tt med seg at kj\u00e6resten har f\u00e5tt mye skryt for jobben han har gjort med FKHs damelag.<\/p>\n<p><b>\u2013<\/b>. <b>Jeg blir jo litt stolt over det han har f\u00e5tt til. Og det g\u00e5r helt greit \u00e5 v\u00e6re sammen med en fotballtrener. Jeg trodde det skulle bli mer fotball p\u00e5 TV. Han ser en del norske kamper, men ikke mye engelsk. Og jeg merker ikke s\u00e5 stor forskjell p\u00e5 hum\u00f8ret om laget hans har tapt eller vunnet. Men det hender han sovner p\u00e5 sofaen etter kampene. Jeg merker at han er sliten, sier Tone.<\/b><\/p>\n<p><b>\u2013 Jeg er veldig mentalt p\u00e5 f\u00f8r og under kamp. Det er utmattende, unnskylder OP seg.<\/b><\/p>\n<p>\u2013 Hva har Tone betydd for deg?<\/p>\n<p><b>\u2013 Mye. Jeg er veldig opptatt av at det er mye kjekkere \u00e5 f\u00e5 til ting sammen med andre. \u00c5 komme hjem til Tone etter en t\u00f8ff dag p\u00e5 trening, der kanskje ikke alt gikk som planlagt, og prate om noe helt annet enn fotball. Det tror jeg er veldig sunt. Tone er veldig kjekk \u00e5 v\u00e6re sammen med. Der er alltid smil og latter. Vi g\u00e5r veldig godt overens og jeg kjenner veldig p\u00e5 at jeg savner henne n\u00e5r hun ikke er hjemme. S\u00e5 er vi litt motsetninger. Det passer meg bra. Og hun er flink til \u00e5 dra meg ut p\u00e5 ting, sier FKH-treneren.<\/b><\/p>\n<p>   <img decoding=\"async\" width=\"3916\" height=\"2816\" fetchpriority=\"low\"  loading=\"lazy\"  src=\"https:\/\/www.europesays.com\/no\/wp-content\/uploads\/2025\/11\/OPhjemmekatt.jpg\" alt=\"\" class=\"brick-c-cFOWSL\" style=\"--brick-image-ratio: 3916 \/ 2816;\"\/><\/p>\n<p>      HELE FAMILIEN: Ole Petter og Tone sammen med rasekatten Milly.<br \/>\n      Foto: Odd K\u00e5re Gr\u00f8ttland\n    <\/p>\n<p>  Leilighet, hus \u2013 og katt<\/p>\n<p>Han har bodd p\u00e5 Kolnes siden han flyttet fra \u00d8stlandet tidlig i fjor h\u00f8st. Helt til nylig.<\/p>\n<p><b>\u2013 Jeg har kj\u00f8pt meg leilighet i Strandgata i Haugesund sentrum. Tone har kj\u00f8pt dette huset p\u00e5 Gard. N\u00e5 skal vi bo en periode i leiligheten mens vi pusser opp huset. S\u00e5 er planen \u00e5 flytte inn hit permanent, sier Bremstein, mens en gr\u00e5 katt melder seg p\u00e5 i kosekroken i sofaen.<\/b><\/p>\n<p><b>\u2013 En rasekatt. Britisk korth\u00e5r. Kj\u00f8pt p\u00e5 Hommers\u00e5k. Mitt initiativ. Den heter Milly, sier OP.<\/b><\/p>\n<p>Han legger ikke skjul p\u00e5 at han trives veldig godt i Haugesund.<\/p>\n<p><b>\u2013 Det er en grunn til at jeg har kj\u00f8pt leilighet. Det f\u00f8les veldig naturlig for meg \u00e5 v\u00e6re her. I en kystby med frisk sj\u00f8luft. Med et klima jeg er vant til med fra oppveksten p\u00e5 Vega. Og selv om jeg ikke er s\u00e5 glad i \u00e5 g\u00e5 tur, er jeg glad i natur. Den gir meg en fin ro, sier 28-\u00e5ringen.<\/b><\/p>\n<p>   <img decoding=\"async\" width=\"3362\" height=\"2210\" fetchpriority=\"low\"  loading=\"lazy\"  src=\"https:\/\/www.europesays.com\/no\/wp-content\/uploads\/2025\/11\/FKHdamertrenere25.jpg\" alt=\"\" class=\"brick-c-cFOWSL\" style=\"--brick-image-ratio: 3362 \/ 2210;\"\/><\/p>\n<p>      BREMSTEIN OG ASSISTENTEN: Johannes Kvammen Kallevik har v\u00e6rt en viktig st\u00f8ttespiller i \u00e5rets sesong.<br \/>\n      Foto: Odd K\u00e5re Gr\u00f8ttland\n    <\/p>\n<p>  \u2013 Snudd litt om oppe i hodene<\/p>\n<p>N\u00e5 kan han snart nyte en dr\u00f8y m\u00e5neds ferie.<\/p>\n<p>Men f\u00f8rst forlanger vi en forklaring p\u00e5 suksessen med FKHs damelag. Hvilke knapper har norsk toppfotballs yngste trener trykket p\u00e5 i sin f\u00f8rste hele sesong som hovedtrener?<\/p>\n<p><b>\u2013 Vi har v\u00e6rt dyktige p\u00e5 \u00e5 ha jevne og gode treningsuker. Vi har n\u00f8yaktige planer for hver dag. Vi har tatt med oss det samme fysiske grunnlaget inn til hver kamp. Da er det lettere \u00e5 prestere p\u00e5 jevnt niv\u00e5. Vi har v\u00e6rt flinke p\u00e5 det vi kaller treningsperiodisering, sier fotballmannen Ole Petter Pedersen Bremstein.<\/b><\/p>\n<p>Det var den litt kjedelige biten. Neste kapittel er mer spennende.<\/p>\n<p><b>\u2013 Den aller viktigste jobben har vi gjort med kulturen. Vi har snudd litt om oppe i hodene til spillerne \u2013 hvordan vi tenker. Vi har noen ord og noen triggere vi bruker s\u00e5 mye som mulig gjennom en treningsuke. Vi skal v\u00e5ge \u00e5 v\u00e6re modige, v\u00e5ge \u00e5 v\u00e6re offensive. Heller misse noen ganger med \u00e5 v\u00e6re for offensive, i stedet for \u00e5 v\u00e6re for defensive. Det f\u00f8ler jeg vi har f\u00e5tt mye igjen for. Ikke bare i angrepsspillet, men ogs\u00e5 i forsvarsspillet. Vi har v\u00e5get \u00e5 st\u00e5 h\u00f8yere i banen, vunnet ballen h\u00f8yt og hatt kortere vei til m\u00e5l. N\u00e5r flankespilleren f\u00e5r ballen, er det aldri noe tvil om at hun skal pr\u00f8ve \u00e5 drible og komme seg forbi backen. Vi skal framover. Det er det kuleste, at vi har snudd tanken om at det er farlig \u00e5 feile, sier Bremstein, og legger til noen faglige termer om korte avstander og tydelighet.<\/b><\/p>\n<p>   <img decoding=\"async\" width=\"4032\" height=\"3024\" fetchpriority=\"low\"  loading=\"lazy\"  src=\"https:\/\/www.europesays.com\/no\/wp-content\/uploads\/2025\/11\/IMG_7630.jpg\" alt=\"\" class=\"brick-c-cFOWSL\" style=\"--brick-image-ratio: 4032 \/ 3024;\"\/><\/p>\n<p>      BREMSTEIN OG TOPPSCOREREN: Kristina Svandal har v\u00e6rt spydspissen i \u00e5rets FKH-lag.<br \/>\n      Foto: Odd K\u00e5re Gr\u00f8ttland\n    <\/p>\n<p>  Yngst i toppfotballen<\/p>\n<p>Mannen som digger \u00e5 f\u00e5 til noe sammen med andre, skryter oppriktig av samarbeidet med assistenttrener Johannes Kallevik Kvammen, for \u00f8vrig bare 26 \u00e5r gammel.<\/p>\n<p>Til sammen er de yngre enn mange trenere i norsk toppfotball.<\/p>\n<p><b>\u2013 Det synes vi er litt kult, sier Bremstein.<\/b><\/p>\n<p>Og han skryter av spillerne.<\/p>\n<p><b>\u2013 De har hele tiden hatt en viktig stemme i prosjektet v\u00e5rt. Vi har mange gode diskusjoner. En arena for stadig \u00e5 bli litt skarpere.<\/b><\/p>\n<p>Neste \u00e5r m\u00e5 alt bli skarpere. Toppserien venter.<\/p>\n<p><b>\u2013 Jeg er spent og litt usikker p\u00e5 hvor vi st\u00e5r. Men jeg tror vi skal klare \u00e5 sl\u00e5 godt fra oss i Toppserien med det laget vi \u00f8nsker \u00e5 ha p\u00e5 banen i april neste \u00e5r, sier Haugesund-fotballens st\u00f8rste matchvinner i 2025.<\/b><\/p>\n<p>Han har kontrakt med FKH ut 2027. Er han i ferd mer \u00e5 bli haugesynnar allerede?<\/p>\n<p><b>\u2013 Det er det vanskelige med fotballen. Du vet aldri hvor den f\u00f8rer deg. Akkurat n\u00e5 er jeg veldig glad for \u00e5 v\u00e6re her, sier Ole Petter Pedersen Bremstein \u2013 i sofakroken. Med Tone.<\/b><\/p>\n<p>  <a href=\"https:\/\/www.h-avis.no\/5-62-1769513\" class=\"related-teaser has-image default-story-teaser article--c-eRUmMG article--c-eRUmMG-jKCPdD-design-default\" rel=\"nofollow noopener\" target=\"_blank\"><\/p>\n<p>    <img decoding=\"async\" loading=\"lazy\"  src=\"https:\/\/www.europesays.com\/no\/wp-content\/uploads\/2025\/11\/olepetterbremstein.jpg\" alt=\"\" class=\"brick-c-cFOWSL\" style=\"\"\/><\/p>\n<p>\n            Les ogs\u00e5<\/p>\n<p>              Den nye FKH-treneren om sykdommen, det t\u00f8ffe valget og hvorfor det ble Kolnes\n        <\/p>\n<p>  <\/a><\/p>\n","protected":false},"excerpt":{"rendered":"FOTBALL: Det var ikke mange p\u00e5 Haugalandet som hadde h\u00f8rt om Ole Petter Pedersen Bremstein da han i&hellip;\n","protected":false},"author":2,"featured_media":93462,"comment_status":"","ping_status":"","sticky":false,"template":"","format":"standard","meta":{"footnotes":""},"categories":[59],"tags":[36,1839,617,92,30,28,29,83,82],"class_list":{"0":"post-93461","1":"post","2":"type-post","3":"status-publish","4":"format-standard","5":"has-post-thumbnail","7":"category-sport","8":"tag-art","9":"tag-feature","10":"tag-fkh","11":"tag-fotball","12":"tag-no","13":"tag-norge","14":"tag-norway","15":"tag-sport","16":"tag-sports"},"share_on_mastodon":{"url":"https:\/\/pubeurope.com\/@no\/115591804723566030","error":""},"_links":{"self":[{"href":"https:\/\/www.europesays.com\/no\/wp-json\/wp\/v2\/posts\/93461","targetHints":{"allow":["GET"]}}],"collection":[{"href":"https:\/\/www.europesays.com\/no\/wp-json\/wp\/v2\/posts"}],"about":[{"href":"https:\/\/www.europesays.com\/no\/wp-json\/wp\/v2\/types\/post"}],"author":[{"embeddable":true,"href":"https:\/\/www.europesays.com\/no\/wp-json\/wp\/v2\/users\/2"}],"replies":[{"embeddable":true,"href":"https:\/\/www.europesays.com\/no\/wp-json\/wp\/v2\/comments?post=93461"}],"version-history":[{"count":0,"href":"https:\/\/www.europesays.com\/no\/wp-json\/wp\/v2\/posts\/93461\/revisions"}],"wp:featuredmedia":[{"embeddable":true,"href":"https:\/\/www.europesays.com\/no\/wp-json\/wp\/v2\/media\/93462"}],"wp:attachment":[{"href":"https:\/\/www.europesays.com\/no\/wp-json\/wp\/v2\/media?parent=93461"}],"wp:term":[{"taxonomy":"category","embeddable":true,"href":"https:\/\/www.europesays.com\/no\/wp-json\/wp\/v2\/categories?post=93461"},{"taxonomy":"post_tag","embeddable":true,"href":"https:\/\/www.europesays.com\/no\/wp-json\/wp\/v2\/tags?post=93461"}],"curies":[{"name":"wp","href":"https:\/\/api.w.org\/{rel}","templated":true}]}}