{"id":93484,"date":"2025-11-22T06:35:13","date_gmt":"2025-11-22T06:35:13","guid":{"rendered":"https:\/\/www.europesays.com\/no\/93484\/"},"modified":"2025-11-22T06:35:13","modified_gmt":"2025-11-22T06:35:13","slug":"fotball-vm-nrk-nrk-hodebry-angar-to-millioner-nordmenn","status":"publish","type":"post","link":"https:\/\/www.europesays.com\/no\/93484\/","title":{"rendered":"Fotball-vm, NRK | NRK-hodebry: \u2013 Ang\u00e5r to millioner nordmenn"},"content":{"rendered":"\n<p>NRK h\u00e5per \u00e5 sette seerrekorder n\u00e5r Norge deltar i VM for f\u00f8rste gang p\u00e5 28 \u00e5r neste sommer.<\/p>\n<p>Statskanalen deler rettighetene til mesterskapet med TV 2, men forel\u00f8pig er det usikkert hvem som skal kommentere Norges kamper p\u00e5 NRK.<\/p>\n<p>\u2013 Vanskelig<\/p>\n<p>Sportsredakt\u00f8r Espen Olsen Langfeldt forteller at kanalen jobber intenst med \u00e5 besette flere roller f\u00f8r Erling Braut Haaland og co. setter kursen mot USA, Canada og Mexico.<\/p>\n<p>\u2013 Vi er godt i gang med planleggingen allerede, men det er ingen tvil om at siste dagers resultater gj\u00f8r at vi m\u00e5 legge oss enda mer i selen, sier Langfeldt til Nettavisen.<\/p>\n<p>   <img decoding=\"async\" width=\"1275\" height=\"845\" fetchpriority=\"low\"  loading=\"lazy\"  src=\"https:\/\/www.europesays.com\/no\/wp-content\/uploads\/2025\/11\/Langfeldt.jpg\" alt=\"\" class=\"brick-c-cFOWSL\" style=\"--brick-image-ratio: 1275 \/ 845;\"\/><\/p>\n<p>Han understreker at NRK har et solid team fra f\u00f8r av, men at flere roller m\u00e5 besettes b\u00e5de p\u00e5 kommentatorplass og som eksperter.<\/p>\n<p>\u2013 Har dere landet p\u00e5 hvem som skal kommentere Norge-kampene dere sender?<\/p>\n<p>\u2013 Nei. Det er en trekning som skal unnagj\u00f8res f\u00f8rst, s\u00e5 m\u00e5 vi se litt praktisk rundt tidspunkter og alt mulig, s\u00e5 m\u00e5 vi bemanne litt etter litt.<\/p>\n<p>\u2013 Er Christian Nilssen eller andre interne aktuelle for \u00e5 kommentere Norge-kamper, eller ser dere etter en ekstern ansettelse der?<\/p>\n<p>\u2013 Vi holder alle muligheter \u00e5pne forel\u00f8pig, sier Langfeldt.<\/p>\n<p>   <img decoding=\"async\" width=\"4896\" height=\"3264\" fetchpriority=\"low\"  loading=\"lazy\"  src=\"https:\/\/www.europesays.com\/no\/wp-content\/uploads\/2025\/11\/NTB_6PAPU9MZi1k.jpg\" alt=\"Oslo  20180509.&#10;Lise Klaveness (fotballekspert for NRK)  og NRK-kommentator Christian Nilssen kommenterer kampen mellom Skeid og V\u00e5lerenga p\u00e5 Nordre \u00c5sen.&#10;Foto: Vidar Ruud \/ NTB\" class=\"brick-c-cFOWSL\" style=\"--brick-image-ratio: 4896 \/ 3264;\"\/><\/p>\n<p>      AKTUELL: Christian Nilssen (t.h.) har kommentert fotball for NRK i en \u00e5rrekke og er aktuell som kommentator p\u00e5 Norges kamper i VM. Her kommenterer han sammen med Lise Klaveness p\u00e5 Nordre \u00c5sen i 2018.<br \/>\n      Foto: Vidar Ruud (NTB)\n    <\/p>\n<p>\u2013 Det er jo en ansettelse som kan ber\u00f8re opp mot to millioner mennesker. Er det en krevende prosess?<\/p>\n<p>\u2013 Det er vanskelig, men det er en morsom prosess. Dette er jo en sv\u00e6rt takknemlig oppgave og som mange er interessert i, sier Langfeldt.<\/p>\n<p>Han h\u00e5per \u00e5 ha kabalen klar i l\u00f8pet av vinteren, siden verdensmesterskapet vil ber\u00f8re sommerferieplanene til mange ansatte.<\/p>\n<p>H\u00e5per p\u00e5 rekorder<\/p>\n<p>Etter at den elektroniske seeroverv\u00e5kingen startet i 1992 er Norges \u00e5pningskamp i VM i 1994 mot Mexico det mest sette TV-programmet i Norge.<\/p>\n<p>2,139 millioner nordmenn satt klistret til skjermen da Kjetil Rekdal ble matchvinner i oppgj\u00f8ret, som startet klokken 22.30 norsk tid, s\u00f8ndag 19. juni.<\/p>\n<p>Langfeldt g\u00e5r offensivt ut og mener NRK kan sl\u00e5 den rekorden til sommeren.<\/p>\n<p>\u2013 Det er litt avhengig av sendetid. Det er jo noen kamper som kan g\u00e5 sent p\u00e5 natta, men jeg tror kanskje at vi kan oppleve nesten tilsvarende tall. I forhold til 94 s\u00e5 er en liveoverf\u00f8ring mye mer tilgjengelig enn det var. Det var jo s\u00e5 \u00e5 si ikke internett.<\/p>\n<p>\u2013 S\u00e5 du tror rekorden fra Mexico-kampen i 1994 kan rett og slett ryke?<\/p>\n<p>\u2013 Ja, og da m\u00e5 vi mobilisere hele NRK p\u00e5 tvers for \u00e5 m\u00f8te publikums behov, for det kommer til \u00e5 bli ganske stort under dette mesterskapet \u2013 b\u00e5de informasjonsbehovet og underholdning og sport selvf\u00f8lgelig. Alle aspekter ved det skal vi dekke, og det mobiliserer vi n\u00e5.<\/p>\n<p>            De ti mest sette TV-programmene i Norge<\/p>\n<p>P.S. Den elektroniske seeroverv\u00e5kingen startet i 1992.<\/p>\n<p>  \u2013 Mediesatsing av dimensjoner<\/p>\n<p>Medier\u00e5dgiver og ekspert p\u00e5 TV-rettigheter Lasse Gimnes tror neste sommers fotball-VM vil s\u00f8rge for en klar endring i nordmenns TV-vaner.<\/p>\n<p>\u2013 Det er en helt enormt stor TV-begivenhet, som virkelig vil sette dagsorden, selv om det er p\u00e5 sommeren. Juni og juli er i utgangspunktet en veldig d\u00e5rlig tid for TV-titting, da er den p\u00e5 sitt laveste, men at det er VM i fotball med Norge vil endre dette bildet kommende sommer, sier Gimnes til Nettavisen.<\/p>\n<p>Han p\u00e5peker at at det blir avgj\u00f8rende at Norge f\u00e5r kamper p\u00e5 kveldstid norsk tid hvis det skal v\u00e6re mulig \u00e5 sette seerrekorder under mesterskapet.<\/p>\n<p>\u2013 G\u00e5r kampene innenfor rimelighetens grenser, s\u00e5 vil det bli enormt h\u00f8ye seertall. G\u00e5r de p\u00e5 natta, s\u00e5 er det klart at seertallene vil ikke v\u00e6re i n\u00e6rheten av det de ville v\u00e6rt dersom det ble sendt i \u00abprime time\u00bb. G\u00e5r de p\u00e5 natta, s\u00e5 vil TV-kanalene lage magasiner, reportasjer og s\u00e5 videre i bedre sendetid, som vil f\u00e5 h\u00f8ye seertall. Dette her kommer til \u00e5 bli en mediesatsing av dimensjoner. B\u00e5de for TV-kanalene, men ogs\u00e5 for Nettavisen, VG, Dagbladet og s\u00e5 videre. Store deler av sportsbudsjettene i 2026 vil g\u00e5 til VM i fotball, sier Gimnes.<\/p>\n<p>   <img decoding=\"async\" width=\"2000\" height=\"1486\" fetchpriority=\"low\"  loading=\"lazy\"  src=\"https:\/\/www.europesays.com\/no\/wp-content\/uploads\/2025\/10\/5_95_1998978_gimnes.jpg\" alt=\"SER BEGGE SIDER: Lasse Gimnes skj\u00f8nner at Viaplay bekymrer seg, men advarer samtidig. Medieekspert Lasse Gimnes skj\u00f8nner at Viaplay bekymrer seg for illegal str\u00f8mming, men kommer samtidig med en advarende pekefinger.\" class=\"brick-c-cFOWSL\" style=\"--brick-image-ratio: 2000 \/ 1486;\"\/><\/p>\n<p>      SP\u00c5R VOLDSOM SATSING: Lasse Gimnes tror flere sportsredaksjoner kommer til \u00e5 t\u00f8ye budsjettene for \u00e5 dekke VM neste sommer.<br \/>\n      Foto: Trond Topstad\n    <\/p>\n<p>  Tror to millioner er mulig<\/p>\n<p>\u2013 Er der realistisk \u00e5 n\u00e5 to millioner seere i 2026, Gimnes?<\/p>\n<p>\u2013 Det er realistisk hvis man tenker mer helhetlig n\u00e5r det gjelder distribusjonsplattformer, men p\u00e5 den tradisjonelle biten, s\u00e5 vil det ikke v\u00e6re i n\u00e6rheten. Hvis du ser p\u00e5 alle plattformer s\u00e5 vil det nok det. Den tradisjonelle TV-tittingen har g\u00e5tt drastisk ned siden den tid. N\u00e5 ser man i st\u00f8rre grad p\u00e5 andre plattformer, s\u00e5 de totale seertallene kan nok bli i den st\u00f8rrelsesordenen.<\/p>\n<p>\u2013 Det er ikke mulig lenger \u00e5 f\u00e5 to millioner til \u00e5 se et program p\u00e5 line\u00e6r TV?<\/p>\n<p>\u2013 Umulig er det ikke, men da skal det g\u00e5 i \u00abprime time\u00bb. S\u00e5 er det jo mange som er ute og reiser, og de vil ikke bli m\u00e5lt. Det vil v\u00e6re mange som ser det fra andre land, spesielt i juli. Det er en tid der mange er ute p\u00e5 reise. Men at det er dr\u00f8ye to millioner nordmenn som ser p\u00e5 kampene der de er og p\u00e5 de plattformene som passer deres situasjon best, det er i h\u00f8yeste grad mulig.<\/p>\n<p>Scheie: \u2013 En fantastisk jobb<\/p>\n<p>Arne Scheie, som kommenterte rekordkampen mot Mexico, med over 2,1 millioner seere i 1994, tror NRK kan sette nye rekorder neste sommer.<\/p>\n<p>\u2013 Alt er mulig. Norges f\u00f8rste kamp kommer jo til \u00e5 bli sett av mange. Kommer Norge til en VM-finale, s\u00e5 blir det selvf\u00f8lgelig helt vanvittig. Hvis det ikke blir satt rekord da, s\u00e5 skj\u00f8nner jeg ingenting, sier Scheie til Nettavisen.<\/p>\n<p>   <img decoding=\"async\" width=\"3999\" height=\"2866\" fetchpriority=\"low\"  loading=\"lazy\"  src=\"https:\/\/www.europesays.com\/no\/wp-content\/uploads\/2025\/11\/NTB_udKVLHgth0I.jpg\" alt=\"Asker 20220613. &#10;Arne Scheie (t.h.) og Erling Braut Haaland under vennskapskampen i fotball p\u00e5 Skaugum stadion, der  Vivil m\u00f8tte hjemmelaget Team Skaugum.  Kampen er et samarbeid mellom kronprinsfamilien og Norges Fotballforbund.&#10;Foto: Lise \u00c5serud \/ NTB\" class=\"brick-c-cFOWSL\" style=\"--brick-image-ratio: 3999 \/ 2866;\"\/><\/p>\n<p>      GLEDER SEG: Tidligere NRK-kommentator Arne Scheie (t.h.) gleder seg til \u00e5 se Erling Braut Haaland og co. i aksjon i VM neste sommer.<br \/>\n      Foto: Lise \u00c5serud (NTB)\n    <\/p>\n<p>Han har imidlertid lagt merke til at det fortsatt er langt opp til gamle h\u00f8yder, med tanke p\u00e5 at den historiske seieren mot Italia bare ble sett av en dr\u00f8y million p\u00e5 TV 2.<\/p>\n<p>\u2013 Det viser seg at to millioner er ganske t\u00f8ft. N\u00e5 var det vel \u00abbare\u00bb i overkant av 1,1 millioner som fulgte Italia-Norge n\u00e5 sist. Jeg \u00f8nsker jo at vi skal g\u00e5 til VM-finale og sl\u00e5 alle mulige rekorder, men samtidig er jeg realist. Jeg husker forventningene, spesielt f\u00f8r vi dro til VM i 1994. Der ble det tre kamper, s\u00e5 dro vi hjem, men det er et fantastisk godt lag n\u00e5 og utrolig moro \u00e5 f\u00f8lge med, sier Scheie.<\/p>\n<p>Han legger ikke skjul p\u00e5 at han i stor grad er den han er i dag fordi han var stemmen til norsk landslagsfotball p\u00e5 90-tallet.<\/p>\n<p>\u2013 Det er noe jeg lever p\u00e5 og blir stoppet for fortsatt faktisk. Brasil-kampen og alt det der. Det er helt utrolig, sier Scheie.<\/p>\n<p>Hvem som b\u00f8r kommentere Norges kamper p\u00e5 NRK neste sommer vil han imidlertid ikke legge seg borti.<\/p>\n<p>\u2013 Det er en fantastisk jobb, og jeg var s\u00e5 privilegert at jeg fikk v\u00e6re med p\u00e5 dette. Jeg vet at ledelsen i NRK kjenner terrenget og er best kvalifisert til \u00e5 finne hvem de skal ha, sier Scheie.<\/p>\n<p>Mer p\u00e5 plass hos TV 2<\/p>\n<p>I TV 2 er rollene satt i st\u00f8rre grad enn i NRK, siden kanalen allerede har en rettighetspakke som inneholder blant annet landslagsfotball, Champions League, La Liga og Eliteserien.<\/p>\n<p>\u00d8yvind Alsaker og Jesper Mathisen har kommentert flesteparten av de norske VM-kvalifiseringskampene inn mot VM 2026.<\/p>\n<p>Sportsredakt\u00f8r Vegard Jansen Hagen er godt forn\u00f8yd med teamet TV 2 har fra f\u00f8r, men utelukker ikke nye bekjentskaper inn mot VM.<\/p>\n<p>\u2013 Vi har en stor og velsmurt fotball-satsing gjennom mange \u00e5r, s\u00e5 jeg opplever at vi har det aller, aller meste p\u00e5 plass for \u00e5 kunne h\u00e5ndtere selv tidenes st\u00f8rste fotball-VM. Vi vil alltid v\u00e6re p\u00e5 jakt etter kvaliteter som kan l\u00f8fte oss ytterligere, det er et kontinuerlig arbeid, mens ellers er vi veldig tilfreds med de profilene og medarbeiderne vi har, og er trygg p\u00e5 at de skal levere store seeropplevelse ogs\u00e5 neste sommer, sier Janssen Hagen.<\/p>\n<p>\u2013 Er det \u00d8yvind Alsaker og Jesper Mathisen som kommer til \u00e5 kommentere Norges VM-kamper p\u00e5 TV 2?<\/p>\n<p>\u2013 Vi kan ikke ta ut laget enn\u00e5, vi m\u00e5 holde alle aktuelle kandidater p\u00e5 t\u00e5 hev, men de to du nevner der vil ligge godt an til sentrale roller under VM, vil jeg tro, sier Jansen Hagen.<\/p>\n<p>Fredag 5. desember blir det klart hvem Norge m\u00f8ter i gruppespillet i VM neste sommer.<\/p>\n","protected":false},"excerpt":{"rendered":"NRK h\u00e5per \u00e5 sette seerrekorder n\u00e5r Norge deltar i VM for f\u00f8rste gang p\u00e5 28 \u00e5r neste sommer.&hellip;\n","protected":false},"author":2,"featured_media":93485,"comment_status":"","ping_status":"","sticky":false,"template":"","format":"standard","meta":{"footnotes":""},"categories":[5],"tags":[20,21,24,25,15,19,22,23,17,18,13,30,28,29,14,16,26,27],"class_list":{"0":"post-93484","1":"post","2":"type-post","3":"status-publish","4":"format-standard","5":"has-post-thumbnail","7":"category-overskrifter","8":"tag-breaking-news","9":"tag-breakingnews","10":"tag-featured-news","11":"tag-featurednews","12":"tag-headlines","13":"tag-hovedoppslag","14":"tag-latest-news","15":"tag-latestnews","16":"tag-main-news","17":"tag-mainnews","18":"tag-news","19":"tag-no","20":"tag-norge","21":"tag-norway","22":"tag-nyheter","23":"tag-overskrifter","24":"tag-top-stories","25":"tag-topstories"},"share_on_mastodon":{"url":"https:\/\/pubeurope.com\/@no\/115591966092850305","error":""},"_links":{"self":[{"href":"https:\/\/www.europesays.com\/no\/wp-json\/wp\/v2\/posts\/93484","targetHints":{"allow":["GET"]}}],"collection":[{"href":"https:\/\/www.europesays.com\/no\/wp-json\/wp\/v2\/posts"}],"about":[{"href":"https:\/\/www.europesays.com\/no\/wp-json\/wp\/v2\/types\/post"}],"author":[{"embeddable":true,"href":"https:\/\/www.europesays.com\/no\/wp-json\/wp\/v2\/users\/2"}],"replies":[{"embeddable":true,"href":"https:\/\/www.europesays.com\/no\/wp-json\/wp\/v2\/comments?post=93484"}],"version-history":[{"count":0,"href":"https:\/\/www.europesays.com\/no\/wp-json\/wp\/v2\/posts\/93484\/revisions"}],"wp:featuredmedia":[{"embeddable":true,"href":"https:\/\/www.europesays.com\/no\/wp-json\/wp\/v2\/media\/93485"}],"wp:attachment":[{"href":"https:\/\/www.europesays.com\/no\/wp-json\/wp\/v2\/media?parent=93484"}],"wp:term":[{"taxonomy":"category","embeddable":true,"href":"https:\/\/www.europesays.com\/no\/wp-json\/wp\/v2\/categories?post=93484"},{"taxonomy":"post_tag","embeddable":true,"href":"https:\/\/www.europesays.com\/no\/wp-json\/wp\/v2\/tags?post=93484"}],"curies":[{"name":"wp","href":"https:\/\/api.w.org\/{rel}","templated":true}]}}