{"id":93494,"date":"2025-11-22T06:59:08","date_gmt":"2025-11-22T06:59:08","guid":{"rendered":"https:\/\/www.europesays.com\/no\/93494\/"},"modified":"2025-11-22T06:59:08","modified_gmt":"2025-11-22T06:59:08","slug":"video-kan-vaere-det-forste-beviset-pa-at-ville-ulver-har-funnet-ut-hvordan-man-bruker-verktoy","status":"publish","type":"post","link":"https:\/\/www.europesays.com\/no\/93494\/","title":{"rendered":"Video kan v\u00e6re det f\u00f8rste beviset p\u00e5 at ville ulver har funnet ut hvordan man bruker verkt\u00f8y"},"content":{"rendered":"<p>Nye opptak fra British Columbia viser kanskje det f\u00f8rste beviset p\u00e5 at ville ulver kan bruke verkt\u00f8y.<\/p>\n<p>Opptakene viser to ulver som trekker i krabbeteiner for \u00e5 f\u00e5 tak i \u00e5te, og if\u00f8lge forskere fra SUNY College of Environmental Science and Forestry er atferden overraskende avansert.<\/p>\n<p>Fanget p\u00e5 kamera<\/p>\n<p>Det hele begynte da lokalbefolkningen satte ut teiner for \u00e5 bremse den invasive gr\u00f8nne krabben.<\/p>\n<p>Kort tid etter ble fellene funnet plyndret og \u00f8delagt, men ingen visste  hvem som sto bak.<\/p>\n","protected":false},"excerpt":{"rendered":"Nye opptak fra British Columbia viser kanskje det f\u00f8rste beviset p\u00e5 at ville ulver kan bruke verkt\u00f8y. Opptakene&hellip;\n","protected":false},"author":2,"featured_media":93495,"comment_status":"","ping_status":"","sticky":false,"template":"","format":"standard","meta":{"footnotes":""},"categories":[57],"tags":[30,28,29,65,63,64,66,70,69,67,68],"class_list":{"0":"post-93494","1":"post","2":"type-post","3":"status-publish","4":"format-standard","5":"has-post-thumbnail","7":"category-vitenskap-og-teknologi","8":"tag-no","9":"tag-norge","10":"tag-norway","11":"tag-science","12":"tag-science-and-technology","13":"tag-scienceandtechnology","14":"tag-technology","15":"tag-teknologi","16":"tag-vitenskap","17":"tag-vitenskap-og-teknologi","18":"tag-vitenskapteknologi"},"share_on_mastodon":{"url":"https:\/\/pubeurope.com\/@no\/115592060142945651","error":""},"_links":{"self":[{"href":"https:\/\/www.europesays.com\/no\/wp-json\/wp\/v2\/posts\/93494","targetHints":{"allow":["GET"]}}],"collection":[{"href":"https:\/\/www.europesays.com\/no\/wp-json\/wp\/v2\/posts"}],"about":[{"href":"https:\/\/www.europesays.com\/no\/wp-json\/wp\/v2\/types\/post"}],"author":[{"embeddable":true,"href":"https:\/\/www.europesays.com\/no\/wp-json\/wp\/v2\/users\/2"}],"replies":[{"embeddable":true,"href":"https:\/\/www.europesays.com\/no\/wp-json\/wp\/v2\/comments?post=93494"}],"version-history":[{"count":0,"href":"https:\/\/www.europesays.com\/no\/wp-json\/wp\/v2\/posts\/93494\/revisions"}],"wp:featuredmedia":[{"embeddable":true,"href":"https:\/\/www.europesays.com\/no\/wp-json\/wp\/v2\/media\/93495"}],"wp:attachment":[{"href":"https:\/\/www.europesays.com\/no\/wp-json\/wp\/v2\/media?parent=93494"}],"wp:term":[{"taxonomy":"category","embeddable":true,"href":"https:\/\/www.europesays.com\/no\/wp-json\/wp\/v2\/categories?post=93494"},{"taxonomy":"post_tag","embeddable":true,"href":"https:\/\/www.europesays.com\/no\/wp-json\/wp\/v2\/tags?post=93494"}],"curies":[{"name":"wp","href":"https:\/\/api.w.org\/{rel}","templated":true}]}}