{"id":93547,"date":"2025-11-22T08:19:13","date_gmt":"2025-11-22T08:19:13","guid":{"rendered":"https:\/\/www.europesays.com\/no\/93547\/"},"modified":"2025-11-22T08:19:13","modified_gmt":"2025-11-22T08:19:13","slug":"xpeng-g6-populaer-elbil-far-bensinmotor","status":"publish","type":"post","link":"https:\/\/www.europesays.com\/no\/93547\/","title":{"rendered":"XPeng G6: Popul\u00e6r elbil f\u00e5r bensinmotor"},"content":{"rendered":"<p>Xpeng har hatt ganske stor suksess med <a href=\"https:\/\/www.tv2.no\/broom\/svarer-tesla-med-stort-priskutt\/17705861\/\" rel=\"nofollow noopener\" target=\"_blank\">modellen G6<\/a>. S\u00e5 langt er det registrert 2453 eksemplarer av bilen som ved f\u00f8rste \u00f8yekast er sv\u00e6rt lik Tesla Model Y.\u00a0<\/p>\n<p>Og selv om dette er en bil med bra rekkevidde (inntil 550 kilometer) er det ikke tilstrekkelig for alle. Derfor har Xpeng tatt et grep som kan oppfattes som temmelig radikalt, i hvert fall her til lands:<\/p>\n<p>De har besluttet \u00e5 tilby G6 med bensinmotor i utvalgte markeder. Det skriver nettstedet\u00a0<a href=\"https:\/\/carnewschina.com\/2025\/11\/09\/xpeng-g6-erev-unveiled-with-55-8-kwh-battery-and-325-km-electric-range\/\" rel=\"nofollow noopener\" target=\"_blank\">Car News China<\/a>.<\/p>\n<p>Skal gi kraftig \u00f8kt rekkevidde<\/p>\n<p>Men nei\u00a0 \u2013 det handler ikke om \u00e5 kaste ut den elektriske drivlinjen. Den vil fortsatt v\u00e6re der (riktignok med med en mindre batteripakke), men den f\u00e5r hjelp av en liten bensinmotor, n\u00e5r det kniper p\u00e5 rekkevidden.<\/p>\n<p>    <a class=\"article__link\" data-ga-active-label=\"\" data-ga-active-label-animation=\"\" href=\"https:\/\/www.tv2.no\/broom\/oslo-tromso-uten-ladestopp\/18108995\/\" rel=\"nofollow noopener\" target=\"_blank\"><\/p>\n<p>    <img class=\"image__img lazyload\" itemprop=\"image\" title=\"\" alt=\"\" width=\"489\" height=\"206\" bad-src=\"https:\/\/www.europesays.com\/no\/wp-content\/uploads\/2025\/11\/18109309.webp\" fetchpriority=\"auto\" \/><\/p>\n<p>            Oslo &#8211; Troms\u00f8 uten ladestopp<\/p>\n<p>    <\/a><\/p>\n<p>L\u00f8sningen gj\u00f8r G6 om til en EREV, extended range electric vehicle, eller ganske enkelt elbil med rekkeviddeforlenger, p\u00e5 norsk.\u00a0<\/p>\n<p>EREV har blitt en ny samlebetegnelse p\u00e5 en kategori hybrider der bensinmotoren ikke er koblet til drivhjulene, men bare har til hensikt \u00e5 lade batteriet.<\/p>\n<p>Slikt blir det lave utslipp av, og ekstremt lange rekkevidder.\u00a0<\/p>\n<p>Xpeng lover en elektrisk rekkevidde p\u00e5 32,5 mil f\u00f8r bensinmotoren sl\u00e5r inn. Det er ikke kjent hvor langt G6 da kan g\u00e5, men det er ikke uvanlig at disse bilene kan klare 1200-1500 kilometer p\u00e5 \u00abfull tank\u00bb.<\/p>\n<p><a href=\"https:\/\/www.tv2.no\/broom\/mener-dette-er-elbil-ber-eu-ta-grep\/17710818\/\" rel=\"nofollow noopener\" target=\"_blank\">Mener dette er en elbil\u00a0 \u2013 ber EU ta grep<\/a><\/p>\n<p>        <img class=\"image__img lazyload\" itemprop=\"image\" title=\"\" alt=\"GENERATOR: Forbrenningsmotoren s\u00f8rger kun for generere str\u00f8m fra bensin i en EREV, ikke til fremdrift av kj\u00f8ret\u00f8yet. Foto: Li Auto\" width=\"978\" height=\"551\" bad-src=\"https:\/\/www.europesays.com\/no\/wp-content\/uploads\/2025\/11\/18279837.webp\" fetchpriority=\"auto\" \/><\/p>\n<p>      GENERATOR: Forbrenningsmotoren s\u00f8rger kun for generere str\u00f8m fra bensin i en EREV, ikke til fremdrift av kj\u00f8ret\u00f8yet. Foto: Li Auto<\/p>\n<p>Kan komme til Europa<\/p>\n<p>I f\u00f8rste omgang er G6 som EREV myntet p\u00e5 det kinesiske markedet, der interessen for drivlinjen har skutt i v\u00e6ret den siste tiden.\u00a0<\/p>\n<p>Skal vi se G6 som EREV i Norge, m\u00e5 det derimot skje et alvorlig politisk jordskjelv. Samtidig er det slett ikke umulig at b\u00e5de G6 og andre biler med denne drivlinjen snart blir \u00e5 f\u00e5 kj\u00f8pt i andre europeiske land.\u00a0<\/p>\n<p>EU-myndighetene har planer om \u00e5 forby salg av biler med forbrenningsmotor i 2035, men sterke krefter jobber for at EREV skal v\u00e6re et unntak. If\u00f8lge den tyske avisen\u00a0<a href=\"https:\/\/www.spiegel.de\/wirtschaft\/verbrennerverbot-der-eu-wie-die-autolobby-bekommt-was-sie-will-a-5c770a3b-47c1-461c-ae95-7b15902f898f\" rel=\"nofollow noopener\" target=\"_blank\">Der Spiegel<\/a>\u00a0er det slett ikke umulig at s\u00e5 skjer. <\/p>\n<p>Fra f\u00f8r har blant andre Volvo og Volkswagen kastet seg p\u00e5 EREV-b\u00f8lgen.\u00a0<\/p>\n<p class=\"bold m-bold\" data-lab-font_weight=\"bold\">Det kan du lese mer om her:<\/p>\n<p>    <a class=\"article__link\" data-ga-active-label=\"\" data-ga-active-label-animation=\"\" href=\"https:\/\/www.tv2.no\/broom\/vokser-raskere-enn-elbiler\/17842089\/\" rel=\"nofollow noopener\" target=\"_blank\"><\/p>\n<p>    <img class=\"image__img lazyload\" itemprop=\"image\" title=\"\" alt=\"\" width=\"978\" height=\"411\" bad-src=\"https:\/\/www.europesays.com\/no\/wp-content\/uploads\/2025\/11\/1763799553_268_17842099.webp\" fetchpriority=\"auto\" \/><\/p>\n<p>            Vokser raskere enn elbiler<\/p>\n<p>    <\/a><\/p>\n","protected":false},"excerpt":{"rendered":"Xpeng har hatt ganske stor suksess med modellen G6. S\u00e5 langt er det registrert 2453 eksemplarer av bilen&hellip;\n","protected":false},"author":2,"featured_media":93548,"comment_status":"","ping_status":"","sticky":false,"template":"","format":"standard","meta":{"footnotes":""},"categories":[56],"tags":[60,61,62,30,28,29],"class_list":{"0":"post-93547","1":"post","2":"type-post","3":"status-publish","4":"format-standard","5":"has-post-thumbnail","7":"category-naeringsliv","8":"tag-business","9":"tag-economy","10":"tag-naeringsliv","11":"tag-no","12":"tag-norge","13":"tag-norway"},"share_on_mastodon":{"url":"https:\/\/pubeurope.com\/@no\/115592374830655086","error":""},"_links":{"self":[{"href":"https:\/\/www.europesays.com\/no\/wp-json\/wp\/v2\/posts\/93547","targetHints":{"allow":["GET"]}}],"collection":[{"href":"https:\/\/www.europesays.com\/no\/wp-json\/wp\/v2\/posts"}],"about":[{"href":"https:\/\/www.europesays.com\/no\/wp-json\/wp\/v2\/types\/post"}],"author":[{"embeddable":true,"href":"https:\/\/www.europesays.com\/no\/wp-json\/wp\/v2\/users\/2"}],"replies":[{"embeddable":true,"href":"https:\/\/www.europesays.com\/no\/wp-json\/wp\/v2\/comments?post=93547"}],"version-history":[{"count":0,"href":"https:\/\/www.europesays.com\/no\/wp-json\/wp\/v2\/posts\/93547\/revisions"}],"wp:featuredmedia":[{"embeddable":true,"href":"https:\/\/www.europesays.com\/no\/wp-json\/wp\/v2\/media\/93548"}],"wp:attachment":[{"href":"https:\/\/www.europesays.com\/no\/wp-json\/wp\/v2\/media?parent=93547"}],"wp:term":[{"taxonomy":"category","embeddable":true,"href":"https:\/\/www.europesays.com\/no\/wp-json\/wp\/v2\/categories?post=93547"},{"taxonomy":"post_tag","embeddable":true,"href":"https:\/\/www.europesays.com\/no\/wp-json\/wp\/v2\/tags?post=93547"}],"curies":[{"name":"wp","href":"https:\/\/api.w.org\/{rel}","templated":true}]}}