{"id":93551,"date":"2025-11-22T08:28:08","date_gmt":"2025-11-22T08:28:08","guid":{"rendered":"https:\/\/www.europesays.com\/no\/93551\/"},"modified":"2025-11-22T08:28:08","modified_gmt":"2025-11-22T08:28:08","slug":"nrk-lubna-jaffery-vil-stille-krav-nrk-jeg-har-en-plan","status":"publish","type":"post","link":"https:\/\/www.europesays.com\/no\/93551\/","title":{"rendered":"NRK, Lubna Jaffery | Vil stille krav NRK: \u2013 Jeg har en plan"},"content":{"rendered":"\n<p>Kulturminister Lubna Jaffrey (Ap) avviser kontant at NRK har blitt en overmakt som truer mediemangfoldet i Norge.<\/p>\n<p>Men samtidig \u00e5pner hun d\u00f8ren p\u00e5 gl\u00f8tt for nye, strengere f\u00f8ringer \u2013 og legger ikke skjul p\u00e5 at mediepolitikken de neste \u00e5rene blir preget av t\u00f8ffe prioriteringer og sterkere styring.<\/p>\n<p>\u2013 Jeg ser utfordringene i medie\u00f8konomien. Og de m\u00e5 vi ta p\u00e5 alvor, sier hun i Nettavisens podkast \u00abGilbrant\/Suvatne\u00bb.<\/p>\n<p>\u00c5tte milliarder<\/p>\n<p>Den \u00f8konomiske situasjonen i avisbransjen bekymrer henne: fallende annonseinntekter, \u00f8kende teknologidominans fra globale akt\u00f8rer, og en historisk t\u00f8ff konkurranse om oppmerksomheten.<\/p>\n<p>Samtidig f\u00e5r NRK nesten \u00e5tte milliarder kroner i \u00abinntekt\u00bb over statsbudsjettet for neste \u00e5r.<\/p>\n<p>\u2013 Det er krevende tider i store deler av bransjen. Jeg forst\u00e5r veldig godt at mange redakt\u00f8rer er bekymret, sier hun.<\/p>\n<p>Kritikken mot NRK har \u00f8kt de siste \u00e5rene. Avisledere og mediehus mener NRK har ekspandert inn i omr\u00e5der private akt\u00f8rer tidligere dominerte \u2013 blant annet debattflater, videojournalistikk og livsstilsstoff. Flere hevder at NRK ofte etablerer nye satsinger uten \u00e5 ta hensyn til markedskonsekvensene.<\/p>\n<p>\u2013 Vi skal gj\u00f8re en grundig analyse av hvordan NRK p\u00e5virker mediemangfoldet. Og vi m\u00e5 stille tydeligere krav til hvordan de skal ut\u00f8ve rollen sin, sier Jaffery.<\/p>\n<p><b>Les ogs\u00e5: <a href=\"https:\/\/www.nettavisen.no\/incoming\/5-95-2741190.html?token=-2059427921&amp;previewAll=true\" rel=\"Follow nofollow noopener\" target=\"_blank\">Varsler digert avgiftshopp p\u00e5 drivstoff<\/a><\/b><\/p>\n<p>Strengere krav<\/p>\n<p>De fire\u00e5rige styringssignalene \u2013 som skal legges fram senere i \u00e5r \u2013 blir n\u00f8kkelen. If\u00f8lge Jaffrey vil disse trolig inneholde klarere grenser for hva NRK b\u00f8r prioritere, krav om effektiv drift, krav om hensyn til konkurransesituasjonen i markedet, og krav om at NRK aktivt skal bidra til mediemangfold, ikke redusere det.<\/p>\n<p>Samtidig er hun tydelig p\u00e5 ett punkt:<\/p>\n<p>\u2013 NRK skal fortsatt v\u00e6re en sterk allmennkringkaster. Det er det bred politisk enighet om.<\/p>\n<p>P\u00e5 sp\u00f8rsm\u00e5l om hun vurderer kutt som motvekt til NRKs vekst, er hun kategorisk:<\/p>\n<p>\u2013 Nei. Jeg har ikke noen plan om \u00e5 kutte i NRK. Men jeg har en plan om \u00e5 stille krav.<\/p>\n<p><b>P\u00e5 innsiden av elitefest med lobby, media og Ap-topper i podkasten \u00ab<a href=\"https:\/\/open.spotify.com\/show\/07dARiGPuzxxUniKtD7SJW?si=64ea4ed8bf8947dd\" rel=\"Follow nofollow noopener\" target=\"_blank\">Gilbrant\/Suvatne<\/a>\u00bb:<\/b><\/p>\n<p>\u2013 Ikke NRKs skyld<\/p>\n<p>Hun sier at debatten ofte f\u00e5r feil fokus.<\/p>\n<p>\u2013 Det er ikke NRKs skyld at Google og Meta tar annonsekronene. Det er et internasjonalt problem som krever internasjonale l\u00f8sninger.<\/p>\n<p>Jaffrey reagerer ogs\u00e5 p\u00e5 at sv\u00e6rt f\u00e5 journalister m\u00f8tte opp da hun presenterte sin mediepolitiske redegj\u00f8relse i Stortinget.<\/p>\n<p>\u2013 Det handler jo nettopp om rammevilk\u00e5rene for deres egen bransje. Jeg skulle \u00f8nske flere fulgte denne debatten.<\/p>\n<p>Til tross for at hun er lojal mot NRKs posisjon, fors\u00f8ker hun \u00e5 berolige de private akt\u00f8rene:<\/p>\n<p>\u2013 Jeg ser utfordringene. Jeg vil samarbeide tett med bransjen for \u00e5 sikre en b\u00e6rekraftig framtid for norsk mediemangfold.<\/p>\n","protected":false},"excerpt":{"rendered":"Kulturminister Lubna Jaffrey (Ap) avviser kontant at NRK har blitt en overmakt som truer mediemangfoldet i Norge. Men&hellip;\n","protected":false},"author":2,"featured_media":93552,"comment_status":"","ping_status":"","sticky":false,"template":"","format":"standard","meta":{"footnotes":""},"categories":[10],"tags":[20,21,24,25,15,22,23,13,30,28,29,14,16,26,27],"class_list":{"0":"post-93551","1":"post","2":"type-post","3":"status-publish","4":"format-standard","5":"has-post-thumbnail","7":"category-norge","8":"tag-breaking-news","9":"tag-breakingnews","10":"tag-featured-news","11":"tag-featurednews","12":"tag-headlines","13":"tag-latest-news","14":"tag-latestnews","15":"tag-news","16":"tag-no","17":"tag-norge","18":"tag-norway","19":"tag-nyheter","20":"tag-overskrifter","21":"tag-top-stories","22":"tag-topstories"},"share_on_mastodon":{"url":"https:\/\/pubeurope.com\/@no\/115592410093748714","error":""},"_links":{"self":[{"href":"https:\/\/www.europesays.com\/no\/wp-json\/wp\/v2\/posts\/93551","targetHints":{"allow":["GET"]}}],"collection":[{"href":"https:\/\/www.europesays.com\/no\/wp-json\/wp\/v2\/posts"}],"about":[{"href":"https:\/\/www.europesays.com\/no\/wp-json\/wp\/v2\/types\/post"}],"author":[{"embeddable":true,"href":"https:\/\/www.europesays.com\/no\/wp-json\/wp\/v2\/users\/2"}],"replies":[{"embeddable":true,"href":"https:\/\/www.europesays.com\/no\/wp-json\/wp\/v2\/comments?post=93551"}],"version-history":[{"count":0,"href":"https:\/\/www.europesays.com\/no\/wp-json\/wp\/v2\/posts\/93551\/revisions"}],"wp:featuredmedia":[{"embeddable":true,"href":"https:\/\/www.europesays.com\/no\/wp-json\/wp\/v2\/media\/93552"}],"wp:attachment":[{"href":"https:\/\/www.europesays.com\/no\/wp-json\/wp\/v2\/media?parent=93551"}],"wp:term":[{"taxonomy":"category","embeddable":true,"href":"https:\/\/www.europesays.com\/no\/wp-json\/wp\/v2\/categories?post=93551"},{"taxonomy":"post_tag","embeddable":true,"href":"https:\/\/www.europesays.com\/no\/wp-json\/wp\/v2\/tags?post=93551"}],"curies":[{"name":"wp","href":"https:\/\/api.w.org\/{rel}","templated":true}]}}