{"id":93557,"date":"2025-11-22T08:44:09","date_gmt":"2025-11-22T08:44:09","guid":{"rendered":"https:\/\/www.europesays.com\/no\/93557\/"},"modified":"2025-11-22T08:44:09","modified_gmt":"2025-11-22T08:44:09","slug":"sport-beitostolen-klaebo-om-iversen-ikke-til-a-kjenne-igjen-tronder-avisa","status":"publish","type":"post","link":"https:\/\/www.europesays.com\/no\/93557\/","title":{"rendered":"Sport, Beitost\u00f8len | Kl\u00e6bo om Iversen: \u2013 Ikke til \u00e5 kjenne igjen &#8211; Tr\u00f8nder-Avisa"},"content":{"rendered":"<ol>\n<li><a href=\"https:\/\/news.google.com\/rss\/articles\/CBMigAFBVV95cUxOcDVzd2xtbHlfeWtWWkRrT2IyeF9BNEZRRHdwbkZDM3IwOHNPclRzV1RTVTlnYkFibUF2c1pIX2xyTDFHd0poNXZrLTRvRnBBNTQ5VFBMcGkwcXZpVFl1eEdCMGtxMWFXNFJiLWR5aURZcXkwY3g5WTZneFoxQ24waQ?oc=5\" target=\"_blank\" rel=\"nofollow noopener\">Sport, Beitost\u00f8len | Kl\u00e6bo om Iversen: \u2013 Ikke til \u00e5 kjenne igjen<\/a>&nbsp;&nbsp;Tr\u00f8nder-Avisa<\/li>\n<li><a href=\"https:\/\/news.google.com\/rss\/articles\/CBMiaEFVX3lxTE93VUVWOHprV0RSb1lIWUlJSWFZYi10Y1NXdWd5TF92cTdCOUIyVnkyVGhmUWNtb0ZwZ05UYl82c0U0N0ZBX0ZacXR6a2hSR1pLSTU2MFk3dTItcjdpbjA1Mm5CanhlNFFN?oc=5\" target=\"_blank\" rel=\"nofollow noopener\">Iversen om Kl\u00e6bo: &#8211; Han er jeg lei av<\/a>&nbsp;&nbsp;Dagbladet<\/li>\n<li><a href=\"https:\/\/news.google.com\/rss\/articles\/CBMigwFBVV95cUxOclcweVJSU0dnc0JyTmFWZHVJdUtSbE1tUW5DVVhsZmFma0tINEhPX3J4STFoQTBfakpkNFVfdUhwOXpJd0lDMVg2ZC1QTUw0dE1qTjJIX2pMSDhCemItSnVNM2cyd2NvVURTV2JzUWFBbGpTODRxVm42elV1NXIwSXVEdw?oc=5\" target=\"_blank\" rel=\"nofollow noopener\">Bollestopp: &#8211; Jeg m\u00e5tte ta tak<\/a>&nbsp;&nbsp;adressa.no<\/li>\n<li><a href=\"https:\/\/news.google.com\/rss\/articles\/CBMi8gFBVV95cUxQN2padklQMVhaT2RDcllGS3VhWTU4WHVyWndyUV84SW9kaUdiUlFSUDR5RE55QWpRbEJiOHlhUjliT3dId29mMDZMSHRvMVgycWVVanZPQ3prRmViblhMOHpDak5aV0xsUTJzeTRuZUQ4ZkdEQ0JMZGlkNVJtUVZ4VTk3dEp1QkdQaEFHcVZzeUo3d2FZMlVNc2lZNEl6NzE4RHU4S1pjZWpIaDY2Nnd0NXNlekpha2ZZaHMxZzctS3RsdTRVd2tIa01FSzJZSkIzSmMxYnE3dEp1Ml9HY2g3dlprUlJOS0wxR2NxZVAwSDBZdw?oc=5\" target=\"_blank\" rel=\"nofollow noopener\">Kl\u00e6bo om Iversen f\u00f8r sesongstart: &#8211; Jeg er like nerv\u00f8s p\u00e5 hans vegne som han er<\/a>&nbsp;&nbsp;Eurosport<\/li>\n<li><a href=\"https:\/\/news.google.com\/rss\/articles\/CBMihAFBVV95cUxNaGZjenQ5NFRhSmpzMUhLRExkbTAxajFTUlN2QTFEVW82X2ZzX0diRThVNFZpYUJoNnZ4VG1CYlpUNEROaWl1cVF2MkZGZ2tKUWtHbEh5THh1WjR0Q2xnRXJ0ellOQ1hVVkhldTNwRGtRYjNWNnBSX1EyU2J6X3JFR0xwU1k?oc=5\" target=\"_blank\" rel=\"nofollow noopener\">Sport, Langrenn | Iversen gj\u00f8r som Haaland: \u2013 Ekstrem totalpakke!<\/a>&nbsp;&nbsp;Tr\u00f8nder-Avisa<\/li>\n<\/ol>\n","protected":false},"excerpt":{"rendered":"Sport, Beitost\u00f8len | Kl\u00e6bo om Iversen: \u2013 Ikke til \u00e5 kjenne igjen&nbsp;&nbsp;Tr\u00f8nder-Avisa Iversen om Kl\u00e6bo: &#8211; Han er&hellip;\n","protected":false},"author":2,"featured_media":93558,"comment_status":"","ping_status":"","sticky":false,"template":"","format":"standard","meta":{"footnotes":""},"categories":[59],"tags":[30,28,29,83,82],"class_list":{"0":"post-93557","1":"post","2":"type-post","3":"status-publish","4":"format-standard","5":"has-post-thumbnail","7":"category-sport","8":"tag-no","9":"tag-norge","10":"tag-norway","11":"tag-sport","12":"tag-sports"},"share_on_mastodon":{"url":"https:\/\/pubeurope.com\/@no\/115592473036003016","error":""},"_links":{"self":[{"href":"https:\/\/www.europesays.com\/no\/wp-json\/wp\/v2\/posts\/93557","targetHints":{"allow":["GET"]}}],"collection":[{"href":"https:\/\/www.europesays.com\/no\/wp-json\/wp\/v2\/posts"}],"about":[{"href":"https:\/\/www.europesays.com\/no\/wp-json\/wp\/v2\/types\/post"}],"author":[{"embeddable":true,"href":"https:\/\/www.europesays.com\/no\/wp-json\/wp\/v2\/users\/2"}],"replies":[{"embeddable":true,"href":"https:\/\/www.europesays.com\/no\/wp-json\/wp\/v2\/comments?post=93557"}],"version-history":[{"count":0,"href":"https:\/\/www.europesays.com\/no\/wp-json\/wp\/v2\/posts\/93557\/revisions"}],"wp:featuredmedia":[{"embeddable":true,"href":"https:\/\/www.europesays.com\/no\/wp-json\/wp\/v2\/media\/93558"}],"wp:attachment":[{"href":"https:\/\/www.europesays.com\/no\/wp-json\/wp\/v2\/media?parent=93557"}],"wp:term":[{"taxonomy":"category","embeddable":true,"href":"https:\/\/www.europesays.com\/no\/wp-json\/wp\/v2\/categories?post=93557"},{"taxonomy":"post_tag","embeddable":true,"href":"https:\/\/www.europesays.com\/no\/wp-json\/wp\/v2\/tags?post=93557"}],"curies":[{"name":"wp","href":"https:\/\/api.w.org\/{rel}","templated":true}]}}