{"id":93584,"date":"2025-11-22T09:10:15","date_gmt":"2025-11-22T09:10:15","guid":{"rendered":"https:\/\/www.europesays.com\/no\/93584\/"},"modified":"2025-11-22T09:10:15","modified_gmt":"2025-11-22T09:10:15","slug":"ulykker-farsund-bil-med-to-personer-kjorte-av-veien","status":"publish","type":"post","link":"https:\/\/www.europesays.com\/no\/93584\/","title":{"rendered":"Ulykker, Farsund | Bil med to personer kj\u00f8rte av veien"},"content":{"rendered":"\n<p>Agder politidistrikt fikk melding om trafikkulykken klokken 01:26 natt til l\u00f8rdag. Hendelsen skjedde p\u00e5 Rv43 ved Udestad.<\/p>\n<p>\u2013 Politi og ambulanse rykker ut til melding om trafikkulykke. En bil med to personer i har kj\u00f8rt ut av vei, sier operasjonsleder Ronny Aateigen Andersen.<\/p>\n<p>If\u00f8lge operasjonslederen var begge personene i bilen ved bevissthet.<\/p>\n<p>Litt senere opplyser politiet at n\u00f8detatene er p\u00e5 stedet og at personene unders\u00f8kes av ambulanse. <\/p>\n","protected":false},"excerpt":{"rendered":"Agder politidistrikt fikk melding om trafikkulykken klokken 01:26 natt til l\u00f8rdag. Hendelsen skjedde p\u00e5 Rv43 ved Udestad. \u2013&hellip;\n","protected":false},"author":2,"featured_media":7879,"comment_status":"","ping_status":"","sticky":false,"template":"","format":"standard","meta":{"footnotes":""},"categories":[10],"tags":[36,20,21,5878,24,25,15,22,23,13,30,28,29,14,16,1510,26,27,224,1204],"class_list":{"0":"post-93584","1":"post","2":"type-post","3":"status-publish","4":"format-standard","5":"has-post-thumbnail","7":"category-norge","8":"tag-art","9":"tag-breaking-news","10":"tag-breakingnews","11":"tag-farsund","12":"tag-featured-news","13":"tag-featurednews","14":"tag-headlines","15":"tag-latest-news","16":"tag-latestnews","17":"tag-news","18":"tag-no","19":"tag-norge","20":"tag-norway","21":"tag-nyheter","22":"tag-overskrifter","23":"tag-story","24":"tag-top-stories","25":"tag-topstories","26":"tag-trafikk","27":"tag-ulykker"},"share_on_mastodon":{"url":"https:\/\/pubeurope.com\/@no\/115592575548545961","error":""},"_links":{"self":[{"href":"https:\/\/www.europesays.com\/no\/wp-json\/wp\/v2\/posts\/93584","targetHints":{"allow":["GET"]}}],"collection":[{"href":"https:\/\/www.europesays.com\/no\/wp-json\/wp\/v2\/posts"}],"about":[{"href":"https:\/\/www.europesays.com\/no\/wp-json\/wp\/v2\/types\/post"}],"author":[{"embeddable":true,"href":"https:\/\/www.europesays.com\/no\/wp-json\/wp\/v2\/users\/2"}],"replies":[{"embeddable":true,"href":"https:\/\/www.europesays.com\/no\/wp-json\/wp\/v2\/comments?post=93584"}],"version-history":[{"count":0,"href":"https:\/\/www.europesays.com\/no\/wp-json\/wp\/v2\/posts\/93584\/revisions"}],"wp:featuredmedia":[{"embeddable":true,"href":"https:\/\/www.europesays.com\/no\/wp-json\/wp\/v2\/media\/7879"}],"wp:attachment":[{"href":"https:\/\/www.europesays.com\/no\/wp-json\/wp\/v2\/media?parent=93584"}],"wp:term":[{"taxonomy":"category","embeddable":true,"href":"https:\/\/www.europesays.com\/no\/wp-json\/wp\/v2\/categories?post=93584"},{"taxonomy":"post_tag","embeddable":true,"href":"https:\/\/www.europesays.com\/no\/wp-json\/wp\/v2\/tags?post=93584"}],"curies":[{"name":"wp","href":"https:\/\/api.w.org\/{rel}","templated":true}]}}