{"id":93605,"date":"2025-11-22T09:27:28","date_gmt":"2025-11-22T09:27:28","guid":{"rendered":"https:\/\/www.europesays.com\/no\/93605\/"},"modified":"2025-11-22T09:27:28","modified_gmt":"2025-11-22T09:27:28","slug":"nyhet-verdensbro-halden-musikk-med-28-millioner-avspillinger","status":"publish","type":"post","link":"https:\/\/www.europesays.com\/no\/93605\/","title":{"rendered":"Nyhet, Verdensbro | Halden-musikk med 28 millioner avspillinger"},"content":{"rendered":"\n<p>Nye tall, fra distribut\u00f8ren Indigoboom, viser at Fargespill \u00d8stfolds musikkutgivelser er spilt over 28 millioner ganger!<\/p>\n<p>Dette da p\u00e5 digitale plattformer de siste to \u00e5rene, med TikTok og Meta som de st\u00f8rste driverne.<\/p>\n<p>Fargespill \u00d8stfold er et prosjekt som drives av den ideelle kulturorganisasjonen Verdensbro, og all musikken er samlet inn gjennom m\u00f8ter med barn og ungdom som deltar i prosjektet i Halden. De deler sanger, melodier og rytmer fra sine ulike kultur- og spr\u00e5kbakgrunner, f\u00f8r materialet bearbeides og arrangeres av komponist og arrang\u00f8r Ove Billington.<\/p>\n<p>Musikken er spilt inn live i Brygga Kultursal, og produsert og mikset av Haldens legendariske musikkprodusent Kai Andersen, i samarbeid med Dina Billington og Ove Billington. Musikken fremf\u00f8res av Fargespill \u00d8stfold og Det Norske Bl\u00e5seensemble, et samarbeid som gir innspillingene et s\u00e6rpreget og kraftfullt uttrykk.<\/p>\n<p>   <img decoding=\"async\" width=\"4500\" height=\"3000\" fetchpriority=\"low\"  loading=\"lazy\"  src=\"https:\/\/www.europesays.com\/no\/wp-content\/uploads\/2025\/11\/VEBR+Omvisning+og+styret+-+2.jpg\" alt=\"\" class=\"brick-c-cFOWSL\" style=\"--brick-image-ratio: 4500 \/ 3000;\"\/><\/p>\n<p>      Dina og Ove Billington, Verdensbro.<br \/>\n      Foto: Johannes Granseth\n    <\/p>\n<p>Utgivelsene omfatter albumene V\u00e5r Verden (2020) og Colors (2025), begge tilgjengelige p\u00e5 alle str\u00f8mmetjenester.<\/p>\n<p>\u2013 At lokal musikk skapt av barn og ungdom i Halden kan n\u00e5 ut til s\u00e5 mange over hele verden, viser kraften i mangfold, fellesskap og kunstnerisk kvalitet, sier kunstnerisk leder i Verdensbro, Dina Billington.<\/p>\n<p>Tallene viser at Fargespill \u00d8stfolds musikk ikke bare har f\u00e5tt fotfeste i Norge, men ogs\u00e5 spres globalt:<\/p>\n<p>De st\u00f8rste lyttermassene kommer fra Tanzania, Italia, Kenya, Saudi-Arabia og USA, i tillegg til et betydelig publikum i Norge.<\/p>\n<p>En av l\u00e5tene alene er brukt i over 9 000 TikTok-videoer, med 24 millioner avspillinger bare p\u00e5 denne plattformen.<\/p>\n<p>Verdensbro h\u00e5per at den internasjonale responsen kan bidra til \u00f8kt forst\u00e5else for betydningen av lokale og regionale inkluderende kulturprosjekter.<\/p>\n<p>\u2013 Dette er barn og ungdom fra Halden som deler musikken sin med verden. At det n\u00e5r s\u00e5 langt, viser hvorfor denne typen prosjekter er viktige b\u00e5de lokalt, regionalt og nasjonalt, sier Billington.<\/p>\n","protected":false},"excerpt":{"rendered":"Nye tall, fra distribut\u00f8ren Indigoboom, viser at Fargespill \u00d8stfolds musikkutgivelser er spilt over 28 millioner ganger! Dette da&hellip;\n","protected":false},"author":2,"featured_media":93606,"comment_status":"","ping_status":"","sticky":false,"template":"","format":"standard","meta":{"footnotes":""},"categories":[58],"tags":[36,71,12155,30,28,29,447,1510,72,12154],"class_list":{"0":"post-93605","1":"post","2":"type-post","3":"status-publish","4":"format-standard","5":"has-post-thumbnail","7":"category-underholdning","8":"tag-art","9":"tag-entertainment","10":"tag-fargespill","11":"tag-no","12":"tag-norge","13":"tag-norway","14":"tag-nyhet","15":"tag-story","16":"tag-underholdning","17":"tag-verdensbro"},"share_on_mastodon":{"url":"https:\/\/pubeurope.com\/@no\/115592642161622285","error":""},"_links":{"self":[{"href":"https:\/\/www.europesays.com\/no\/wp-json\/wp\/v2\/posts\/93605","targetHints":{"allow":["GET"]}}],"collection":[{"href":"https:\/\/www.europesays.com\/no\/wp-json\/wp\/v2\/posts"}],"about":[{"href":"https:\/\/www.europesays.com\/no\/wp-json\/wp\/v2\/types\/post"}],"author":[{"embeddable":true,"href":"https:\/\/www.europesays.com\/no\/wp-json\/wp\/v2\/users\/2"}],"replies":[{"embeddable":true,"href":"https:\/\/www.europesays.com\/no\/wp-json\/wp\/v2\/comments?post=93605"}],"version-history":[{"count":0,"href":"https:\/\/www.europesays.com\/no\/wp-json\/wp\/v2\/posts\/93605\/revisions"}],"wp:featuredmedia":[{"embeddable":true,"href":"https:\/\/www.europesays.com\/no\/wp-json\/wp\/v2\/media\/93606"}],"wp:attachment":[{"href":"https:\/\/www.europesays.com\/no\/wp-json\/wp\/v2\/media?parent=93605"}],"wp:term":[{"taxonomy":"category","embeddable":true,"href":"https:\/\/www.europesays.com\/no\/wp-json\/wp\/v2\/categories?post=93605"},{"taxonomy":"post_tag","embeddable":true,"href":"https:\/\/www.europesays.com\/no\/wp-json\/wp\/v2\/tags?post=93605"}],"curies":[{"name":"wp","href":"https:\/\/api.w.org\/{rel}","templated":true}]}}