{"id":93612,"date":"2025-11-22T09:37:10","date_gmt":"2025-11-22T09:37:10","guid":{"rendered":"https:\/\/www.europesays.com\/no\/93612\/"},"modified":"2025-11-22T09:37:10","modified_gmt":"2025-11-22T09:37:10","slug":"alvorlig-buss-ulykke-i-sverige","status":"publish","type":"post","link":"https:\/\/www.europesays.com\/no\/93612\/","title":{"rendered":"Alvorlig buss-ulykke i Sverige"},"content":{"rendered":"\n<p class=\"_lead_o9xde_2 _lead_xtcu6_50 layout-component text-serif-m layout-normal text-serif-l layout-component layout-wide layout-padded _wide_17hqh_1 layout-padded\">En buss med 65 passasjerer har veltet og ligger utenfor veien p\u00e5 E45 i Sverige.<\/p>\n<p><img alt=\"\" class=\"_image_qp4xg_65 layout-component layout-wide\" data-fullscreen- data-track-element-type=\"Article image fullscreen\" data-track-name=\"ImageFullscreen\" fetchpriority=\"high\" decoding=\"sync\" loading=\"eager\" height=\"768\" itemprop=\"image\"  src=\"https:\/\/www.europesays.com\/no\/wp-content\/uploads\/2025\/11\/d6aa04d5-8937-4ca6-80b4-6f4d4ac6b30b\"  style=\"object-position:0% 0%\" width=\"986\"\/><\/p>\n<ul aria-hidden=\"true\" class=\"_images_18f0k_111\">\n<li><a class=\"_link_18f0k_116\" href=\"https:\/\/www.vg.no\/forfatter\/goeran-bohlin-2\" style=\"z-index:1\" title=\"G\u00f8ran Bohlin\" rel=\"nofollow noopener\" target=\"_blank\"><img alt=\"Bilde av G\u00f8ran Bohlin\" class=\"_image_18f0k_93\" fetchpriority=\"low\" loading=\"lazy\" decoding=\"async\" itemprop=\"image\"  src=\"https:\/\/www.europesays.com\/no\/wp-content\/uploads\/2025\/11\/1763804230_909_b5d71325-cc19-4421-8838-7c2f8ec2f754\"  width=\"480\"\/><\/a><\/li>\n<\/ul>\n<p> Oppdatert l\u00f8rdag 22. november kl. 10:30    <\/p>\n<ul class=\"_list_o9xde_3 _list_64s2r_85 _unordered_o9xde_106 text-sans-m\">\n<li class=\"_item_o9xde_30\">En buss med 65 passasjerer har veltet p\u00e5 E45 i Sverige.<\/li>\n<li class=\"_item_o9xde_30\">Minst \u00e9n person sitter fastklemt i bussen, sannsynligvis flere.<\/li>\n<li class=\"_item_o9xde_30\">Seks ambulanser og et ambulansehelikopter er n\u00e5 p\u00e5 ulykkesstedet.<\/li>\n<\/ul>\n<p>Vis mer <\/p>\n<p class=\"_paragraph_o9xde_4 _paragraph_xtcu6_10 layout-component text-serif-m layout-normal text-serif-m layout-padded\">I f\u00f8lge Aftonbladet sitter minst en person fastklemt i bussen. To personer er sendt til sykehus. <\/p>\n<p class=\"_paragraph_o9xde_4 _paragraph_xtcu6_10 layout-component text-serif-m layout-normal text-serif-m layout-padded\">\u2013 Det er sansynligvis flere personer som er fastklemt, det er en alvorlig ulykke med mange personer involvert, sier Christer Stefansson operasjonsleder i redningstjenesten til Aftonbladet. <\/p>\n<p class=\"_paragraph_o9xde_4 _paragraph_xtcu6_10 layout-component text-serif-m layout-normal text-serif-m layout-padded\">Ulykken har skjedd p\u00e5 E45 s\u00f8r for byen Storuman midt i <a href=\"https:\/\/www.vg.no\/tag\/sverige?utm_source=vg-article&amp;utm_medium=auto-tagger&amp;utm_campaign=BxVGae\" class=\"_link_o9xde_39\" rel=\"nofollow noopener\" target=\"_blank\">Sverige<\/a>, og veien er n\u00e5 helt stengt. &#8211; Det kommer den til \u00e5 v\u00e6re i lang tid, sier Stefansson. <\/p>\n<p class=\"_paragraph_o9xde_4 _paragraph_xtcu6_10 layout-component text-serif-m layout-normal text-serif-m layout-padded\">Bussen skal ha hatt en hastighet p\u00e5 90 kilometer da ulykken skjedde og var helt full. <\/p>\n<p class=\"_paragraph_o9xde_4 _paragraph_xtcu6_10 layout-component text-serif-m layout-normal text-serif-m layout-padded\">\u2013 Seks ambulanser og flere ambulansehelikoptere er n\u00e5 p\u00e5 ulykkesstedet oppslyser Elin Andersen, pressetalsperson i politiet. <\/p>\n<p class=\"_paragraph_o9xde_4 _paragraph_xtcu6_10 layout-component text-serif-m layout-normal text-serif-m layout-padded\">Politiet ble varslet om ulykken 08.44 l\u00f8rdag morgen. <\/p>\n<p class=\"_paragraph_o9xde_4 _paragraph_xtcu6_10 layout-component text-serif-m layout-normal text-serif-m layout-padded\">Lycksele sykehus har kriseberedskap, melder Region V\u00e4sterbotten.<\/p>\n<p>Aktiver kart<\/p>\n","protected":false},"excerpt":{"rendered":"En buss med 65 passasjerer har veltet og ligger utenfor veien p\u00e5 E45 i Sverige. Oppdatert l\u00f8rdag 22.&hellip;\n","protected":false},"author":2,"featured_media":93613,"comment_status":"","ping_status":"","sticky":false,"template":"","format":"standard","meta":{"footnotes":""},"categories":[12],"tags":[20,21,24,25,15,22,23,13,30,28,29,14,16,1359,26,27,51,42,43,44,45],"class_list":{"0":"post-93612","1":"post","2":"type-post","3":"status-publish","4":"format-standard","5":"has-post-thumbnail","7":"category-verden","8":"tag-breaking-news","9":"tag-breakingnews","10":"tag-featured-news","11":"tag-featurednews","12":"tag-headlines","13":"tag-latest-news","14":"tag-latestnews","15":"tag-news","16":"tag-no","17":"tag-norge","18":"tag-norway","19":"tag-nyheter","20":"tag-overskrifter","21":"tag-sverige","22":"tag-top-stories","23":"tag-topstories","24":"tag-ulykke","25":"tag-verden","26":"tag-world","27":"tag-world-news","28":"tag-worldnews"},"share_on_mastodon":{"url":"https:\/\/pubeurope.com\/@no\/115592681697972559","error":""},"_links":{"self":[{"href":"https:\/\/www.europesays.com\/no\/wp-json\/wp\/v2\/posts\/93612","targetHints":{"allow":["GET"]}}],"collection":[{"href":"https:\/\/www.europesays.com\/no\/wp-json\/wp\/v2\/posts"}],"about":[{"href":"https:\/\/www.europesays.com\/no\/wp-json\/wp\/v2\/types\/post"}],"author":[{"embeddable":true,"href":"https:\/\/www.europesays.com\/no\/wp-json\/wp\/v2\/users\/2"}],"replies":[{"embeddable":true,"href":"https:\/\/www.europesays.com\/no\/wp-json\/wp\/v2\/comments?post=93612"}],"version-history":[{"count":0,"href":"https:\/\/www.europesays.com\/no\/wp-json\/wp\/v2\/posts\/93612\/revisions"}],"wp:featuredmedia":[{"embeddable":true,"href":"https:\/\/www.europesays.com\/no\/wp-json\/wp\/v2\/media\/93613"}],"wp:attachment":[{"href":"https:\/\/www.europesays.com\/no\/wp-json\/wp\/v2\/media?parent=93612"}],"wp:term":[{"taxonomy":"category","embeddable":true,"href":"https:\/\/www.europesays.com\/no\/wp-json\/wp\/v2\/categories?post=93612"},{"taxonomy":"post_tag","embeddable":true,"href":"https:\/\/www.europesays.com\/no\/wp-json\/wp\/v2\/tags?post=93612"}],"curies":[{"name":"wp","href":"https:\/\/api.w.org\/{rel}","templated":true}]}}