{"id":93614,"date":"2025-11-22T09:38:11","date_gmt":"2025-11-22T09:38:11","guid":{"rendered":"https:\/\/www.europesays.com\/no\/93614\/"},"modified":"2025-11-22T09:38:11","modified_gmt":"2025-11-22T09:38:11","slug":"steinkjer-trafikk-frontkollisjon-mellom-lastebil-og-personbil-pa-e6","status":"publish","type":"post","link":"https:\/\/www.europesays.com\/no\/93614\/","title":{"rendered":"Steinkjer, Trafikk | Frontkollisjon mellom lastebil og personbil p\u00e5 E6"},"content":{"rendered":"\n<p><b>STEINKJER:<\/b> En lastebil og personbil frontkolliderte p\u00e5 E6 Rygg i \u00d8vre Kvam i Steinkjer l\u00f8rdag.<\/p>\n<p>Politiet meldte om ulykken klokka 9.18.<\/p>\n<p>Sendt med luftambulanse<\/p>\n<p>Det var tre personer involvert i m\u00f8teulykken; to i lastebilen og \u00e9n i personbilen. De to i lastebilen er fysisk uskadd, mens f\u00f8reren av personbilen er fraktet med luftambulanse til sykehus. Vedkommende klaget p\u00e5 smerter i ryggen.<\/p>\n<p>\u2013 Det er snakk om E6 og 80-sone, da blir det gjerne h\u00f8y energi. Vedkommende var bevisst, men blir tatt med til sykehus for unders\u00f8kelse, sier politiets innsatsleder Terje Bol\u00e5s.<\/p>\n<p>F\u00f8reren ble kj\u00f8rt i ambulanse til Kvam, hvor luftambulansen ventet.<\/p>\n<p>Det er for tidlig \u00e5 si noe om \u00e5rsaken til ulykken, men det er sv\u00e6rt krevende kj\u00f8reforhold p\u00e5 stedet.<\/p>\n<p>\u2013 Vi kj\u00f8rte selv opp hit fra Steinkjer, og det var vanskelige forhold. Det var b\u00e5de slafs og delvis is i vegbanen, sier Bol\u00e5s.<\/p>\n<p>   <img decoding=\"async\" width=\"4032\" height=\"3024\" fetchpriority=\"low\"  loading=\"lazy\"  src=\"https:\/\/www.europesays.com\/no\/wp-content\/uploads\/2025\/11\/1763804291_802_photo+%2810%29.jpg\" alt=\"\" class=\"brick-c-cFOWSL\" style=\"--brick-image-ratio: 4032 \/ 3024;\"\/><\/p>\n<p>      KREVENDE: Det er vanskelige kj\u00f8reforhold p\u00e5 stedet, bekrefter politiets innsatsleder Terje Bol\u00e5s.<br \/>\n      Foto: Oskar Manka\n    <\/p>\n<p>  E6 sperret \u2013 lange k\u00f8er<\/p>\n<p>Lastebilen st\u00e5r midt i vegen etter ulykken. Den er fors\u00f8kt flyttet, men det lar seg ikke gj\u00f8re. Man m\u00e5 dermed vente p\u00e5 tungbilberger f\u00f8r E6 blir gjen\u00e5pnet.<\/p>\n<p>\u2013 Det er vanskelig \u00e5 si noe tidspunkt. Det tar dessverre den tida det tar. Vi m\u00e5 vente p\u00e5 berger, sier innsatsleder Bol\u00e5s.<\/p>\n<p>Tr\u00f8nder-Avisas reporter p\u00e5 stedet melder om sv\u00e6rt lange k\u00f8er som f\u00f8lge av ulykken.<\/p>\n<p>Saken oppdateres.<\/p>\n","protected":false},"excerpt":{"rendered":"STEINKJER: En lastebil og personbil frontkolliderte p\u00e5 E6 Rygg i \u00d8vre Kvam i Steinkjer l\u00f8rdag. Politiet meldte om&hellip;\n","protected":false},"author":2,"featured_media":93615,"comment_status":"","ping_status":"","sticky":false,"template":"","format":"standard","meta":{"footnotes":""},"categories":[10],"tags":[1021,36,20,21,24,25,15,22,23,13,30,28,29,14,16,984,1510,26,27,224,941],"class_list":{"0":"post-93614","1":"post","2":"type-post","3":"status-publish","4":"format-standard","5":"has-post-thumbnail","7":"category-norge","8":"tag-ta-sa","9":"tag-art","10":"tag-breaking-news","11":"tag-breakingnews","12":"tag-featured-news","13":"tag-featurednews","14":"tag-headlines","15":"tag-latest-news","16":"tag-latestnews","17":"tag-news","18":"tag-no","19":"tag-norge","20":"tag-norway","21":"tag-nyheter","22":"tag-overskrifter","23":"tag-steinkjer","24":"tag-story","25":"tag-top-stories","26":"tag-topstories","27":"tag-trafikk","28":"tag-ulykker-og-hendelser"},"share_on_mastodon":{"url":"https:\/\/pubeurope.com\/@no\/115592685436975964","error":""},"_links":{"self":[{"href":"https:\/\/www.europesays.com\/no\/wp-json\/wp\/v2\/posts\/93614","targetHints":{"allow":["GET"]}}],"collection":[{"href":"https:\/\/www.europesays.com\/no\/wp-json\/wp\/v2\/posts"}],"about":[{"href":"https:\/\/www.europesays.com\/no\/wp-json\/wp\/v2\/types\/post"}],"author":[{"embeddable":true,"href":"https:\/\/www.europesays.com\/no\/wp-json\/wp\/v2\/users\/2"}],"replies":[{"embeddable":true,"href":"https:\/\/www.europesays.com\/no\/wp-json\/wp\/v2\/comments?post=93614"}],"version-history":[{"count":0,"href":"https:\/\/www.europesays.com\/no\/wp-json\/wp\/v2\/posts\/93614\/revisions"}],"wp:featuredmedia":[{"embeddable":true,"href":"https:\/\/www.europesays.com\/no\/wp-json\/wp\/v2\/media\/93615"}],"wp:attachment":[{"href":"https:\/\/www.europesays.com\/no\/wp-json\/wp\/v2\/media?parent=93614"}],"wp:term":[{"taxonomy":"category","embeddable":true,"href":"https:\/\/www.europesays.com\/no\/wp-json\/wp\/v2\/categories?post=93614"},{"taxonomy":"post_tag","embeddable":true,"href":"https:\/\/www.europesays.com\/no\/wp-json\/wp\/v2\/tags?post=93614"}],"curies":[{"name":"wp","href":"https:\/\/api.w.org\/{rel}","templated":true}]}}