{"id":93616,"date":"2025-11-22T09:40:11","date_gmt":"2025-11-22T09:40:11","guid":{"rendered":"https:\/\/www.europesays.com\/no\/93616\/"},"modified":"2025-11-22T09:40:11","modified_gmt":"2025-11-22T09:40:11","slug":"jeg-er-ikke-i-naerheten-2","status":"publish","type":"post","link":"https:\/\/www.europesays.com\/no\/93616\/","title":{"rendered":"\u2013 Jeg er ikke i n\u00e6rheten"},"content":{"rendered":"\n<p class=\"_lead_o9xde_2 _lead_xtcu6_50 layout-component text-serif-m layout-normal text-serif-l layout-component layout-wide layout-padded _wide_17hqh_1 layout-padded\">Sindre Walle Egeli (19) har scoret flere m\u00e5l for Norges ungdomslandslag enn Erling Braut  Haaland (25) noensinne gjorde.<\/p>\n<p><img alt=\"Sindre Walle Egeli (h\u00f8yre), her under en landskamp for U21-landslaget tidligere i \u00e5r. Foto: MARIUS SIMENSEN \/ Bildbyr\u00e5n\" class=\"_image_qp4xg_65 layout-component layout-wide\" data-fullscreen- data-track-element-type=\"Article image fullscreen\" data-track-name=\"ImageFullscreen\" fetchpriority=\"high\" decoding=\"sync\" loading=\"eager\" height=\"4158\" itemprop=\"image\"  src=\"https:\/\/www.europesays.com\/no\/wp-content\/uploads\/2025\/11\/38e961fe-cae0-4ea1-9228-c22e859e7062\"  style=\"object-position:0% 0%\" width=\"6237\"\/>Sindre Walle Egeli (h\u00f8yre), her under en landskamp for U21-landslaget tidligere i \u00e5r. Foto: MARIUS SIMENSEN \/ Bildbyr\u00e5n<\/p>\n<ul aria-hidden=\"true\" class=\"_images_18f0k_111\">\n<li><a class=\"_link_18f0k_116\" href=\"https:\/\/www.vg.no\/forfatter\/mikal-aaserud\" style=\"z-index:1\" title=\"Mikal Emil Aaserud\" rel=\"nofollow noopener\" target=\"_blank\"><img alt=\"Bilde av Mikal Emil Aaserud\" class=\"_image_18f0k_93\" fetchpriority=\"low\" loading=\"lazy\" decoding=\"async\" itemprop=\"image\"  src=\"https:\/\/www.europesays.com\/no\/wp-content\/uploads\/2025\/11\/1763804411_699_1f4bb18c-b7b1-46ba-9b49-79ae6afd7bbd\"  width=\"480\"\/><\/a><\/li>\n<\/ul>\n<p> Oppdatert l\u00f8rdag 22. november kl. 10:08    <\/p>\n<ul class=\"_list_o9xde_3 _list_64s2r_85 _unordered_o9xde_106 text-sans-m\">\n<li class=\"_item_o9xde_30\">Sindre Walle Egeli (19) har flere m\u00e5l for Norges ungdomslandslag enn Erling Braut Haaland.<\/li>\n<li class=\"_item_o9xde_30\">Walle Egeli spiller for Ipswich og scoret nylig det avgj\u00f8rende m\u00e5let for Norge U21 mot Bosnia-Hercegovina.<\/li>\n<li class=\"_item_o9xde_30\">19-\u00e5ringen ble solgt til Ipswich for en rekordsum p\u00e5 17,5 millioner pund.<\/li>\n<li class=\"_item_o9xde_30\">Walle Egeli dr\u00f8mmer om en plass p\u00e5 landslaget til VM 2026.<\/li>\n<\/ul>\n<p>Vis mer <\/p>\n<p class=\"_paragraph_o9xde_4 _paragraph_xtcu6_10 layout-component text-serif-m layout-normal text-serif-m layout-padded\">Den 19 \u00e5r gamle angriperen som i dag spiller i IpswichIpswichIpswich ligger i dag p\u00e5 en syvendeplass i Championship, som er niv\u00e5 to i England., kom nylig tilbake til England etter \u00e5 ha scoret det avgj\u00f8rende m\u00e5let for Norge U21 mot Bosnia-Hercegovina.<\/p>\n<p class=\"_paragraph_o9xde_4 _paragraph_xtcu6_10 layout-component text-serif-m layout-normal text-serif-m layout-padded\">Han har m\u00e5lrekorden p\u00e5 norske aldersbestemte landslag og m\u00e5 i et intervju med <a href=\"https:\/\/www.theguardian.com\/football\/2025\/nov\/21\/sindre-walle-egeli-ipswich-norway-haaland-interview\" class=\"_link_o9xde_39\" rel=\"nofollow noopener\" target=\"_blank\">The Guardian <\/a>t\u00e5le sammenligningen med Haaland.<\/p>\n<p class=\"_paragraph_o9xde_4 _paragraph_xtcu6_10 layout-component text-serif-m layout-normal text-serif-m layout-padded\">\u2013 Det er lett \u00e5 sammenligne n\u00e5r du scorer m\u00e5l, men jeg er ikke i n\u00e6rheten av \u00e5 v\u00e6re samme spiller som ham. Det er hyggelig \u00e5 h\u00f8re fordi han er verdens beste spiller n\u00e5, men jeg ville ikke sammenlignet oss. Jeg har ikke noe imot det, men jeg ville aldri tenkt \u00abjeg er bedre enn Haaland\u00bb. Han er en klasseavslutter og det er mye jeg kan l\u00e6re av ham, sier Walle Egeli til avisen.<\/p>\n<p>Landslag og m\u00e5l:Sindre Walle Egeli: <\/p>\n<p class=\"_paragraph_o9xde_4 _paragraph_xtcu6_10 _paragraph_16v91_10 layout-component text-serif-m layout-normal text-sans-m layout-padded\" itemprop=\"text\">Har if\u00f8lge <a href=\"https:\/\/www.fotball.no\/fotballdata\/person\/profil\/?fiksId=3195358&amp;underside=statistikk\" class=\"_link_o9xde_39\" rel=\"nofollow noopener\" target=\"_blank\">fotball.no<\/a> spilt 45 aldersbestemte landskamper og scoret 37 m\u00e5l.<\/p>\n<p class=\"_paragraph_o9xde_4 _paragraph_xtcu6_10 _paragraph_16v91_10 layout-component text-serif-m layout-normal text-sans-m layout-padded\" itemprop=\"text\">Egeli har spilt en A-landskamp.<\/p>\n<p>Erling Braut Haaland:<\/p>\n<p class=\"_paragraph_o9xde_4 _paragraph_xtcu6_10 _paragraph_16v91_10 layout-component text-serif-m layout-normal text-sans-m layout-padded\" itemprop=\"text\">Har if\u00f8lge <a href=\"https:\/\/www.fotball.no\/fotballdata\/person\/profil\/?fiksId=3608320&amp;underside=statistikk\" class=\"_link_o9xde_39\" rel=\"nofollow noopener\" target=\"_blank\">fotball.no<\/a> spilt 46 aldersbestemte landskamper og scoret 30 m\u00e5l.<\/p>\n<p class=\"_paragraph_o9xde_4 _paragraph_xtcu6_10 _paragraph_16v91_10 layout-component text-serif-m layout-normal text-sans-m layout-padded\" itemprop=\"text\">Haaland har spilt 48 A-landskamper og scoret 55 m\u00e5l.<\/p>\n<p class=\"_paragraph_o9xde_4 _paragraph_xtcu6_10 layout-component text-serif-m layout-normal text-serif-m layout-padded\">Nordmannen ble solgt til Ipswich fra danske Nordsj\u00e6lland i august for 17,5 millioner pund \u2013 <a href=\"https:\/\/www.vg.no\/sport\/i\/Oov0Lw\/vg-erfarer-simen-walle-egeli-selges-til-ipswich-town-for-rekordsum\" data-track-element-type=\"Link\" data-track-id=\"link:Oov0Lw\" class=\"_link_o9xde_39\" rel=\"nofollow noopener\" target=\"_blank\">en rekordsum for en Championship-klubb<\/a>.<\/p>\n<p class=\"_paragraph_o9xde_4 _paragraph_xtcu6_10 layout-component text-serif-m layout-normal text-serif-m layout-padded\">Han debuterte for A-landslaget mot Kasakhstan i september i fjor, yngre enn Haaland var da han fikk sin debut.<\/p>\n<p class=\"_paragraph_o9xde_4 _paragraph_xtcu6_10 layout-component text-serif-m layout-normal text-serif-m layout-padded\">Walle Egeli scoret hattrick p\u00e5 seks minutter for Norge U17 og har v\u00e6rt en m\u00e5lmaskin gjennom hele ungdomskarrieren. Han spiller hovedsakelig p\u00e5 h\u00f8yrekanten og har en d\u00f8delig venstrefot.<\/p>\n<p class=\"_paragraph_o9xde_4 _paragraph_xtcu6_10 layout-component text-serif-m layout-normal text-serif-m layout-padded\">Ten\u00e5ringen dr\u00f8mmer om VM i 2026 og sier han er \u00abganske n\u00e6r\u00bb en plass i St\u00e5le Solbakkens landslag.<\/p>\n<p class=\"_paragraph_o9xde_4 _paragraph_xtcu6_10 layout-component text-serif-m layout-normal text-serif-m layout-padded\">\u2013 Jeg husker at jeg sa for ti \u00e5r siden at jeg ville spille i VM 2026. N\u00e5 tror jeg jeg er ganske n\u00e6r. Spiller jeg bra her, s\u00e5 er det en god sjanse, sier han.<\/p>\n","protected":false},"excerpt":{"rendered":"Sindre Walle Egeli (19) har scoret flere m\u00e5l for Norges ungdomslandslag enn Erling Braut Haaland (25) noensinne gjorde.&hellip;\n","protected":false},"author":2,"featured_media":93617,"comment_status":"","ping_status":"","sticky":false,"template":"","format":"standard","meta":{"footnotes":""},"categories":[59],"tags":[810,3163,30,28,29,3663,83,82,46],"class_list":{"0":"post-93616","1":"post","2":"type-post","3":"status-publish","4":"format-standard","5":"has-post-thumbnail","7":"category-sport","8":"tag-erling-braut-haaland","9":"tag-herrelandslaget-fotball","10":"tag-no","11":"tag-norge","12":"tag-norway","13":"tag-sindre-walle-egeli","14":"tag-sport","15":"tag-sports","16":"tag-vgai"},"share_on_mastodon":{"url":"https:\/\/pubeurope.com\/@no\/115592693435406404","error":""},"_links":{"self":[{"href":"https:\/\/www.europesays.com\/no\/wp-json\/wp\/v2\/posts\/93616","targetHints":{"allow":["GET"]}}],"collection":[{"href":"https:\/\/www.europesays.com\/no\/wp-json\/wp\/v2\/posts"}],"about":[{"href":"https:\/\/www.europesays.com\/no\/wp-json\/wp\/v2\/types\/post"}],"author":[{"embeddable":true,"href":"https:\/\/www.europesays.com\/no\/wp-json\/wp\/v2\/users\/2"}],"replies":[{"embeddable":true,"href":"https:\/\/www.europesays.com\/no\/wp-json\/wp\/v2\/comments?post=93616"}],"version-history":[{"count":0,"href":"https:\/\/www.europesays.com\/no\/wp-json\/wp\/v2\/posts\/93616\/revisions"}],"wp:featuredmedia":[{"embeddable":true,"href":"https:\/\/www.europesays.com\/no\/wp-json\/wp\/v2\/media\/93617"}],"wp:attachment":[{"href":"https:\/\/www.europesays.com\/no\/wp-json\/wp\/v2\/media?parent=93616"}],"wp:term":[{"taxonomy":"category","embeddable":true,"href":"https:\/\/www.europesays.com\/no\/wp-json\/wp\/v2\/categories?post=93616"},{"taxonomy":"post_tag","embeddable":true,"href":"https:\/\/www.europesays.com\/no\/wp-json\/wp\/v2\/tags?post=93616"}],"curies":[{"name":"wp","href":"https:\/\/api.w.org\/{rel}","templated":true}]}}