{"id":93618,"date":"2025-11-22T09:45:12","date_gmt":"2025-11-22T09:45:12","guid":{"rendered":"https:\/\/www.europesays.com\/no\/93618\/"},"modified":"2025-11-22T09:45:12","modified_gmt":"2025-11-22T09:45:12","slug":"politilogg-troms-politidistrikt-dette-skjedde-i-natt-tre-ble-anmeldt-en-fikk-omsorg","status":"publish","type":"post","link":"https:\/\/www.europesays.com\/no\/93618\/","title":{"rendered":"Politilogg, Troms politidistrikt | Dette skjedde i natt: Tre ble anmeldt, \u00e9n fikk omsorg"},"content":{"rendered":"\n<p>Klokken 00.50 melder politiet om at en av deres patruljer fattet mistanke til en mann i Troms\u00f8 sentrum. Mannen hadde g\u00e5tt inn p\u00e5 et utested og kommet rett ut. <\/p>\n<p>\u2013 Omstendigheter gjorde at patruljen fattet mistanke og tok kontakt med mannen. Han erkjente \u00e5 ha v\u00e6rt p\u00e5 utestedet og handlet narkotika. <\/p>\n<p>Politiet sikret seg narkotikaen, og mannen anmeldes. <\/p>\n<p>Klokken 02.15 melder politiet at de ble kontaktet av et utested i Troms\u00f8 sentrum. Her hadde d\u00f8rvaktene f\u00e5tt problemer med en beruset og aggressiv gjest. <\/p>\n<p>Det ble ikke bedre stemning da politiet kom, og gjesten var aggressiv ogs\u00e5 mot patruljen. Det endte i arresten. Politiet anmelder b\u00e5de for ordensforstyrrelse og for \u00e5 ha nektet \u00e5 oppgi personalia til politiet. <\/p>\n<p>Klokken 03.17 melder de om en ny booking i arresten. <\/p>\n<p>En overstadig beruset person tok selv kontakt med en patrulje, som vurderte at han ikke kunne ta vare p\u00e5 seg selv. Da han tok kontakt med politiet, ramlet han i sn\u00f8en. <\/p>\n<p>\u2013 Her vanker omsorg og tilsyn, ikke anmeldelse, melder politiet.<\/p>\n<p>Klokken 03.30 melder politiet at de har rykket ut etter melding om en utforkj\u00f8ring i M\u00e5lselv. Det var mistanke om promille, noe som ble bekreftet da f\u00f8rer bl\u00e5ste r\u00f8dt. Bilf\u00f8rere m\u00e5tte avgi blodpr\u00f8ve og blir siktet. <\/p>\n","protected":false},"excerpt":{"rendered":"Klokken 00.50 melder politiet om at en av deres patruljer fattet mistanke til en mann i Troms\u00f8 sentrum.&hellip;\n","protected":false},"author":2,"featured_media":2176,"comment_status":"","ping_status":"","sticky":false,"template":"","format":"standard","meta":{"footnotes":""},"categories":[10],"tags":[36,20,21,24,25,15,9870,22,23,13,30,28,29,14,16,987,1510,26,27,1625],"class_list":{"0":"post-93618","1":"post","2":"type-post","3":"status-publish","4":"format-standard","5":"has-post-thumbnail","7":"category-norge","8":"tag-art","9":"tag-breaking-news","10":"tag-breakingnews","11":"tag-featured-news","12":"tag-featurednews","13":"tag-headlines","14":"tag-helg","15":"tag-latest-news","16":"tag-latestnews","17":"tag-news","18":"tag-no","19":"tag-norge","20":"tag-norway","21":"tag-nyheter","22":"tag-overskrifter","23":"tag-politilogg","24":"tag-story","25":"tag-top-stories","26":"tag-topstories","27":"tag-troms-politidistrikt"},"share_on_mastodon":{"url":"https:\/\/pubeurope.com\/@no\/115592713006957008","error":""},"_links":{"self":[{"href":"https:\/\/www.europesays.com\/no\/wp-json\/wp\/v2\/posts\/93618","targetHints":{"allow":["GET"]}}],"collection":[{"href":"https:\/\/www.europesays.com\/no\/wp-json\/wp\/v2\/posts"}],"about":[{"href":"https:\/\/www.europesays.com\/no\/wp-json\/wp\/v2\/types\/post"}],"author":[{"embeddable":true,"href":"https:\/\/www.europesays.com\/no\/wp-json\/wp\/v2\/users\/2"}],"replies":[{"embeddable":true,"href":"https:\/\/www.europesays.com\/no\/wp-json\/wp\/v2\/comments?post=93618"}],"version-history":[{"count":0,"href":"https:\/\/www.europesays.com\/no\/wp-json\/wp\/v2\/posts\/93618\/revisions"}],"wp:featuredmedia":[{"embeddable":true,"href":"https:\/\/www.europesays.com\/no\/wp-json\/wp\/v2\/media\/2176"}],"wp:attachment":[{"href":"https:\/\/www.europesays.com\/no\/wp-json\/wp\/v2\/media?parent=93618"}],"wp:term":[{"taxonomy":"category","embeddable":true,"href":"https:\/\/www.europesays.com\/no\/wp-json\/wp\/v2\/categories?post=93618"},{"taxonomy":"post_tag","embeddable":true,"href":"https:\/\/www.europesays.com\/no\/wp-json\/wp\/v2\/tags?post=93618"}],"curies":[{"name":"wp","href":"https:\/\/api.w.org\/{rel}","templated":true}]}}